{"id":1025,"date":"2011-08-15T20:37:05","date_gmt":"2011-08-15T17:37:05","guid":{"rendered":"http:\/\/riisa.net\/?p=1025"},"modified":"2014-03-22T21:08:04","modified_gmt":"2014-03-22T18:08:04","slug":"kuvitus-kummipojalle","status":"publish","type":"post","link":"https:\/\/riisa.net\/index.php\/2011\/08\/15\/kuvitus-kummipojalle\/","title":{"rendered":"Kuvitus kummipojalle"},"content":{"rendered":"<p><img data-recalc-dims=\"1\" loading=\"lazy\" decoding=\"async\" class=\"aligncenter\" alt=\"\" src=\"https:\/\/i0.wp.com\/riisa.net\/wp-content\/uploads\/2011\/08\/kortti3v_aloitus.jpg?resize=392%2C196\" width=\"392\" height=\"196\" \/><\/p>\n<p>Kummipoikani t\u00e4ytt\u00e4\u00e4 t\u00e4n\u00e4\u00e4n vuosia. Kolme vuotta sitten her\u00e4sin Brysseliss\u00e4 au-pairina ollessani \u00f6isiin, ripeisiin askeliin. Tiesin, ett\u00e4 perheen h-hetki oli koittanut. Seuraavan p\u00e4iv\u00e4n iltana perheeseen oli syntynyt pieni, suloinen poikavauva. Voi niit\u00e4 aikoja, ja voi, miten nopeasti aika kuluu! Sankari on jo kolmevuotias!<\/p>\n<p>Syntt\u00e4reiden kunniaksi piti tietenkin tehd\u00e4 onnittelukortti. Sit\u00e4 koristaa t\u00e4n\u00e4 vuonna kakun ymp\u00e4rille ker\u00e4\u00e4ntynyt el\u00e4inpoppoo &#8211; pupu juhlii syntym\u00e4p\u00e4ivi\u00e4\u00e4n herkullisen porkkanakakun kera ja vieraiksi on saapunut kirahvi, jonkin sortin hanhineiti, pingviini ja k\u00e4\u00e4rme, sek\u00e4 muutama sinisirkku. Olisi tosin vissiin pit\u00e4nyt tehd\u00e4 dinosaurus-kortti, sill\u00e4 ne olisivat tiett\u00e4v\u00e4sti olleet n\u00e4in\u00e4 syntt\u00e4rein\u00e4 tosi pop. No, ehk\u00e4 kun syksyll\u00e4 aika sallii ja alan tehd\u00e4 t\u00e4m\u00e4n vuoden joulukortteja, teen my\u00f6s yhden saurusversion&#8230; ;)<\/p>\n<p><a href=\"https:\/\/i0.wp.com\/riisa.net\/wp-content\/uploads\/2011\/08\/kortti3v_netti.jpg\"><img data-recalc-dims=\"1\" loading=\"lazy\" decoding=\"async\" style=\"margin: 0px auto 10px; display: block; text-align: center; cursor: pointer;\" title=\"kortti3v_netti\" alt=\"\" src=\"https:\/\/i0.wp.com\/riisa.net\/wp-content\/uploads\/2011\/08\/kortti3v_netti.jpg?resize=392%2C552\" width=\"392\" height=\"552\" \/><\/a><\/p>\n","protected":false},"excerpt":{"rendered":"<p>Kummipoikani t\u00e4ytt\u00e4\u00e4 t\u00e4n\u00e4\u00e4n vuosia. Kolme vuotta sitten her\u00e4sin Brysseliss\u00e4 au-pairina ollessani \u00f6isiin, ripeisiin askeliin. Tiesin, ett\u00e4 perheen h-hetki oli koittanut. Seuraavan p\u00e4iv\u00e4n iltana perheeseen oli &hellip;<\/p>\n","protected":false},"author":2,"featured_media":0,"comment_status":"open","ping_status":"open","sticky":false,"template":"","format":"standard","meta":{"advanced_seo_description":"","jetpack_seo_html_title":"","jetpack_seo_noindex":false,"jetpack_post_was_ever_published":false,"_jetpack_newsletter_access":"","_jetpack_dont_email_post_to_subs":false,"_jetpack_newsletter_tier_id":0,"_jetpack_memberships_contains_paywalled_content":false,"_jetpack_memberships_contains_paid_content":false,"footnotes":""},"categories":[17,26],"tags":[],"class_list":["post-1025","post","type-post","status-publish","format-standard","hentry","category-design_ja_taide","category-kuvataide"],"jetpack_featured_media_url":"","jetpack_sharing_enabled":true,"jetpack_shortlink":"https:\/\/wp.me\/p9vavA-gx","jetpack_likes_enabled":true,"jetpack-related-posts":[{"id":1611,"url":"https:\/\/riisa.net\/index.php\/2013\/04\/02\/diy-karkkipurnukat\/","url_meta":{"origin":1025,"position":0},"title":"DIY Karkkipurnukat","author":"Riisa","date":"2.4.2013","format":false,"excerpt":"Helmikuussa tein yst\u00e4v\u00e4np\u00e4iv\u00e4n innoittamana muutamalle kaverille lahjaksi karamellipurnukat suloisissa kev\u00e4\u00e4n v\u00e4reiss\u00e4. Oli hauska askarrella oikein perusteellisesti pitk\u00e4st\u00e4 aikaa. Kaivoin esille silkkinauhavarastot ja kangaspakat, pesin kaappeihin ker\u00e4ilem\u00e4ni pastakastikepurnukat viel\u00e4 kertaalleen oikein kunnolla ja shoppailin ruokakaupan irtokarkkiosastolla hirve\u00e4n kokoiset s\u00e4kit niit\u00e4 kaikkein s\u00f6p\u00f6imm\u00e4n v\u00e4risi\u00e4 herkkuja, jotka sopisivat s\u00e4vyilt\u00e4\u00e4n tekemiini etiketteihin. Rakastan etikettej\u00e4.\u2026","rel":"","context":"Kategoriassa &quot;Askartelu &amp; K\u00e4sity\u00f6&quot;","block_context":{"text":"Askartelu &amp; K\u00e4sity\u00f6","link":"https:\/\/riisa.net\/index.php\/category\/design_ja_taide\/askartelu_ja_kasityo\/"},"img":{"alt_text":"","src":"https:\/\/i0.wp.com\/riisa.net\/wp-content\/uploads\/2013\/04\/karkkipurkit-1.jpg?resize=350%2C200","width":350,"height":200,"srcset":"https:\/\/i0.wp.com\/riisa.net\/wp-content\/uploads\/2013\/04\/karkkipurkit-1.jpg?resize=350%2C200 1x, https:\/\/i0.wp.com\/riisa.net\/wp-content\/uploads\/2013\/04\/karkkipurkit-1.jpg?resize=525%2C300 1.5x"},"classes":[]},{"id":1862,"url":"https:\/\/riisa.net\/index.php\/2013\/10\/05\/kesan-viimeiset-illat-puutarhassa\/","url_meta":{"origin":1025,"position":1},"title":"Kes\u00e4n viimeiset illat puutarhassa","author":"Riisa","date":"5.10.2013","format":false,"excerpt":"Olin koko kes\u00e4n halunnut j\u00e4rjest\u00e4\u00e4 puutarhajuhlat, joten kun elokuun loppu alkoi uhkaavasti h\u00e4\u00e4m\u00f6tt\u00e4\u00e4, oli lopulta pakko ryhty\u00e4 toimeen tai juhlat j\u00e4isiv\u00e4t pian pit\u00e4m\u00e4tt\u00e4. Oli mukavaa valmistella juhlia pikkuhiljaa, pitkin kes\u00e4\u00e4. Hankin koristeita ja kaikenmaailman tilpeh\u00f6\u00f6ri\u00e4 etuk\u00e4teen, piirtelin menu-kortteja ja photoshoppailin kutsua. Hidas suunnittelu oli omiaan, koska kuten yleens\u00e4, kyll\u00e4p\u00e4 siin\u00e4\u2026","rel":"","context":"Kategoriassa &quot;Koti &amp; Sisustus&quot;","block_context":{"text":"Koti &amp; Sisustus","link":"https:\/\/riisa.net\/index.php\/category\/sisustus_ja_tyyli\/"},"img":{"alt_text":"kes\u00e4juhlat puutarhassa","src":"https:\/\/i0.wp.com\/riisa.net\/wp-content\/uploads\/2013\/10\/puutarhajuhlat-alku-1.jpg?resize=350%2C200","width":350,"height":200,"srcset":"https:\/\/i0.wp.com\/riisa.net\/wp-content\/uploads\/2013\/10\/puutarhajuhlat-alku-1.jpg?resize=350%2C200 1x, https:\/\/i0.wp.com\/riisa.net\/wp-content\/uploads\/2013\/10\/puutarhajuhlat-alku-1.jpg?resize=525%2C300 1.5x"},"classes":[]},{"id":147,"url":"https:\/\/riisa.net\/index.php\/2008\/07\/27\/centre-belge-de-la-bande-dessinee\/","url_meta":{"origin":1025,"position":2},"title":"Centre Belge de la Bande Dessin\u00e9e","author":"Riisa","date":"27.7.2008","format":false,"excerpt":"Lauantaina oli koko p\u00e4iv\u00e4 aikaa tehd\u00e4 mit\u00e4 huvitti, joten l\u00e4hdin k\u00e4ym\u00e4\u00e4n Belgian sarjakuvataiteen keskuksessa, Centre Belge de la Bande Dessin\u00e9e:ssa. Sis\u00e4\u00e4np\u00e4\u00e4symaksu oli hirvitt\u00e4v\u00e4t 7,5 euroa aikuiselta, mik\u00e4 on aika kova p\u00e4\u00e4sylippuhinta mielest\u00e4ni museon kaltaiseen paikkaan. Kierroksen alussa oli esitelty sarjakuvan tekemist\u00e4 yleens\u00e4 - infoa, jota en kokenut kauhean tarpeelliseksi lukea,\u2026","rel":"","context":"Kategoriassa &quot;Belgia&quot;","block_context":{"text":"Belgia","link":"https:\/\/riisa.net\/index.php\/category\/matkailu\/belgia\/"},"img":{"alt_text":"","src":"https:\/\/i0.wp.com\/riisa.net\/wp-content\/uploads\/2008\/07\/sarjakuvamuseo_belgia.jpg?resize=350%2C200","width":350,"height":200,"srcset":"https:\/\/i0.wp.com\/riisa.net\/wp-content\/uploads\/2008\/07\/sarjakuvamuseo_belgia.jpg?resize=350%2C200 1x, https:\/\/i0.wp.com\/riisa.net\/wp-content\/uploads\/2008\/07\/sarjakuvamuseo_belgia.jpg?resize=525%2C300 1.5x"},"classes":[]},{"id":882,"url":"https:\/\/riisa.net\/index.php\/2011\/06\/06\/obentou-lounas-japanilaiseen-malliin\/","url_meta":{"origin":1025,"position":3},"title":"Obentou: lounas japanilaiseen malliin","author":"Riisa","date":"6.6.2011","format":false,"excerpt":"Japanissa asuessani sain p\u00e4ivitt\u00e4in katsella luokkatovereideni ihastuttavia ev\u00e4slaatikoita, obentoubakoja, ja haaveilla, ett\u00e4 joku jaksaisi tehd\u00e4 minullekin aamulla yht\u00e4 n\u00e4ytt\u00e4v\u00e4t ja terveelliset ev\u00e4\u00e4t - viel\u00e4 kotonaan asuvien kavereideni ev\u00e4\u00e4t kun teki usein heid\u00e4n \u00e4itins\u00e4. Mets\u00e4stin tuolloin japanilaista ev\u00e4slaatikkoa melkein puoli vuotta, ennen kuin lopulta tein valintani. En halunnut mit\u00e4\u00e4n liian s\u00f6p\u00f6\u00e4\u2026","rel":"","context":"Kategoriassa &quot;Obentou&quot;","block_context":{"text":"Obentou","link":"https:\/\/riisa.net\/index.php\/category\/ruoka\/obentou\/"},"img":{"alt_text":"","src":"https:\/\/i0.wp.com\/riisa.net\/wp-content\/uploads\/2011\/06\/obentou1.jpg?resize=350%2C200","width":350,"height":200,"srcset":"https:\/\/i0.wp.com\/riisa.net\/wp-content\/uploads\/2011\/06\/obentou1.jpg?resize=350%2C200 1x, https:\/\/i0.wp.com\/riisa.net\/wp-content\/uploads\/2011\/06\/obentou1.jpg?resize=525%2C300 1.5x"},"classes":[]},{"id":663,"url":"https:\/\/riisa.net\/index.php\/2011\/05\/01\/horoskooppikuvituksia-muodin-maailmasta\/","url_meta":{"origin":1025,"position":4},"title":"Horoskooppikuvituksia muodin maailmasta","author":"Riisa","date":"1.5.2011","format":false,"excerpt":"Tein viime vuoden horoskooppikuvituksia Suomen Elleen ja vuoden kuvitusurakka on nyt onnellisesti takana p\u00e4in. Aikakauslehtikuvittaminen on yksi suosikeistani ty\u00f6rintamalla, joen pesti oli minulle eritt\u00e4in mieluinen jo siit\u00e4kin syyst\u00e4. Lis\u00e4ksi rakastan erityisesti ihmisten piirt\u00e4mist\u00e4 \u2013 esimerkiksi el\u00e4imien piirt\u00e4misess\u00e4 olen viel\u00e4 aivan t\u00e4ysi susi. Asennot, eleet, ilmeet, varjot sek\u00e4 vaatteiden laskokset tuottavat\u2026","rel":"","context":"Kategoriassa &quot;Design &amp; K\u00e4sity\u00f6t&quot;","block_context":{"text":"Design &amp; K\u00e4sity\u00f6t","link":"https:\/\/riisa.net\/index.php\/category\/design_ja_taide\/"},"img":{"alt_text":"","src":"https:\/\/i0.wp.com\/riisa.net\/wp-content\/uploads\/2011\/05\/elle_oinas_stenberg.jpg?resize=350%2C200","width":350,"height":200,"srcset":"https:\/\/i0.wp.com\/riisa.net\/wp-content\/uploads\/2011\/05\/elle_oinas_stenberg.jpg?resize=350%2C200 1x, https:\/\/i0.wp.com\/riisa.net\/wp-content\/uploads\/2011\/05\/elle_oinas_stenberg.jpg?resize=525%2C300 1.5x"},"classes":[]},{"id":650,"url":"https:\/\/riisa.net\/index.php\/2011\/04\/27\/tyon-alla-tuleva-koti\/","url_meta":{"origin":1025,"position":5},"title":"Ty\u00f6n alla tuleva koti","author":"Riisa","date":"27.4.2011","format":false,"excerpt":"Tulevan kotimme sisustussuunnitelmat ovat kev\u00e4\u00e4n mittaan edenneet hyv\u00e4\u00e4 vauhtia. Kuvittelimme aluksi Eeron kanssa, ett\u00e4 sisustusmakumme ovat kovinkin erilaiset \u2013 meill\u00e4 toisella kun oli ennest\u00e4\u00e4n sininen ja toisella punainen k\u00e4mpp\u00e4. Pian k\u00e4vi kuitenkin ilmi, ett\u00e4 olemme molemmat kyll\u00e4styneet ikiaikaisiin suosikkiv\u00e4reihimme ja todelliset toiveemme unelmien kodista osuivat yll\u00e4tt\u00e4v\u00e4nkin samoihin uomiin kun vain\u2026","rel":"","context":"Kategoriassa &quot;Koti &amp; Sisustus&quot;","block_context":{"text":"Koti &amp; Sisustus","link":"https:\/\/riisa.net\/index.php\/category\/sisustus_ja_tyyli\/"},"img":{"alt_text":"","src":"https:\/\/i0.wp.com\/riisa.net\/wp-content\/uploads\/2011\/04\/uusikeittio.jpg?resize=350%2C200","width":350,"height":200,"srcset":"https:\/\/i0.wp.com\/riisa.net\/wp-content\/uploads\/2011\/04\/uusikeittio.jpg?resize=350%2C200 1x, https:\/\/i0.wp.com\/riisa.net\/wp-content\/uploads\/2011\/04\/uusikeittio.jpg?resize=525%2C300 1.5x"},"classes":[]}],"_links":{"self":[{"href":"https:\/\/riisa.net\/index.php\/wp-json\/wp\/v2\/posts\/1025","targetHints":{"allow":["GET"]}}],"collection":[{"href":"https:\/\/riisa.net\/index.php\/wp-json\/wp\/v2\/posts"}],"about":[{"href":"https:\/\/riisa.net\/index.php\/wp-json\/wp\/v2\/types\/post"}],"author":[{"embeddable":true,"href":"https:\/\/riisa.net\/index.php\/wp-json\/wp\/v2\/users\/2"}],"replies":[{"embeddable":true,"href":"https:\/\/riisa.net\/index.php\/wp-json\/wp\/v2\/comments?post=1025"}],"version-history":[{"count":9,"href":"https:\/\/riisa.net\/index.php\/wp-json\/wp\/v2\/posts\/1025\/revisions"}],"predecessor-version":[{"id":2197,"href":"https:\/\/riisa.net\/index.php\/wp-json\/wp\/v2\/posts\/1025\/revisions\/2197"}],"wp:attachment":[{"href":"https:\/\/riisa.net\/index.php\/wp-json\/wp\/v2\/media?parent=1025"}],"wp:term":[{"taxonomy":"category","embeddable":true,"href":"https:\/\/riisa.net\/index.php\/wp-json\/wp\/v2\/categories?post=1025"},{"taxonomy":"post_tag","embeddable":true,"href":"https:\/\/riisa.net\/index.php\/wp-json\/wp\/v2\/tags?post=1025"}],"curies":[{"name":"wp","href":"https:\/\/api.w.org\/{rel}","templated":true}]}}