{"id":105,"date":"2010-09-30T08:01:00","date_gmt":"2010-09-30T08:01:00","guid":{"rendered":"http:\/\/riisa.net\/?p=105"},"modified":"2014-03-22T22:25:27","modified_gmt":"2014-03-22T19:25:27","slug":"pinaatti-raejuustocannellonit","status":"publish","type":"post","link":"https:\/\/riisa.net\/index.php\/2010\/09\/30\/pinaatti-raejuustocannellonit\/","title":{"rendered":"Pinaatti-raejuusto-cannellonit"},"content":{"rendered":"<p><img data-recalc-dims=\"1\" loading=\"lazy\" decoding=\"async\" class=\"aligncenter\" alt=\"\" src=\"https:\/\/i0.wp.com\/riisa.net\/wp-content\/uploads\/2011\/04\/pinaatticannelloni.jpg?resize=392%2C261\" width=\"392\" height=\"261\" \/><\/p>\n<p>Ruokaa on tullut tehty\u00e4, vaikka &#8221;luomukset&#8221; eiv\u00e4t aina olekaan ehtineet Ruokakomeroon asti. Syy on yleens\u00e4 se, ett\u00e4 minulla ei ole ollut ty\u00f6kiireiden lomassa aikaa p\u00e4ivitell\u00e4 uusia reseptej\u00e4, niiden kuvat on j\u00e4\u00e4nyt ottamatta tai resepti unohtunut kaikessa huiskeessa. Kiireess\u00e4 olen my\u00f6s p\u00e4\u00e4asiassa tehnyt samoja vanhoja hyv\u00e4ksi havaittuja suosikkejani, jotka t\u00e4\u00e4lt\u00e4 jo kertaalleen l\u00f6ytyv\u00e4t.<\/p>\n<p>Nyt syksyn mittaan olemme poikayst\u00e4v\u00e4ni kanssa kuitenkin innostuneet kokeilemaan v\u00e4lill\u00e4 v\u00e4h\u00e4n uusia reseptej\u00e4 periaatteella, ett\u00e4 nyt tehd\u00e4\u00e4n jotain, mit\u00e4 ei ennen olla tehty. Pastan yst\u00e4v\u00e4n\u00e4 on tavallaan huvittavaa huomata, ett\u00e4 sellainen pastasortti kun cannellonit on j\u00e4\u00e4nyt autuaan unholaan ja testaamatta. Niinp\u00e4 hy\u00f6kk\u00e4simme er\u00e4\u00e4n\u00e4 iltana cannellonien kimppuun. Sopivaa t\u00e4ytett\u00e4 ei kuitenkaan tuntunut ihan ensimm\u00e4isill\u00e4 googletuksilla l\u00f6ytyv\u00e4n. Suuressa osassa oli bolognesemainen jauheliha-tomaattit\u00e4yte, ja se tuntui aivan liian tyls\u00e4lt\u00e4. Halusin joukkoon jotakin vihre\u00e4\u00e4 ja niinp\u00e4 p\u00e4\u00e4dyin soveltamaan rakastamani <a href=\"http:\/\/ruokakomero.blogspot.com\/2008\/01\/pinaatti-raejuustolasagne.html\">raejuusto-pinaattilasagnen<\/a> t\u00e4ytett\u00e4 cannellonien maustajaksi. Kokeilu onnistui yli odotusten, ja cannellonien helppouskin yll\u00e4tti esimerkiksi lasagneen verrattuna, kun ei tarvinnut valmistaa v\u00e4lill\u00e4 vaivalloistakin juustokastiketta. Ja kasvisruokailijat voivat korvata jauhelihan k\u00e4tev\u00e4sti soijarouheella. Suosittelen!<\/p>\n<p>17 kpl<\/p>\n<p>&#8211; 1 sipuli<br \/>\n&#8211; 400 g jauhelihaa<br \/>\n&#8211; 150 g pakastepinaattia<br \/>\n&#8211; 1 prk raejuustoa<br \/>\n&#8211; musta- ja valkopippuria<br \/>\n&#8211; oreganoa, basilikaa ja yrttej\u00e4 maun mukaan<br \/>\n&#8211; ripaus muskottip\u00e4hkin\u00e4\u00e4<br \/>\n&#8211; 2 tl suolaa<br \/>\n&#8211; 17 cannelloni-putkea<br \/>\n&#8211; 1\/2 dl Polar-juustoraastetta<br \/>\n&#8211; \u00f6ljy\u00e4 vuoan voitelemiseen<\/p>\n<p>Kastike:<br \/>\n&#8211; 1 prk yrttist\u00e4 tomaattimurskaa<br \/>\n&#8211; 1 dl Polar -juustoraastetta<br \/>\n&#8211; n. 1 dl ruokakermaa<\/p>\n<p>&#8211; pinnalle Polar-juustoraastetta<\/p>\n<p>1. Kuullota silputtu sipuli ja jauheliha pannulla.<br \/>\n2. Lis\u00e4\u00e4 joukkoon sulatettu pakastepinaatti ja kuumenna kunnes pinaatin neste on suurimmaksi osaksi haihtunut.<br \/>\n3. Nosta pannu levylt\u00e4 ja lis\u00e4\u00e4 joukkoon mausteet sek\u00e4 raejuusto.<br \/>\n4. Voitele uunivuoka kevyesti \u00f6ljyll\u00e4.<br \/>\n5. T\u00e4yt\u00e4 cannellonit teelusikkaa apuna k\u00e4ytt\u00e4en t\u00e4ytteell\u00e4 ja asettele makuulleen vierekk\u00e4in vuokaan.<br \/>\n6. Valmista kastike sekoittamalla tomaattimurska, kerma ja juustoraaste.<br \/>\n7. Kaada kastike cannellonien p\u00e4\u00e4lle tasaisesti niin, ett\u00e4 pastaputket peittyv\u00e4t ja ripottele pinnalle juustoraastetta.<br \/>\n8. Paista n. 220 asteessa 20-30 minuuttia.<\/p>\n<p>&nbsp;<\/p>\n","protected":false},"excerpt":{"rendered":"<p>Ruokaa on tullut tehty\u00e4, vaikka &#8221;luomukset&#8221; eiv\u00e4t aina olekaan ehtineet Ruokakomeroon asti. Syy on yleens\u00e4 se, ett\u00e4 minulla ei ole ollut ty\u00f6kiireiden lomassa aikaa p\u00e4ivitell\u00e4 &hellip;<\/p>\n","protected":false},"author":2,"featured_media":0,"comment_status":"open","ping_status":"open","sticky":false,"template":"","format":"standard","meta":{"advanced_seo_description":"","jetpack_seo_html_title":"","jetpack_seo_noindex":false,"jetpack_post_was_ever_published":false,"_jetpack_newsletter_access":"","_jetpack_dont_email_post_to_subs":false,"_jetpack_newsletter_tier_id":0,"_jetpack_memberships_contains_paywalled_content":false,"_jetpack_memberships_contains_paid_content":false,"footnotes":""},"categories":[6,15,19,77],"tags":[],"class_list":["post-105","post","type-post","status-publish","format-standard","hentry","category-paaruoat","category-reseptit","category-ruoka","category-suosikit"],"jetpack_featured_media_url":"","jetpack_sharing_enabled":true,"jetpack_shortlink":"https:\/\/wp.me\/p9vavA-1H","jetpack_likes_enabled":true,"jetpack-related-posts":[{"id":1458,"url":"https:\/\/riisa.net\/index.php\/2013\/01\/03\/uusia-jouluperinteita\/","url_meta":{"origin":105,"position":0},"title":"Uusia jouluperinteit\u00e4","author":"Riisa","date":"3.1.2013","format":false,"excerpt":"T\u00e4m\u00e4 joulu oli hieman erilainen, sill\u00e4 vietimme sit\u00e4 yst\u00e4v\u00e4porukalla t\u00e4\u00e4ll\u00e4 meill\u00e4. Kaverijoulusta oli ollut puhetta jo aiempina vuosina, mutta aiemmin kaikilla oli ollut perinteisesti menot sovittuna eik\u00e4 aika ollut ihan kyps\u00e4. T\u00e4n\u00e4 vuonna min\u00e4 ja Eero halusimme viett\u00e4\u00e4 joulua kotona, mutta kaksin oleminen tuntui jotenkin h\u00f6lm\u00f6lt\u00e4 \u2013 onhan joulu kuitenkin\u2026","rel":"","context":"Kategoriassa &quot;Ajankohtaista&quot;","block_context":{"text":"Ajankohtaista","link":"https:\/\/riisa.net\/index.php\/category\/vapaalla\/ajankohtaista\/"},"img":{"alt_text":"","src":"https:\/\/i0.wp.com\/riisa.net\/wp-content\/uploads\/2013\/01\/kaverijoulu-2013-28.jpg?resize=350%2C200","width":350,"height":200,"srcset":"https:\/\/i0.wp.com\/riisa.net\/wp-content\/uploads\/2013\/01\/kaverijoulu-2013-28.jpg?resize=350%2C200 1x, https:\/\/i0.wp.com\/riisa.net\/wp-content\/uploads\/2013\/01\/kaverijoulu-2013-28.jpg?resize=525%2C300 1.5x"},"classes":[]},{"id":1104,"url":"https:\/\/riisa.net\/index.php\/2012\/09\/05\/habitaresta-bongattu-olohuoneen-silmatera\/","url_meta":{"origin":105,"position":1},"title":"Habitaresta bongattu olohuoneen silm\u00e4ter\u00e4","author":"Riisa","date":"5.9.2012","format":false,"excerpt":"Habitare-messut j\u00e4rjestet\u00e4\u00e4n taas parin viikon p\u00e4\u00e4st\u00e4, joten onkin hauskaa, ett\u00e4 voin kertoa teille viimevuoden messujen l\u00f6yd\u00f6st\u00e4ni, joka vihdoin t\u00e4n\u00e4\u00e4n saapui meille Norjasta! Vuoden 2011 Habitare-messuilla minulla oli yksi erityinen p\u00e4\u00e4m\u00e4\u00e4r\u00e4 \u2013 ennen kaikkea olin etsim\u00e4ss\u00e4 mielenkiintoisia tuolikandidaatteja olohuoneeseemme. Nojatuolin olimme alusta saakka ajatelleet yhdeksi asuntomme t\u00e4rkeimmist\u00e4 huonekaluista s\u00e4ngyn ja sohvan\u2026","rel":"","context":"Kategoriassa &quot;Koti &amp; Sisustus&quot;","block_context":{"text":"Koti &amp; Sisustus","link":"https:\/\/riisa.net\/index.php\/category\/sisustus_ja_tyyli\/"},"img":{"alt_text":"","src":"https:\/\/i0.wp.com\/riisa.net\/wp-content\/uploads\/2012\/09\/varier-Peel-Club-aloitus.jpg?resize=350%2C200","width":350,"height":200,"srcset":"https:\/\/i0.wp.com\/riisa.net\/wp-content\/uploads\/2012\/09\/varier-Peel-Club-aloitus.jpg?resize=350%2C200 1x, https:\/\/i0.wp.com\/riisa.net\/wp-content\/uploads\/2012\/09\/varier-Peel-Club-aloitus.jpg?resize=525%2C300 1.5x"},"classes":[]},{"id":2984,"url":"https:\/\/riisa.net\/index.php\/2016\/10\/17\/inspiraatio-joka-ei-osu-kohdalleen\/","url_meta":{"origin":105,"position":2},"title":"Inspiraatio, joka ei osu kohdalleen","author":"Riisa","date":"17.10.2016","format":false,"excerpt":"Viime p\u00e4ivin\u00e4 minulla on ollut kova inspiraatio\u00a0kirjoittaa kaikenlaista. \u00a0Olen naputellut\u00a05 blogipostausluonnosta ja pohtinut uusia aiheita fiktiivisille romaaneille.\u00a0Ongelmani on, ett\u00e4 inspiraatio ei osu ihan oikeaan osoitteeseen. T\u00e4ll\u00e4 hetkell\u00e4 olisi muita\u00a0projekteja, joita olisi paljon hy\u00f6dyllisemp\u00e4\u00e4 ja ajankohtaisempaa edist\u00e4\u00e4. Prokrastinoija parhaimmillaan Lieneek\u00f6 kyseess\u00e4 taas yksi prokrastinoijan eli viivyttelij\u00e4n tapa siirt\u00e4\u00e4 my\u00f6hemm\u00e4ksi\u00a0niit\u00e4 oleellisia, k\u00e4sill\u00e4\u2026","rel":"","context":"Kategoriassa &quot;Ajankohtaista&quot;","block_context":{"text":"Ajankohtaista","link":"https:\/\/riisa.net\/index.php\/category\/vapaalla\/ajankohtaista\/"},"img":{"alt_text":"","src":"https:\/\/i0.wp.com\/riisa.net\/wp-content\/uploads\/2016\/10\/pencil-918449_1920.jpg?fit=1200%2C800&ssl=1&resize=350%2C200","width":350,"height":200,"srcset":"https:\/\/i0.wp.com\/riisa.net\/wp-content\/uploads\/2016\/10\/pencil-918449_1920.jpg?fit=1200%2C800&ssl=1&resize=350%2C200 1x, https:\/\/i0.wp.com\/riisa.net\/wp-content\/uploads\/2016\/10\/pencil-918449_1920.jpg?fit=1200%2C800&ssl=1&resize=525%2C300 1.5x, https:\/\/i0.wp.com\/riisa.net\/wp-content\/uploads\/2016\/10\/pencil-918449_1920.jpg?fit=1200%2C800&ssl=1&resize=700%2C400 2x, https:\/\/i0.wp.com\/riisa.net\/wp-content\/uploads\/2016\/10\/pencil-918449_1920.jpg?fit=1200%2C800&ssl=1&resize=1050%2C600 3x"},"classes":[]},{"id":754,"url":"https:\/\/riisa.net\/index.php\/2011\/05\/07\/vintage-henkinen-kaulakello-loytyi-vihdoin\/","url_meta":{"origin":105,"position":3},"title":"Vintage-henkinen kaulakello l\u00f6ytyi vihdoin","author":"Riisa","date":"7.5.2011","format":false,"excerpt":"Asuessani Japanissa kiertelin lukemattomia ihania putiikkeja, joissa myytiin upeita kaulaan ripustettavia korukelloja. Odotin kuitenkin aina, ett\u00e4 l\u00f6yt\u00e4isin viel\u00e4 t\u00e4ydellisemm\u00e4n yksil\u00f6n, enk\u00e4 hankkinut kelloa. Ja niinh\u00e4n siin\u00e4 sitten k\u00e4vi, ett\u00e4 kaulakello j\u00e4i kokonaan ostamatta. Niinp\u00e4 sainkin Eerolta tammikuussa syntym\u00e4p\u00e4iv\u00e4lahjaksi lupauksen, ett\u00e4 h\u00e4n hankkii minulle kaipailemani kaulakellon, kun sellainen tulee vastaan. Kun\u2026","rel":"","context":"Kategoriassa &quot;Koti &amp; Sisustus&quot;","block_context":{"text":"Koti &amp; Sisustus","link":"https:\/\/riisa.net\/index.php\/category\/sisustus_ja_tyyli\/"},"img":{"alt_text":"","src":"https:\/\/i0.wp.com\/riisa.net\/wp-content\/uploads\/2011\/05\/korukello.jpg?resize=350%2C200","width":350,"height":200,"srcset":"https:\/\/i0.wp.com\/riisa.net\/wp-content\/uploads\/2011\/05\/korukello.jpg?resize=350%2C200 1x, https:\/\/i0.wp.com\/riisa.net\/wp-content\/uploads\/2011\/05\/korukello.jpg?resize=525%2C300 1.5x"},"classes":[]},{"id":1636,"url":"https:\/\/riisa.net\/index.php\/2013\/03\/24\/uutta-sisaltoa-japani-aiheet-riisa-netin-alle\/","url_meta":{"origin":105,"position":4},"title":"Uutta sis\u00e4lt\u00f6\u00e4: Japani-aiheet Riisa.netin alle","author":"Riisa","date":"24.3.2013","format":false,"excerpt":"Riisa.net ja oikeastaan oma bloggaamiseni on kokemassa pienen renessanssin, kun Japani-aiheisen blogini Riisa no Nipponin aihepiirit siirtyv\u00e4t Riisa.netin alle. K\u00e4yt\u00e4nn\u00f6ss\u00e4 t\u00e4m\u00e4 tulee tarkoittamana sit\u00e4, ett\u00e4 Riisa.netiss\u00e4 n\u00e4hd\u00e4\u00e4n vastaisuudessa jonkin verran enemm\u00e4n Japani-aiheita, joita t\u00e4\u00e4ll\u00e4 toki on hiukan sivuttu jo t\u00e4h\u00e4nkin menness\u00e4. P\u00e4\u00e4paino n\u00e4iss\u00e4 kirjoituksissa tulee olemaan matkailulla, reissuvinkeill\u00e4 ja japanilaisella\u2026","rel":"","context":"Kategoriassa &quot;Ajankohtaista&quot;","block_context":{"text":"Ajankohtaista","link":"https:\/\/riisa.net\/index.php\/category\/vapaalla\/ajankohtaista\/"},"img":{"alt_text":"japani blogi","src":"https:\/\/i0.wp.com\/riisa.net\/wp-content\/uploads\/2013\/03\/riisanonippon-siirtyy-1.jpg?resize=350%2C200","width":350,"height":200,"srcset":"https:\/\/i0.wp.com\/riisa.net\/wp-content\/uploads\/2013\/03\/riisanonippon-siirtyy-1.jpg?resize=350%2C200 1x, https:\/\/i0.wp.com\/riisa.net\/wp-content\/uploads\/2013\/03\/riisanonippon-siirtyy-1.jpg?resize=525%2C300 1.5x"},"classes":[]},{"id":921,"url":"https:\/\/riisa.net\/index.php\/2011\/07\/01\/kun-remonttikuume-katosi\/","url_meta":{"origin":105,"position":5},"title":"Kun remonttikuume katosi","author":"Riisa","date":"1.7.2011","format":false,"excerpt":"Olen aina haaveillut siit\u00e4, ett\u00e4 viel\u00e4 joskus p\u00e4\u00e4sen maalaamaan oman kotini sein\u00e4t ja suunnittelemaan sisustuksen viimeist\u00e4 piirua my\u00f6ten mieleni mukaiseksi. Nyt kun t\u00e4m\u00e4 kaikki on k\u00e4sill\u00e4 ja toteutuksen alla, hiipii mieleen kuitenkin kenties jokaista kotiaan remontoivaa kohtaava ahdistus: Tuleeko t\u00e4st\u00e4 oikeasti muka joskus valmista? Oliko t\u00e4m\u00e4 nyt sittenk\u00e4\u00e4n niin hyv\u00e4\u2026","rel":"","context":"Kategoriassa &quot;Koti &amp; Sisustus&quot;","block_context":{"text":"Koti &amp; Sisustus","link":"https:\/\/riisa.net\/index.php\/category\/sisustus_ja_tyyli\/"},"img":{"alt_text":"","src":"https:\/\/i0.wp.com\/riisa.net\/wp-content\/uploads\/2011\/07\/remonttikauhut2.jpg?resize=350%2C200","width":350,"height":200,"srcset":"https:\/\/i0.wp.com\/riisa.net\/wp-content\/uploads\/2011\/07\/remonttikauhut2.jpg?resize=350%2C200 1x, https:\/\/i0.wp.com\/riisa.net\/wp-content\/uploads\/2011\/07\/remonttikauhut2.jpg?resize=525%2C300 1.5x"},"classes":[]}],"_links":{"self":[{"href":"https:\/\/riisa.net\/index.php\/wp-json\/wp\/v2\/posts\/105","targetHints":{"allow":["GET"]}}],"collection":[{"href":"https:\/\/riisa.net\/index.php\/wp-json\/wp\/v2\/posts"}],"about":[{"href":"https:\/\/riisa.net\/index.php\/wp-json\/wp\/v2\/types\/post"}],"author":[{"embeddable":true,"href":"https:\/\/riisa.net\/index.php\/wp-json\/wp\/v2\/users\/2"}],"replies":[{"embeddable":true,"href":"https:\/\/riisa.net\/index.php\/wp-json\/wp\/v2\/comments?post=105"}],"version-history":[{"count":8,"href":"https:\/\/riisa.net\/index.php\/wp-json\/wp\/v2\/posts\/105\/revisions"}],"predecessor-version":[{"id":2281,"href":"https:\/\/riisa.net\/index.php\/wp-json\/wp\/v2\/posts\/105\/revisions\/2281"}],"wp:attachment":[{"href":"https:\/\/riisa.net\/index.php\/wp-json\/wp\/v2\/media?parent=105"}],"wp:term":[{"taxonomy":"category","embeddable":true,"href":"https:\/\/riisa.net\/index.php\/wp-json\/wp\/v2\/categories?post=105"},{"taxonomy":"post_tag","embeddable":true,"href":"https:\/\/riisa.net\/index.php\/wp-json\/wp\/v2\/tags?post=105"}],"curies":[{"name":"wp","href":"https:\/\/api.w.org\/{rel}","templated":true}]}}