{"id":1155,"date":"2011-12-06T10:00:43","date_gmt":"2011-12-06T07:00:43","guid":{"rendered":"http:\/\/riisa.net\/?p=1155"},"modified":"2014-03-22T20:59:30","modified_gmt":"2014-03-22T17:59:30","slug":"hm-tietokonemallit-ja-taydellinen-hame","status":"publish","type":"post","link":"https:\/\/riisa.net\/index.php\/2011\/12\/06\/hm-tietokonemallit-ja-taydellinen-hame\/","title":{"rendered":"H&#038;M:n tietokonemallit \u2013 ja t\u00e4ydellinen hame!"},"content":{"rendered":"<p><img data-recalc-dims=\"1\" loading=\"lazy\" decoding=\"async\" class=\"aligncenter\" alt=\"\" src=\"https:\/\/i0.wp.com\/riisa.net\/wp-content\/uploads\/2011\/12\/hm_hame_stailaus_alku.jpg?resize=392%2C196\" width=\"392\" height=\"196\" \/><\/p>\n<p>Minun ei oikeastaan pit\u00e4nyt tehd\u00e4 yht\u00e4\u00e4n ainutta vaateostosta ennen tulevaa Japanin matkaa uutenavuotena, mutta t\u00e4n\u00e4\u00e4n k\u00e4vi jotenkin niin, ett\u00e4 eksyin pitk\u00e4st\u00e4 aikaa <a href=\"http:\/\/www.iltalehti.fi\/mallit\/2011120414875743_mp.shtml\" target=\"_blank\">H&amp;M:n tietokonemallikohun<\/a> saattelemana vaatepuodin webbisivuille. En oikein ymm\u00e4rr\u00e4, miksi t\u00e4m\u00e4 aihe on ker\u00e4nnyt niin hirvitt\u00e4v\u00e4n p\u00f6hin\u00e4n mediassa, sill\u00e4 ei kai kukaan joka on shoppaillut H&amp;M:n sivuilla, ei ole voinut v\u00e4ltty\u00e4 huomaamasta, ett\u00e4 kaikki mallit seisovat ihan samassa asennossa? Tai jos on k\u00e4ytt\u00e4nyt Hennesin sivuilta l\u00f6ytyv\u00e4\u00e4 aivan mainiota stailaussovellusta, <a href=\"http:\/\/www.hm.com\/fi\/dressingroom\/LADIES\" target=\"_blank\">&#8221;Sovitushuonetta&#8221;<\/a> ei ole voinut olla huomaamatta, ett\u00e4 mallit ovat aivan muovisen n\u00e4k\u00f6isi\u00e4? Viimeist\u00e4\u00e4n mallien ep\u00e4aitouden on huomannut kun vaihtaa sovelluksessa vaaleaverik\u00f6st\u00e4 tummaihoiseen \u2013 kroppa on sama, p\u00e4\u00e4kin on sama, naama, v\u00e4ri ja kuontalo vain vaihtuu. Ihmisen, taitavankin mallin, olisi l\u00e4hes mahdotonta seist\u00e4 t\u00e4ysin samassa asennossa kerta toisensa j\u00e4lkeen, kun h\u00e4nelle laitetaan ylleen satoja eri asuja Hennesin vaatevalikoimasta. Eip\u00e4 siis ihme, ett\u00e4 H&amp;M:ll\u00e4 ovat ajatelleet vaatteiden kuvaamisen mallinuken p\u00e4\u00e4ll\u00e4 olevan helpompi homma.<\/p>\n<p>Minusta Hennesin &#8221;Sovitushuone&#8221; -sovellus tietokone-malleineen on ehk\u00e4 parasta, mit\u00e4 netin vaateputiikeilla on asiakkaille tarjota. Sill\u00e4 se, ett\u00e4 vaatteet oikeasti toimivat sovelluksessa melkein kuin oikean mallin p\u00e4\u00e4ll\u00e4 yhdistelip\u00e4 niit\u00e4 kesken\u00e4\u00e4n melkein miten vain, on aivan mainiota sellaiselle shoppailijalle kuin min\u00e4 \u2013 sellaiselle, joka haluaa valita t\u00e4ydellisen yhdistelm\u00e4n, joka toimii monina eri variaatioina ja jonka ostosta olen aivan varma. Kun kannan vaatekoppiin kymmenett\u00e4 kertaa kahdeksan eri paidan ja housujen yhdistelm\u00e4\u00e4 normaalissa vaatekaupassa olen v\u00e4hint\u00e4\u00e4nkin hiess\u00e4 ja tavallisesti v\u00e4synyt ja tymp\u00e4\u00e4ntynyt koko shoppailuun. Minua ei saisi en\u00e4\u00e4 nyky\u00e4\u00e4n mill\u00e4\u00e4n koko p\u00e4iv\u00e4ksi kauppakeskukseen kiertelem\u00e4\u00e4n vaatekauppoja, joskin saatan kyll\u00e4 viett\u00e4\u00e4 yhdess\u00e4kin kaupassa useamman tunnin hitaan p\u00e4\u00e4t\u00f6skykyni johdosta. Mutta netiss\u00e4 kaikki onkin sitten paljon helpompaa.<\/p>\n<p>Netiss\u00e4 voin vertailla eri kauppojen valikoimaa yht\u00e4 aikaa ja yhdistell\u00e4 visuaalisesti asusteita ja vaatteita toisiinsa. Ei tarvitse tutkailla rekiss\u00e4 ep\u00e4m\u00e4\u00e4r\u00e4isen\u00e4 roikkuvaa paitaa ja kuvitella mieless\u00e4\u00e4n, milt\u00e4 se n\u00e4ytt\u00e4isi yhdess\u00e4 niiden tai n\u00e4iden housujen kanssa, menn\u00e4 sitten sovittamaan ja todeta ett\u00e4 ei toiminutkaan, hakea uuden paidan ja toistaa t\u00e4t\u00e4 x m\u00e4\u00e4r\u00e4 kertoja. Netiss\u00e4 voi parilla klikkauksella testata kymmeni\u00e4 eri yhdistelmi\u00e4 mallin p\u00e4\u00e4ll\u00e4 hetkess\u00e4. Tietenk\u00e4\u00e4n t\u00e4m\u00e4 ei ole sama, kuin ett\u00e4 sovittaisi vaatteita itse ja aina verkko-ostokset eiv\u00e4t tietenk\u00e4\u00e4n osu nappiin, mutta postimyynnist\u00e4 koko ik\u00e4ni vaatteita tilanneena se ei ole ongelma. Vaatteen voi palauttaa hyv\u00e4n tovin kotona tuumailtuaan ja useimmiten oikean koonkin valinta on suhteellisen helppoa hyvien kokotaulukoiden ansiosta.<\/p>\n<p>Ja niinp\u00e4 t\u00e4n\u00e4\u00e4n k\u00e4vi kuten edell\u00e4 kuvailin. Bongasin ihastuttavan hameen H&amp;M:n alesta. Mietin, mink\u00e4 yl\u00e4osien kanssa sit\u00e4 mahdollisesti k\u00e4ytt\u00e4isin ja testasin l\u00e4pi omaa vaatekaappiani l\u00e4hinn\u00e4 olevat vaatekappaleet \u2013 valkoisen kauluspaidan, l\u00e4j\u00e4n neuleita, niiden yhdistelmi\u00e4, toppeja, t-paitoja, sukilla ja ilman, sukkahousuilla, korkkareilla ja tennareilla. Musta hamehan nyt on oikeastaan vaatekappale, joka k\u00e4y melkein mink\u00e4 tahansa kanssa, mutta koska kyseess\u00e4 oli korkeavy\u00f6t\u00e4r\u00f6inen hame, halusin kokeilla, milt\u00e4 se mahtaisi n\u00e4ytt\u00e4\u00e4 ihan normitrikoopaitojen tai kauluspaitojen kanssa.<\/p>\n<p><a href=\"https:\/\/i0.wp.com\/riisa.net\/wp-content\/uploads\/2011\/12\/hm_hame_stailaus2.jpg\"><img data-recalc-dims=\"1\" loading=\"lazy\" decoding=\"async\" data-attachment-id=\"1157\" data-permalink=\"https:\/\/riisa.net\/index.php\/2011\/12\/06\/hm-tietokonemallit-ja-taydellinen-hame\/hm_hame_stailaus2\/\" data-orig-file=\"https:\/\/i0.wp.com\/riisa.net\/wp-content\/uploads\/2011\/12\/hm_hame_stailaus2.jpg?fit=600%2C448&amp;ssl=1\" data-orig-size=\"600,448\" data-comments-opened=\"1\" data-image-meta=\"{&quot;aperture&quot;:&quot;0&quot;,&quot;credit&quot;:&quot;&quot;,&quot;camera&quot;:&quot;&quot;,&quot;caption&quot;:&quot;&quot;,&quot;created_timestamp&quot;:&quot;0&quot;,&quot;copyright&quot;:&quot;&quot;,&quot;focal_length&quot;:&quot;0&quot;,&quot;iso&quot;:&quot;0&quot;,&quot;shutter_speed&quot;:&quot;0&quot;,&quot;title&quot;:&quot;&quot;}\" data-image-title=\"hm_hame_stailaus2\" data-image-description=\"\" data-image-caption=\"\" data-large-file=\"https:\/\/i0.wp.com\/riisa.net\/wp-content\/uploads\/2011\/12\/hm_hame_stailaus2.jpg?fit=392%2C293&amp;ssl=1\" class=\"aligncenter size-full wp-image-1157\" title=\"hm_hame_stailaus2\" alt=\"\" src=\"https:\/\/i0.wp.com\/riisa.net\/wp-content\/uploads\/2011\/12\/hm_hame_stailaus2.jpg?resize=392%2C293\" width=\"392\" height=\"293\" srcset=\"https:\/\/i0.wp.com\/riisa.net\/wp-content\/uploads\/2011\/12\/hm_hame_stailaus2.jpg?w=600&amp;ssl=1 600w, https:\/\/i0.wp.com\/riisa.net\/wp-content\/uploads\/2011\/12\/hm_hame_stailaus2.jpg?resize=300%2C224&amp;ssl=1 300w\" sizes=\"auto, (max-width: 392px) 100vw, 392px\" \/><\/a><span style=\"color: #888888;\"><em>Ihana, monik\u00e4ytt\u00f6inen tuleva (lempi?) hameeni kera erilaisten yl\u00e4osavaihtoehtojen. Huomatkaa my\u00f6s &#8221;mallin&#8221; muovis\u00e4\u00e4ret ja t\u00e4sm\u00e4llisesti toistuva asento jokaisen eri asun kera. T\u00e4m\u00e4 on sit\u00e4 tietokoneaikaa. ;)<\/em><\/span><\/p>\n<p>Loppujen lopuksi tavallisesta arkisesta hameesta tuntuu olevan jopa juhlak\u00e4ytt\u00f6\u00f6n, kunhan vain asusti mukavasti, ja kes\u00e4ll\u00e4 taas hame taipunee vaikka ihan tavallisen topin pariksi helleasuna. Joten klik klik, ja hame ostoskoriin. Ja no, sanottakoon se nettikauppojen huonoin puoli: nimitt\u00e4in, kun postimaksut yleens\u00e4 tulevat hinnan p\u00e4\u00e4lle, niin alkaa \u00e4kki\u00e4 tuntumaan, ett\u00e4 kannattaisi ihan hinnan takia ottaa viel\u00e4 jokin halpa tuote, joka saapuisi mukavasti kotiin samoilla postikuluilla. Arvatkaapa, mink\u00e4 t\u00e4m\u00e4n postauksen kuvien paidoista otin viel\u00e4 kyytipojaksi hamoselle, kun kerran postipakettiin samalla maksulla mahtui?\u00a0 :)<\/p>\n<p><span style=\"color: #888888;\">P.S. Alla olevasta linkist\u00e4 voit klikata itsesi valmiiseen tekem\u00e4\u00e4ni tyyliin H&amp;M:n &#8221;Sovitushuoneeseen&#8221; ja jatkaa paperinukkeleikkej\u00e4 haluamallasi tavalla esim. t\u00e4m\u00e4n kuolaamani maihinnousutakin ja hameen yhdistelm\u00e4n viitoittamana. Lis\u00e4\u00e4 vaikka lakki tai vaihda v\u00e4rit? Ja ihan vaan varmistukseksi sanottakoon, ett\u00e4 t\u00e4m\u00e4 postaus ei siis ole mik\u00e4\u00e4n maksettu mainos. Min\u00e4 nyt vaan satun tykk\u00e4\u00e4m\u00e4\u00e4n leikki\u00e4 tuolla ohjelmalla. X)<\/span><\/p>\n<div style=\"border: 1px solid #ebebec; width: 384px; padding: 12px; background: none repeat scroll 0% 0% #ffffff;\"><a style=\"margin: 0; padding: 0;\" href=\"http:\/\/www.hm.com\/fi\/s\/02DPP9\"><img decoding=\"async\" style=\"border: 0; margin: 0; padding: 0;\" alt=\"Uusi tyyli\" src=\"http:\/\/lp.hm.com\/hmprod?set=source[\/josh\/media\/sys_master\/looks\/9010679578654\/02NX6Q-NnT.jpg]&amp;call=url[file:\/look\/shared\/blog]\" \/><\/a><br \/>\n<a style=\"font: 12px\/1 normal Arial, sans-serif; text-align: center; color: #1a171b; text-decoration: underline; display: block; margin: 0 0 7px 0; padding: 0;\" href=\"http:\/\/www.hm.com\/fi\/s\/02DPP9\"><br \/>\nhttp:\/\/www.hm.com\/fi\/s\/02DPP9<\/a><\/div>\n<p><em><span style=\"color: #888888;\">Kuvat: H&amp;M, hm.com<\/span><\/em><\/p>\n","protected":false},"excerpt":{"rendered":"<p>Minun ei oikeastaan pit\u00e4nyt tehd\u00e4 yht\u00e4\u00e4n ainutta vaateostosta ennen tulevaa Japanin matkaa uutenavuotena, mutta t\u00e4n\u00e4\u00e4n k\u00e4vi jotenkin niin, ett\u00e4 eksyin pitk\u00e4st\u00e4 aikaa H&amp;M:n tietokonemallikohun saattelemana &hellip;<\/p>\n","protected":false},"author":2,"featured_media":0,"comment_status":"open","ping_status":"open","sticky":false,"template":"","format":"standard","meta":{"advanced_seo_description":"","jetpack_seo_html_title":"","jetpack_seo_noindex":false,"jetpack_post_was_ever_published":false,"_jetpack_newsletter_access":"","_jetpack_dont_email_post_to_subs":false,"_jetpack_newsletter_tier_id":0,"_jetpack_memberships_contains_paywalled_content":false,"_jetpack_memberships_contains_paid_content":false,"footnotes":""},"categories":[34,16,28],"tags":[],"class_list":["post-1155","post","type-post","status-publish","format-standard","hentry","category-ajankohtaista","category-sisustus_ja_tyyli","category-vaatteet_ja_asusteet"],"jetpack_featured_media_url":"","jetpack_sharing_enabled":true,"jetpack_shortlink":"https:\/\/wp.me\/p9vavA-iD","jetpack_likes_enabled":true,"jetpack-related-posts":[{"id":45,"url":"https:\/\/riisa.net\/index.php\/2008\/01\/13\/valkosuklaakuorrutteinen-mansikkajaadyke\/","url_meta":{"origin":1155,"position":0},"title":"Valkosuklaakuorrutteinen mansikkaj\u00e4\u00e4dyke","author":"Riisa","date":"13.1.2008","format":false,"excerpt":"n. 0,7 dl silikonivuoka (tai kaksi tai useampia pieni\u00e4 annossilikonivuokia)- n. 90 g valkoista suklaata- 1 rkl rypsi\u00f6ljy\u00e4- 2 dl kuohukermaa- 1 prk (250 g) maitorahkaa- 250 g mansikoita- 2 tl vaniljasokeria- n. \u00bd ps Fazerin Omar-makeisia1. Mittaa paloiteltu valkoinen suklaa ja \u00f6ljy kattilaan, ja sulata vesihauteessa. Sekoita, kun suklaa\u2026","rel":"","context":"Kategoriassa &quot;J\u00e4lkiruoat&quot;","block_context":{"text":"J\u00e4lkiruoat","link":"https:\/\/riisa.net\/index.php\/category\/ruoka\/reseptit\/jalkiruoat\/"},"img":{"alt_text":"","src":"","width":0,"height":0},"classes":[]},{"id":1113,"url":"https:\/\/riisa.net\/index.php\/2011\/09\/20\/mita-ajasta-ellessa-jai-kateen\/","url_meta":{"origin":1155,"position":1},"title":"Mit\u00e4 ajasta Elless\u00e4 j\u00e4i k\u00e4teen?","author":"Riisa","date":"20.9.2011","format":false,"excerpt":".. Ja mit\u00e4 tuokaan tuleva? Kes\u00e4n loma-aikojen ty\u00f6t Elless\u00e4 ja MissMixiss\u00e4 ovat ohi, ja edess\u00e4 on nyt aivan uudet kuviot. Muotilehden v\u00e4lill\u00e4 hektisetkin piirit vaihtuvat nyt hieman erilaisiin ympyr\u00f6ihin, vaikka eih\u00e4n se kiire tai h\u00e4sellys ole toki kaukana mist\u00e4\u00e4n aikakauslehden toimituksesta. Uusi ty\u00f6paikkani graafikkona Hyv\u00e4 Terveys -lehdess\u00e4 tuo eteen j\u00e4nnitt\u00e4vi\u00e4\u2026","rel":"","context":"Kategoriassa &quot;Ajankohtaista&quot;","block_context":{"text":"Ajankohtaista","link":"https:\/\/riisa.net\/index.php\/category\/vapaalla\/ajankohtaista\/"},"img":{"alt_text":"","src":"https:\/\/i0.wp.com\/riisa.net\/wp-content\/uploads\/2011\/09\/uusityo_kukka.jpg?resize=350%2C200","width":350,"height":200,"srcset":"https:\/\/i0.wp.com\/riisa.net\/wp-content\/uploads\/2011\/09\/uusityo_kukka.jpg?resize=350%2C200 1x, https:\/\/i0.wp.com\/riisa.net\/wp-content\/uploads\/2011\/09\/uusityo_kukka.jpg?resize=525%2C300 1.5x"},"classes":[]},{"id":2536,"url":"https:\/\/riisa.net\/index.php\/2014\/06\/01\/lomalle-arki-japanissa\/","url_meta":{"origin":1155,"position":2},"title":"Lomalle nauttimaan arjesta Japanissa","author":"Riisa","date":"1.6.2014","format":false,"excerpt":"Tammikuisen Japanin reissun kynnyksell\u00e4 mietin, ett\u00e4 t\u00e4ll\u00e4 kerralla sitten kyll\u00e4 kirjoitan ahkerasti kaikki matkapostaukset blogiin heti reissun j\u00e4lkeen, niin ei k\u00e4y kuten yleens\u00e4 \u2013 ett\u00e4 osa kertomisen arvoisista jutuista ja kauniista maisemakuvista j\u00e4\u00e4 vain minun koneeni uumeniin, ja sitten puskeekin taas seuraava reissu p\u00e4\u00e4lle j\u00e4tt\u00e4en vanhat tarinat uusien jalkoihin. Viel\u00e4kin\u2026","rel":"","context":"Kategoriassa &quot;Japani&quot;","block_context":{"text":"Japani","link":"https:\/\/riisa.net\/index.php\/category\/matkailu\/japani-matkailu\/"},"img":{"alt_text":"japan-tokyo-asakusa-1","src":"https:\/\/i0.wp.com\/riisa.net\/wp-content\/uploads\/2014\/06\/japan-tokyo-asakusa-1.jpg?resize=350%2C200","width":350,"height":200,"srcset":"https:\/\/i0.wp.com\/riisa.net\/wp-content\/uploads\/2014\/06\/japan-tokyo-asakusa-1.jpg?resize=350%2C200 1x, https:\/\/i0.wp.com\/riisa.net\/wp-content\/uploads\/2014\/06\/japan-tokyo-asakusa-1.jpg?resize=525%2C300 1.5x"},"classes":[]},{"id":132,"url":"https:\/\/riisa.net\/index.php\/2008\/07\/05\/hollannin-rannikolla\/","url_meta":{"origin":1155,"position":3},"title":"Hollannin rannikolla","author":"Riisa","date":"5.7.2008","format":false,"excerpt":"L\u00e4hdimme t\u00e4n\u00e4\u00e4n vapaap\u00e4iv\u00e4n kunniaksi Hollantiin p\u00e4iv\u00e4retkelle. Varsinaista suuntaa emme p\u00e4\u00e4tt\u00e4neet etuk\u00e4teen, vaan Belgian ja Hollannin rajan ylityksen j\u00e4lkeen p\u00e4\u00e4timme katsoa mit\u00e4 s\u00e4\u00e4 tarjoaa ja suunnata joko l\u00e4heiseen kauniiseen kaupunkiin tai rannikolle. Koska s\u00e4\u00e4 oli aivan siedett\u00e4v\u00e4, sadetta ei tullut ja pilvien v\u00e4list\u00e4 kurkisteli v\u00e4lill\u00e4 jopa aurinko, p\u00e4\u00e4dyimme Hollannin lounaisrannikolle Seelantiin\u2026","rel":"","context":"Kategoriassa &quot;Hollanti&quot;","block_context":{"text":"Hollanti","link":"https:\/\/riisa.net\/index.php\/category\/matkailu\/hollanti\/"},"img":{"alt_text":"","src":"","width":0,"height":0},"classes":[]},{"id":1976,"url":"https:\/\/riisa.net\/index.php\/2014\/03\/15\/laskettelemaan-hokkaidon-puuterilumille-japaniin\/","url_meta":{"origin":1155,"position":4},"title":"Laskettelemaan Hokkaidon puuterilumille Japaniin","author":"Riisa","date":"15.3.2014","format":false,"excerpt":"Olen t\u00e4h\u00e4n asti matkaillut Japanissa v\u00e4h\u00e4n sill\u00e4 asenteella, ett\u00e4 vaikka suurin osa reissuistani keskittyykin p\u00e4\u00e4asiassa rakkaiden yst\u00e4vien tapaamiseen ja jo tutuksi k\u00e4yneisiin kaupunkeihin, pit\u00e4\u00e4 jokaisessa reissussa olla ripaus jotain ennen kokematonta. Olimme pitk\u00e4\u00e4n pohtineet puolisoni kanssa, ett\u00e4 seuraavana valloitamme Japanin helteiset hiekkarannat etel\u00e4ss\u00e4 Ryukyuun saaristossa, mutta koska yst\u00e4viemme h\u00e4iden vuoksi\u2026","rel":"","context":"Kategoriassa &quot;Hokkaido&quot;","block_context":{"text":"Hokkaido","link":"https:\/\/riisa.net\/index.php\/category\/matkailu\/japani-matkailu\/hokkaido\/"},"img":{"alt_text":"Niseko Japani","src":"https:\/\/i0.wp.com\/riisa.net\/wp-content\/uploads\/2014\/03\/japani-niseko-ski-aloitus-1.jpg?resize=350%2C200","width":350,"height":200,"srcset":"https:\/\/i0.wp.com\/riisa.net\/wp-content\/uploads\/2014\/03\/japani-niseko-ski-aloitus-1.jpg?resize=350%2C200 1x, https:\/\/i0.wp.com\/riisa.net\/wp-content\/uploads\/2014\/03\/japani-niseko-ski-aloitus-1.jpg?resize=525%2C300 1.5x"},"classes":[]},{"id":164,"url":"https:\/\/riisa.net\/index.php\/2008\/08\/22\/tadit-vesipuitossa\/","url_meta":{"origin":1155,"position":5},"title":"T\u00e4dit vesipuistossa","author":"Riisa","date":"22.8.2008","format":false,"excerpt":"Eilen otettiin ja l\u00e4hdettiin Heinin kanssa k\u00e4ym\u00e4\u00e4n Brysseliss\u00e4 sijaitsevassa suuressa vesipuistossa Oceadessa. Niin, juuri sellaisessa vesipuistossa, joka on t\u00e4ynn\u00e4 noin 5-12 vuotiaita lapsosia, jossa joka puolelta kuuluu kiljuntaa, ja jossa - ennen kaikkea - on 11 vesiliukum\u00e4ke\u00e4. ^_^'' Paikka oli kallis, 15,50 euroa nelj\u00e4lt\u00e4 tunnilta, mutta kerrankos siell\u00e4 k\u00e4y. Meill\u00e4\u2026","rel":"","context":"Kategoriassa &quot;Belgia&quot;","block_context":{"text":"Belgia","link":"https:\/\/riisa.net\/index.php\/category\/matkailu\/belgia\/"},"img":{"alt_text":"","src":"","width":0,"height":0},"classes":[]}],"_links":{"self":[{"href":"https:\/\/riisa.net\/index.php\/wp-json\/wp\/v2\/posts\/1155","targetHints":{"allow":["GET"]}}],"collection":[{"href":"https:\/\/riisa.net\/index.php\/wp-json\/wp\/v2\/posts"}],"about":[{"href":"https:\/\/riisa.net\/index.php\/wp-json\/wp\/v2\/types\/post"}],"author":[{"embeddable":true,"href":"https:\/\/riisa.net\/index.php\/wp-json\/wp\/v2\/users\/2"}],"replies":[{"embeddable":true,"href":"https:\/\/riisa.net\/index.php\/wp-json\/wp\/v2\/comments?post=1155"}],"version-history":[{"count":12,"href":"https:\/\/riisa.net\/index.php\/wp-json\/wp\/v2\/posts\/1155\/revisions"}],"predecessor-version":[{"id":2173,"href":"https:\/\/riisa.net\/index.php\/wp-json\/wp\/v2\/posts\/1155\/revisions\/2173"}],"wp:attachment":[{"href":"https:\/\/riisa.net\/index.php\/wp-json\/wp\/v2\/media?parent=1155"}],"wp:term":[{"taxonomy":"category","embeddable":true,"href":"https:\/\/riisa.net\/index.php\/wp-json\/wp\/v2\/categories?post=1155"},{"taxonomy":"post_tag","embeddable":true,"href":"https:\/\/riisa.net\/index.php\/wp-json\/wp\/v2\/tags?post=1155"}],"curies":[{"name":"wp","href":"https:\/\/api.w.org\/{rel}","templated":true}]}}