{"id":1454,"date":"2013-01-03T23:26:42","date_gmt":"2013-01-03T20:26:42","guid":{"rendered":"http:\/\/riisa.net\/?p=1454"},"modified":"2014-03-22T20:41:20","modified_gmt":"2014-03-22T17:41:20","slug":"ihanaa-kun-arki-palaa-taas-elamaan","status":"publish","type":"post","link":"https:\/\/riisa.net\/index.php\/2013\/01\/03\/ihanaa-kun-arki-palaa-taas-elamaan\/","title":{"rendered":"Ihanaa, kun arki palaa taas el\u00e4m\u00e4\u00e4n"},"content":{"rendered":"<p><img data-recalc-dims=\"1\" loading=\"lazy\" decoding=\"async\" class=\"aligncenter\" alt=\"\" src=\"https:\/\/i0.wp.com\/riisa.net\/wp-content\/uploads\/2013\/01\/uusivuosi2013-3.jpg?resize=392%2C196\" width=\"392\" height=\"196\" \/><\/p>\n<p>Viime syksy meni is\u00e4n kuoleman j\u00e4lkeen sumussa ja tavalliset p\u00e4iv\u00e4t luisuivat suorittamiseksi \u2013 jotenkin sellaiseksi automatisoiduksi eteenp\u00e4in menoksi, josta ei ole ihan hirvitt\u00e4v\u00e4sti mielikuvia. Viikonloput hoidin hautajaisj\u00e4rjestelyj\u00e4 tai muita aiheeseen liittyvi\u00e4 ik\u00e4vi\u00e4 asioita, kun taas arkip\u00e4iv\u00e4t istuin t\u00f6iss\u00e4 ihan kunniakkaasti ilman suurempia ongelmia \u2013 oikeastaan t\u00f6iss\u00e4 oli helppoa, kun toimistolla piti keskitty\u00e4 niin toisenlaisiin asioihin kuin kotona. Mutta kyll\u00e4h\u00e4n ty\u00f6tkin aina tietyss\u00e4 m\u00e4\u00e4rin uuvuttavat, ja kun iltaisin oli taas kohdattava muut haasteet, moni asia tuntui syksyn mittaan l\u00e4hinn\u00e4 raskaalta ja koko ajan olisi vain tehnyt mieli nukkua. Harrastuksetkin v\u00e4h\u00e4n j\u00e4iv\u00e4t, ja kavereita ehti n\u00e4hd\u00e4 tavallistakin v\u00e4hemm\u00e4n. Joulun saapuessa alkoi parin harmaus v\u00e4isty\u00e4 ja juhlapyhien j\u00e4lkeen tuntui vihdoin taas silt\u00e4, ett\u00e4 voisi ottaa hiljalleen normaalista arjesta kiinni ja jatkaa siit\u00e4, mihin ennen shokeeraavia uutisia j\u00e4\u00e4tiin.\u00a0 Uudenvuodenp\u00e4iv\u00e4n\u00e4 olin jotenkin erityisen energisell\u00e4 p\u00e4\u00e4ll\u00e4. Tuntui, ett\u00e4 t\u00e4st\u00e4 vuodesta tulee varmasti parempi kuin viimeisimm\u00e4st\u00e4. Ja jos ei tule itsest\u00e4\u00e4n, niin sitten siit\u00e4 pit\u00e4\u00e4 tehd\u00e4 parempi.<\/p>\n<p>Parempi vuosi tarkoittaa omassa tapauksessani enemm\u00e4n aikaa niille asioille, joita oikeasti haluan tehd\u00e4 ja jotka saavat olon tuntumaan hyv\u00e4lt\u00e4: liikunnalle, unelle, yst\u00e4ville, perheelle sek\u00e4 hauskoille ja kehitt\u00e4ville harrastuksille. Vuoden alut ovatkin useimmiten mahtava tilaisuus saada el\u00e4m\u00e4 ainakin hetkeksi uuteen j\u00e4rjestykseen: kauhea innostus ja inspiraatio kaikkeen tekem\u00e4tt\u00e4 j\u00e4\u00e4neeseen ja uuden suunnitteluun. Ei kai se ihme ole, ett\u00e4 kuntosaleilla on ruuhkaa ja kielikurssit buukattu t\u00e4yteen. Uusi vuosi antaa aina niin armollisen alun uuteen.<\/p>\n<p>Viime p\u00e4ivin\u00e4 olenkin ollut tehokas ja suunnitellut, mit\u00e4 parempi olo tarkoittaisi ihan k\u00e4yt\u00e4nn\u00f6ss\u00e4. J\u00e4rjestin joululahjaksi saamani iPad minin uuteen uskoon ja latailin ensit\u00f6ikseni tekemist\u00e4ni tehostavia ja helpottavia ohjelmia ja laadin viikko-ohjelmia. J\u00e4rjestelm\u00e4llinen ajank\u00e4ytt\u00f6 on aina sopineet minulle, sill\u00e4 rutiinit ja aikataulut saavat mieleni lep\u00e4\u00e4m\u00e4\u00e4n ja kaiken toimimaan paremmin. Ainakin niin kauan, kun niit\u00e4 noudattaa. ;) N\u00e4in vuoden alkuun aikomuksenani on, ett\u00e4 kahdesti tai kolmesti viikossa suuntaan uudelle joogakoululle, kerran viikossa opiskelen yst\u00e4vieni kanssa kahviloissa japania ja ainakin yhden illan viikossa pyhit\u00e4n blogien p\u00e4ivittelyyn. Lis\u00e4ksi yrit\u00e4n raivata joka viikolta yhten\u00e4 p\u00e4iv\u00e4n\u00e4 v\u00e4h\u00e4n aikaa piirt\u00e4miselle sek\u00e4 erin\u00e4isille meneill\u00e4\u00e4n oleville hauskoille projekteille, kuten mobiilipelihankkeille ja kuvakirjasuunnitelmalleni. Ei sin\u00e4ns\u00e4 mit\u00e4\u00e4n uutta, mutta kenties kun vuosi vuodelta yritt\u00e4\u00e4 samoja asioita, niiss\u00e4 pikku hiljaa kehittyy.<\/p>\n<p>Kysymys kuuluukin, miten sen innon ja p\u00e4\u00e4tt\u00e4v\u00e4isyyden s\u00e4ilytt\u00e4\u00e4 my\u00f6s helmikuuta pidemm\u00e4lle? ;)<\/p>\n<div>\n<p style=\"text-align: center;\"><em><span style=\"color: #888888;\">T\u00e4lle vuodelle lis\u00e4\u00e4 n\u00e4it\u00e4, kiitos:<\/span><\/em><\/p>\n<\/div>\n<p><a href=\"https:\/\/i0.wp.com\/riisa.net\/wp-content\/uploads\/2013\/01\/uusivuosi2013-2.jpg\"><img data-recalc-dims=\"1\" decoding=\"async\" data-attachment-id=\"1477\" data-permalink=\"https:\/\/riisa.net\/index.php\/2013\/01\/03\/ihanaa-kun-arki-palaa-taas-elamaan\/uusivuosi2013-2\/\" data-orig-file=\"https:\/\/i0.wp.com\/riisa.net\/wp-content\/uploads\/2013\/01\/uusivuosi2013-2.jpg?fit=600%2C900&amp;ssl=1\" data-orig-size=\"600,900\" data-comments-opened=\"1\" data-image-meta=\"{&quot;aperture&quot;:&quot;0&quot;,&quot;credit&quot;:&quot;&quot;,&quot;camera&quot;:&quot;&quot;,&quot;caption&quot;:&quot;&quot;,&quot;created_timestamp&quot;:&quot;0&quot;,&quot;copyright&quot;:&quot;Liisa Stenberg&quot;,&quot;focal_length&quot;:&quot;0&quot;,&quot;iso&quot;:&quot;0&quot;,&quot;shutter_speed&quot;:&quot;0&quot;,&quot;title&quot;:&quot;&quot;}\" data-image-title=\"uusivuosi2013-2\" data-image-description=\"\" data-image-caption=\"\" data-large-file=\"https:\/\/i0.wp.com\/riisa.net\/wp-content\/uploads\/2013\/01\/uusivuosi2013-2.jpg?fit=392%2C588&amp;ssl=1\" class=\"alignright  wp-image-1477\" title=\"uusivuosi2013-2\" alt=\"\" src=\"https:\/\/i0.wp.com\/riisa.net\/wp-content\/uploads\/2013\/01\/uusivuosi2013-2.jpg?w=280\"  srcset=\"https:\/\/i0.wp.com\/riisa.net\/wp-content\/uploads\/2013\/01\/uusivuosi2013-2.jpg?w=600&amp;ssl=1 600w, https:\/\/i0.wp.com\/riisa.net\/wp-content\/uploads\/2013\/01\/uusivuosi2013-2.jpg?resize=200%2C300&amp;ssl=1 200w\" sizes=\"(max-width: 392px) 100vw, 392px\" \/><\/a><a href=\"https:\/\/i0.wp.com\/riisa.net\/wp-content\/uploads\/2013\/01\/uusivuosi2013-1.jpg\"><img data-recalc-dims=\"1\" decoding=\"async\" data-attachment-id=\"1476\" data-permalink=\"https:\/\/riisa.net\/index.php\/2013\/01\/03\/ihanaa-kun-arki-palaa-taas-elamaan\/uusivuosi2013-1\/\" data-orig-file=\"https:\/\/i0.wp.com\/riisa.net\/wp-content\/uploads\/2013\/01\/uusivuosi2013-1.jpg?fit=600%2C900&amp;ssl=1\" data-orig-size=\"600,900\" data-comments-opened=\"1\" data-image-meta=\"{&quot;aperture&quot;:&quot;0&quot;,&quot;credit&quot;:&quot;&quot;,&quot;camera&quot;:&quot;&quot;,&quot;caption&quot;:&quot;&quot;,&quot;created_timestamp&quot;:&quot;0&quot;,&quot;copyright&quot;:&quot;Liisa Stenberg&quot;,&quot;focal_length&quot;:&quot;0&quot;,&quot;iso&quot;:&quot;0&quot;,&quot;shutter_speed&quot;:&quot;0&quot;,&quot;title&quot;:&quot;&quot;}\" data-image-title=\"uusivuosi2013-1\" data-image-description=\"\" data-image-caption=\"\" data-large-file=\"https:\/\/i0.wp.com\/riisa.net\/wp-content\/uploads\/2013\/01\/uusivuosi2013-1.jpg?fit=392%2C588&amp;ssl=1\" class=\"wp-image-1476 alignleft\" title=\"uusivuosi2013-1\" alt=\"\" src=\"https:\/\/i0.wp.com\/riisa.net\/wp-content\/uploads\/2013\/01\/uusivuosi2013-1.jpg?w=280\"  srcset=\"https:\/\/i0.wp.com\/riisa.net\/wp-content\/uploads\/2013\/01\/uusivuosi2013-1.jpg?w=600&amp;ssl=1 600w, https:\/\/i0.wp.com\/riisa.net\/wp-content\/uploads\/2013\/01\/uusivuosi2013-1.jpg?resize=200%2C300&amp;ssl=1 200w\" sizes=\"(max-width: 392px) 100vw, 392px\" \/><\/a><\/p>\n","protected":false},"excerpt":{"rendered":"<p>Viime syksy meni is\u00e4n kuoleman j\u00e4lkeen sumussa ja tavalliset p\u00e4iv\u00e4t luisuivat suorittamiseksi \u2013 jotenkin sellaiseksi automatisoiduksi eteenp\u00e4in menoksi, josta ei ole ihan hirvitt\u00e4v\u00e4sti mielikuvia. Viikonloput &hellip;<\/p>\n","protected":false},"author":2,"featured_media":0,"comment_status":"open","ping_status":"open","sticky":false,"template":"","format":"standard","meta":{"advanced_seo_description":"","jetpack_seo_html_title":"","jetpack_seo_noindex":false,"jetpack_post_was_ever_published":false,"_jetpack_newsletter_access":"","_jetpack_dont_email_post_to_subs":false,"_jetpack_newsletter_tier_id":0,"_jetpack_memberships_contains_paywalled_content":false,"_jetpack_memberships_contains_paid_content":false,"footnotes":""},"categories":[34],"tags":[],"class_list":["post-1454","post","type-post","status-publish","format-standard","hentry","category-ajankohtaista"],"jetpack_featured_media_url":"","jetpack_sharing_enabled":true,"jetpack_shortlink":"https:\/\/wp.me\/p9vavA-ns","jetpack_likes_enabled":true,"jetpack-related-posts":[{"id":1721,"url":"https:\/\/riisa.net\/index.php\/2013\/05\/09\/japani-kevainen-osaka-ja-sen-linna\/","url_meta":{"origin":1454,"position":0},"title":"Japani: Kev\u00e4inen Osaka ja sen linna","author":"Riisa","date":"9.5.2013","format":false,"excerpt":"Olin yritt\u00e4nyt valita lentokoneesta paikan, josta n\u00e4kisin Kansain kent\u00e4lle laskeutuessani Osakan kaupungin puolen. Tietenkin valitsin p\u00e4\u00e4ttelyist\u00e4ni huolimatta v\u00e4\u00e4rin, mutta onneksi koneen oikean kyljen ikkunoidenkin n\u00e4kymiss\u00e4kin oli ahmimista \u2013 edess\u00e4ni aukeni Japanin \"sis\u00e4meri\", Shikokun saari ja maisemat, joihin palaisin bussilla parin viikon sis\u00e4ll\u00e4. Ei hassummin siis n\u00e4inkin p\u00e4in. Kent\u00e4ll\u00e4 yst\u00e4v\u00e4ni Yukikon\u2026","rel":"","context":"Kategoriassa &quot;Japani&quot;","block_context":{"text":"Japani","link":"https:\/\/riisa.net\/index.php\/category\/matkailu\/japani-matkailu\/"},"img":{"alt_text":"osaka matkailu","src":"https:\/\/i0.wp.com\/riisa.net\/wp-content\/uploads\/2013\/05\/osaka-kevat13-24.jpg?resize=350%2C200","width":350,"height":200,"srcset":"https:\/\/i0.wp.com\/riisa.net\/wp-content\/uploads\/2013\/05\/osaka-kevat13-24.jpg?resize=350%2C200 1x, https:\/\/i0.wp.com\/riisa.net\/wp-content\/uploads\/2013\/05\/osaka-kevat13-24.jpg?resize=525%2C300 1.5x"},"classes":[]},{"id":1113,"url":"https:\/\/riisa.net\/index.php\/2011\/09\/20\/mita-ajasta-ellessa-jai-kateen\/","url_meta":{"origin":1454,"position":1},"title":"Mit\u00e4 ajasta Elless\u00e4 j\u00e4i k\u00e4teen?","author":"Riisa","date":"20.9.2011","format":false,"excerpt":".. Ja mit\u00e4 tuokaan tuleva? Kes\u00e4n loma-aikojen ty\u00f6t Elless\u00e4 ja MissMixiss\u00e4 ovat ohi, ja edess\u00e4 on nyt aivan uudet kuviot. Muotilehden v\u00e4lill\u00e4 hektisetkin piirit vaihtuvat nyt hieman erilaisiin ympyr\u00f6ihin, vaikka eih\u00e4n se kiire tai h\u00e4sellys ole toki kaukana mist\u00e4\u00e4n aikakauslehden toimituksesta. Uusi ty\u00f6paikkani graafikkona Hyv\u00e4 Terveys -lehdess\u00e4 tuo eteen j\u00e4nnitt\u00e4vi\u00e4\u2026","rel":"","context":"Kategoriassa &quot;Ajankohtaista&quot;","block_context":{"text":"Ajankohtaista","link":"https:\/\/riisa.net\/index.php\/category\/vapaalla\/ajankohtaista\/"},"img":{"alt_text":"","src":"https:\/\/i0.wp.com\/riisa.net\/wp-content\/uploads\/2011\/09\/uusityo_kukka.jpg?resize=350%2C200","width":350,"height":200,"srcset":"https:\/\/i0.wp.com\/riisa.net\/wp-content\/uploads\/2011\/09\/uusityo_kukka.jpg?resize=350%2C200 1x, https:\/\/i0.wp.com\/riisa.net\/wp-content\/uploads\/2011\/09\/uusityo_kukka.jpg?resize=525%2C300 1.5x"},"classes":[]},{"id":1566,"url":"https:\/\/riisa.net\/index.php\/2013\/02\/26\/ruhtinaallinen-brunssi-bernsissa\/","url_meta":{"origin":1454,"position":2},"title":"Ruhtinaallinen brunssi Bernsiss\u00e4","author":"Riisa","date":"26.2.2013","format":false,"excerpt":"Rakastan brunsseja. Sopivan harvoin nautittuna ylt\u00e4kyll\u00e4inen brunssip\u00f6yt\u00e4 tuo v\u00e4h\u00e4n luksusta el\u00e4m\u00e4\u00e4n, ihan niinkuin verkkaiset sunnuntait, joille ei satu olemaan mit\u00e4\u00e4n menoa sovittuna, tai mukaan haettu h\u00f6yry\u00e4v\u00e4n herkullinen italialainen cappucino arkiaamuna. Brunsseja on kuitenkin joka l\u00e4ht\u00f6\u00f6n ja aina hinta-laatusuhde ei v\u00e4ltt\u00e4m\u00e4tt\u00e4 ole ihan kohdallaan. Siksi kun kerran l\u00f6yt\u00e4\u00e4 jotain hyv\u00e4\u00e4, siit\u00e4\u2026","rel":"","context":"Kategoriassa &quot;Matkailu&quot;","block_context":{"text":"Matkailu","link":"https:\/\/riisa.net\/index.php\/category\/matkailu\/"},"img":{"alt_text":"berns brunssi","src":"https:\/\/i0.wp.com\/riisa.net\/wp-content\/uploads\/2013\/02\/berns-brunch-1.jpg?resize=350%2C200","width":350,"height":200,"srcset":"https:\/\/i0.wp.com\/riisa.net\/wp-content\/uploads\/2013\/02\/berns-brunch-1.jpg?resize=350%2C200 1x, https:\/\/i0.wp.com\/riisa.net\/wp-content\/uploads\/2013\/02\/berns-brunch-1.jpg?resize=525%2C300 1.5x"},"classes":[]},{"id":147,"url":"https:\/\/riisa.net\/index.php\/2008\/07\/27\/centre-belge-de-la-bande-dessinee\/","url_meta":{"origin":1454,"position":3},"title":"Centre Belge de la Bande Dessin\u00e9e","author":"Riisa","date":"27.7.2008","format":false,"excerpt":"Lauantaina oli koko p\u00e4iv\u00e4 aikaa tehd\u00e4 mit\u00e4 huvitti, joten l\u00e4hdin k\u00e4ym\u00e4\u00e4n Belgian sarjakuvataiteen keskuksessa, Centre Belge de la Bande Dessin\u00e9e:ssa. Sis\u00e4\u00e4np\u00e4\u00e4symaksu oli hirvitt\u00e4v\u00e4t 7,5 euroa aikuiselta, mik\u00e4 on aika kova p\u00e4\u00e4sylippuhinta mielest\u00e4ni museon kaltaiseen paikkaan. Kierroksen alussa oli esitelty sarjakuvan tekemist\u00e4 yleens\u00e4 - infoa, jota en kokenut kauhean tarpeelliseksi lukea,\u2026","rel":"","context":"Kategoriassa &quot;Belgia&quot;","block_context":{"text":"Belgia","link":"https:\/\/riisa.net\/index.php\/category\/matkailu\/belgia\/"},"img":{"alt_text":"","src":"https:\/\/i0.wp.com\/riisa.net\/wp-content\/uploads\/2008\/07\/sarjakuvamuseo_belgia.jpg?resize=350%2C200","width":350,"height":200,"srcset":"https:\/\/i0.wp.com\/riisa.net\/wp-content\/uploads\/2008\/07\/sarjakuvamuseo_belgia.jpg?resize=350%2C200 1x, https:\/\/i0.wp.com\/riisa.net\/wp-content\/uploads\/2008\/07\/sarjakuvamuseo_belgia.jpg?resize=525%2C300 1.5x"},"classes":[]},{"id":1247,"url":"https:\/\/riisa.net\/index.php\/2012\/06\/01\/astiakaappini-tuleva-perintokalleus\/","url_meta":{"origin":1454,"position":4},"title":"Astiakaappini tuleva perint\u00f6kalleus?","author":"Riisa","date":"1.6.2012","format":false,"excerpt":"Himoitsin sit\u00e4 pitk\u00e4\u00e4n. Kiertelin liikkeiss\u00e4 ja katselin katalogien kuvia \u2013 aina sama kannu kiinnitti katseeni. Ajattelin, ett\u00e4 Marimekon Oiva-kannu sopisi astiakaappiimme, tai mieluummin ruokap\u00f6yt\u00e4\u00e4 koristamaan kuin se olisi keitti\u00f6t\u00e4ni varten tehty. Suolainen hinta kuitenkin piti sormet aisoissa, ja lompakko sai j\u00e4\u00e4d\u00e4 laukun pohjalle. Ehk\u00e4p\u00e4 toivoisin sit\u00e4 valmistujaislahjaksi? Vaan kuinkas k\u00e4vik\u00e4\u00e4n.\u2026","rel":"","context":"Kategoriassa &quot;Ajankohtaista&quot;","block_context":{"text":"Ajankohtaista","link":"https:\/\/riisa.net\/index.php\/category\/vapaalla\/ajankohtaista\/"},"img":{"alt_text":"","src":"https:\/\/i0.wp.com\/riisa.net\/wp-content\/uploads\/2012\/06\/marimekko-oivakannu-1.jpg?resize=350%2C200","width":350,"height":200,"srcset":"https:\/\/i0.wp.com\/riisa.net\/wp-content\/uploads\/2012\/06\/marimekko-oivakannu-1.jpg?resize=350%2C200 1x, https:\/\/i0.wp.com\/riisa.net\/wp-content\/uploads\/2012\/06\/marimekko-oivakannu-1.jpg?resize=525%2C300 1.5x"},"classes":[]},{"id":142,"url":"https:\/\/riisa.net\/index.php\/2008\/07\/21\/torstai-ilta-aupair-seurassa\/","url_meta":{"origin":1454,"position":5},"title":"Torstai-ilta aupair-seurassa","author":"Riisa","date":"21.7.2008","format":false,"excerpt":"Taru, aupair, johon olen t\u00e4\u00e4ll\u00e4 tutustunut l\u00e4hti puolen vuoden Bryssel-el\u00e4m\u00e4n j\u00e4lkeen viime perjantaina takaisin Suomeen. Niinp\u00e4 h\u00e4n oli kutsunut torstaina koolle tuntemansa aupairit, sek\u00e4 yhden muun suomalaisen tyt\u00f6n, joka on t\u00e4\u00e4ll\u00e4 t\u00f6iss\u00e4. Menimme pieneen baariin, Roi des Belgesiin ihan Brysselin keskustaan, vain kiven heiton p\u00e4\u00e4h\u00e4n De Brucker\u00e8n metroasemalta. Join herkullista\u2026","rel":"","context":"Kategoriassa &quot;Belgia&quot;","block_context":{"text":"Belgia","link":"https:\/\/riisa.net\/index.php\/category\/matkailu\/belgia\/"},"img":{"alt_text":"","src":"","width":0,"height":0},"classes":[]}],"_links":{"self":[{"href":"https:\/\/riisa.net\/index.php\/wp-json\/wp\/v2\/posts\/1454","targetHints":{"allow":["GET"]}}],"collection":[{"href":"https:\/\/riisa.net\/index.php\/wp-json\/wp\/v2\/posts"}],"about":[{"href":"https:\/\/riisa.net\/index.php\/wp-json\/wp\/v2\/types\/post"}],"author":[{"embeddable":true,"href":"https:\/\/riisa.net\/index.php\/wp-json\/wp\/v2\/users\/2"}],"replies":[{"embeddable":true,"href":"https:\/\/riisa.net\/index.php\/wp-json\/wp\/v2\/comments?post=1454"}],"version-history":[{"count":10,"href":"https:\/\/riisa.net\/index.php\/wp-json\/wp\/v2\/posts\/1454\/revisions"}],"predecessor-version":[{"id":2138,"href":"https:\/\/riisa.net\/index.php\/wp-json\/wp\/v2\/posts\/1454\/revisions\/2138"}],"wp:attachment":[{"href":"https:\/\/riisa.net\/index.php\/wp-json\/wp\/v2\/media?parent=1454"}],"wp:term":[{"taxonomy":"category","embeddable":true,"href":"https:\/\/riisa.net\/index.php\/wp-json\/wp\/v2\/categories?post=1454"},{"taxonomy":"post_tag","embeddable":true,"href":"https:\/\/riisa.net\/index.php\/wp-json\/wp\/v2\/tags?post=1454"}],"curies":[{"name":"wp","href":"https:\/\/api.w.org\/{rel}","templated":true}]}}