{"id":147,"date":"2008-07-27T14:06:00","date_gmt":"2008-07-27T14:06:00","guid":{"rendered":"http:\/\/riisa.net\/?p=147"},"modified":"2014-03-22T22:45:36","modified_gmt":"2014-03-22T19:45:36","slug":"centre-belge-de-la-bande-dessinee","status":"publish","type":"post","link":"https:\/\/riisa.net\/index.php\/2008\/07\/27\/centre-belge-de-la-bande-dessinee\/","title":{"rendered":"Centre Belge de la Bande Dessin\u00e9e"},"content":{"rendered":"<p><img data-recalc-dims=\"1\" loading=\"lazy\" decoding=\"async\" class=\"aligncenter\" alt=\"\" src=\"https:\/\/i0.wp.com\/riisa.net\/wp-content\/uploads\/2008\/07\/sarjakuvamuseo_belgia.jpg?resize=392%2C196\" width=\"392\" height=\"196\" \/><\/p>\n<p>Lauantaina oli koko p\u00e4iv\u00e4 aikaa tehd\u00e4 mit\u00e4 huvitti, joten l\u00e4hdin k\u00e4ym\u00e4\u00e4n Belgian sarjakuvataiteen keskuksessa, Centre Belge de la Bande Dessin\u00e9e:ssa.<\/p>\n<p><a href=\"https:\/\/i0.wp.com\/bp0.blogger.com\/_0O1z8fUx0VQ\/SIyVmW8pEwI\/AAAAAAAAAsk\/gNMGk6q5BCA\/s1600-h\/IMG_1206_1.JPG\" onblur=\"try {parent.deselectBloggerImageGracefully();} catch(e) {}\"><img data-recalc-dims=\"1\" decoding=\"async\" id=\"BLOGGER_PHOTO_ID_5227717753697800962\" style=\"margin: 0px auto 10px; display: block; text-align: center; cursor: pointer;\" alt=\"\" src=\"https:\/\/i0.wp.com\/bp0.blogger.com\/_0O1z8fUx0VQ\/SIyVmW8pEwI\/AAAAAAAAAsk\/gNMGk6q5BCA\/s320\/IMG_1206_1.JPG?w=392\" border=\"0\" \/><\/a><br \/>\nSis\u00e4\u00e4np\u00e4\u00e4symaksu oli hirvitt\u00e4v\u00e4t 7,5 euroa aikuiselta, mik\u00e4 on aika kova p\u00e4\u00e4sylippuhinta mielest\u00e4ni museon kaltaiseen paikkaan. Kierroksen alussa oli esitelty sarjakuvan tekemist\u00e4 yleens\u00e4 &#8211; infoa, jota en kokenut kauhean tarpeelliseksi lukea, sill\u00e4 onhan noihin sarjakuviin tullut tutustuttua siin\u00e4 mieless\u00e4 aiemminkin. Keskityin sen sijaan tekniikoiden esittelyyn, joka tuntui tarpeellisemmalta ja mielenkiintoisemmalta.<\/p>\n<p><a href=\"https:\/\/i0.wp.com\/bp3.blogger.com\/_0O1z8fUx0VQ\/SIyUCBLprOI\/AAAAAAAAAr8\/LUtP6rH0feg\/s1600-h\/IMG_1176_1.JPG\" onblur=\"try {parent.deselectBloggerImageGracefully();} catch(e) {}\"><img data-recalc-dims=\"1\" decoding=\"async\" id=\"BLOGGER_PHOTO_ID_5227716029868256482\" style=\"margin: 0px auto 10px; display: block; text-align: center; cursor: pointer;\" alt=\"\" src=\"https:\/\/i0.wp.com\/bp3.blogger.com\/_0O1z8fUx0VQ\/SIyUCBLprOI\/AAAAAAAAAr8\/LUtP6rH0feg\/s320\/IMG_1176_1.JPG?w=392\" border=\"0\" \/><\/a><br \/>\nSeuraavana oli vuorossa vaihtuva kokoelma sarjakuvapiirt\u00e4jien orginaalit\u00f6it\u00e4, joiden parissa vietin varmaan l\u00e4hemm\u00e4s tunnin, sill\u00e4 tarkastelin t\u00f6it\u00e4 melko huolellisesti. Tutkin papereita, v\u00e4lineiden k\u00e4ytt\u00f6\u00e4 ja ruutujakoja. Huomasin, ettei eurooppalainen sarjakuva ole aina niin kaavoihin kangistunutta kuin tunnutaan kuvittelevan. Toki strippisarjakuvat ovat oma lajinsa. Oli hauska huomata, kuinka monipuolisia t\u00f6it\u00e4 oli esill\u00e4. Etenkin v\u00e4rilliset alkuper\u00e4isversiot olivat kiinnostavia. Havahduttavin asia oli kuitenkin originaalejen koko. Vaikka usein julkaisukoko voi olla niinkin pient\u00e4 kuin A5 luokkaa, osa sarjakuvista oli tehty jopa A2-koossa! Ei ihme jos itse tuskailee esimerkiksi sivellintussin kanssa, kun eih\u00e4n sill\u00e4 nyt hirvitt\u00e4v\u00e4n pikkutarkkaa j\u00e4lke\u00e4 saa vaikka olisi kuinka pieni sivellin. Mutta niin &#8211; jos tajuaisi k\u00e4yt\u00e4\u00e4 hieman suurempaa paperia, voisi tehd\u00e4 vaikka mit\u00e4 ihmeit\u00e4. (Ehk\u00e4.) A3-kokokin olisi jo aika hyv\u00e4 parannus puolta pienemp\u00e4\u00e4n A4:\u00e4\u00e4n verrattuna. Nyt kun tied\u00e4n, ett\u00e4 koululla on sellainenkin &#8221;ihme&#8221; kuin A3-skanneri, voisin jopa harkita jotain hauskaa v\u00e4kert\u00e4mist\u00e4 syksymm\u00e4ll\u00e4n (kev\u00e4\u00e4n lannistava ja aivan naurettava huhu siit\u00e4, ett\u00e4 koulullamme ei olisi A3-skanneria, ei onneksi pit\u00e4nyt paikkaansa). Toisaalta, niinp\u00e4 sit\u00e4 tulee harkittua kaikenlaisten projektejen aloittamista, ja harvoin saa mit\u00e4\u00e4n aikaiseksi. T\u00e4m\u00e4nkin kes\u00e4n uroty\u00f6t ovat silt\u00e4 saralta viel\u00e4 valitettavasti saavuttamatta.<\/p>\n<p><a href=\"https:\/\/i0.wp.com\/bp3.blogger.com\/_0O1z8fUx0VQ\/SIyUDLBV8rI\/AAAAAAAAAsc\/b-3qa0OMYUQ\/s1600-h\/IMG_1196_1.JPG\" onblur=\"try {parent.deselectBloggerImageGracefully();} catch(e) {}\"><img data-recalc-dims=\"1\" decoding=\"async\" id=\"BLOGGER_PHOTO_ID_5227716049689244338\" style=\"margin: 0px auto 10px; display: block; text-align: center; cursor: pointer;\" alt=\"\" src=\"https:\/\/i0.wp.com\/bp3.blogger.com\/_0O1z8fUx0VQ\/SIyUDLBV8rI\/AAAAAAAAAsc\/b-3qa0OMYUQ\/s320\/IMG_1196_1.JPG?w=392\" border=\"0\" \/><\/a><br \/>\nKeskuksen toinen kerros oli omistettukin sitten belgialaisten kuuluisimpien sarjakuvataiteilijoiden esittelyille. Seinilt\u00e4 l\u00f6ytyiv\u00e4t tietenkin mm. Herg\u00e9, Jij\u00e9, Peyo ja Roba. Lis\u00e4ksi t\u00e4ll\u00e4 hetkell\u00e4 meneill\u00e4\u00e4n oli Smurffien 50-vuotis n\u00e4yttely, joka oli rakennettu melko hauskasti.<br \/>\n<a href=\"https:\/\/i0.wp.com\/bp3.blogger.com\/_0O1z8fUx0VQ\/SIyUCdPckzI\/AAAAAAAAAsE\/UTdOu9G-tpA\/s1600-h\/IMG_1180_1.JPG\" onblur=\"try {parent.deselectBloggerImageGracefully();} catch(e) {}\"><img data-recalc-dims=\"1\" decoding=\"async\" id=\"BLOGGER_PHOTO_ID_5227716037400367922\" style=\"margin: 0px auto 10px; display: block; text-align: center; cursor: pointer;\" alt=\"\" src=\"https:\/\/i0.wp.com\/bp3.blogger.com\/_0O1z8fUx0VQ\/SIyUCdPckzI\/AAAAAAAAAsE\/UTdOu9G-tpA\/s320\/IMG_1180_1.JPG?w=392\" border=\"0\" \/><\/a><br \/>\nKyseisess\u00e4 Smurffi-n\u00e4yttelyss\u00e4 oli mielest\u00e4ni nostettu hieman turhanp\u00e4iv\u00e4isi\u00e4 asioita esille &#8211; itse kun olisin tietenkin kaivannut taas enemm\u00e4n orginaaleja, ty\u00f6vaiheiden kuvausta ja esimerkiksi enemm\u00e4n Peyon omia kommentteja sarjakuvan luomisesta. N\u00e4yttely oli silti ihan avartava, sill\u00e4 h\u00e4pe\u00e4kseni t\u00e4ytyy tunnustaa, ett\u00e4 en aiemmin edes tiennyt Smurffien olevan belgiasta kotoisin. :D<\/p>\n<p><a href=\"https:\/\/i0.wp.com\/bp3.blogger.com\/_0O1z8fUx0VQ\/SIyUC78qFPI\/AAAAAAAAAsU\/CEWncPOEoYo\/s1600-h\/IMG_1185_1.JPG\" onblur=\"try {parent.deselectBloggerImageGracefully();} catch(e) {}\"><img data-recalc-dims=\"1\" decoding=\"async\" id=\"BLOGGER_PHOTO_ID_5227716045643060466\" style=\"margin: 0px auto 10px; display: block; text-align: center; cursor: pointer;\" alt=\"\" src=\"https:\/\/i0.wp.com\/bp3.blogger.com\/_0O1z8fUx0VQ\/SIyUC78qFPI\/AAAAAAAAAsU\/CEWncPOEoYo\/s320\/IMG_1185_1.JPG?w=392\" border=\"0\" \/><\/a><br \/>\nYlin kerros 3-kerroksisesta rakennuksesta oli varattu modernille sarjakuvataiteelle. Koko sarjakuvataiteen keskuksessa oli sen verran paljon keirrett\u00e4v\u00e4\u00e4, luettavaa ja n\u00e4ht\u00e4v\u00e4\u00e4, ett\u00e4 siell\u00e4 olisi voinut viett\u00e4\u00e4 aikaa tunti tolkulla. Aloinkin olla viimeisess\u00e4 kerroksessa jo sen verran n\u00e4lk\u00e4inen ja v\u00e4synyt, ett\u00e4 sivuutin aika monta lukemisosiota ja katselin l\u00e4hinn\u00e4 erilaisia sarjakuvatyylej\u00e4, joita siell\u00e4 esiteltiin. Katsoessani l\u00e4ht\u00f6hetkell\u00e4 kelloa, tajusin viett\u00e4neeni keskuksessa l\u00e4hemm\u00e4s 3 tuntia. Viel\u00e4 j\u00e4i n\u00e4kem\u00e4tt\u00e4 maailman suurin sarjakuvakirjasto, mutta sinne on onneksi ilmainen p\u00e4\u00e4sy, joten k\u00e4yn siell\u00e4 joku toinen kerta. Muutenkin, jos olisi tajunnut tankata itsens\u00e4 t\u00e4yteen ruokaa, olisi keskuksessa saanut helposti kulutettua varmaan viel\u00e4 pari tuntia lis\u00e4\u00e4. Sen verran paljon oli luettavaa ja esittelytekstej\u00e4.<\/p>\n<p>Kiertelin viel\u00e4 hetken kaupungilla, k\u00e4vin sy\u00f6m\u00e4\u00e4n pikkukuppilassa voileiv\u00e4n ja l\u00e4hdin sitten Hankariin, jossa olin luvannut tavata Heinin. K\u00e4vimme kaupassa ostamassa v\u00e4h\u00e4n ruokatarvikkeita ja menimme sitten t\u00e4nne kotiin tekem\u00e4\u00e4n yhdess\u00e4 ruokaa. Olin nimitt\u00e4in kysynyt, jos Heini haluaisi tulla katsomaan leffaa, kun kerran Tuijalla ja Jannella ei ollut mit\u00e4\u00e4n sit\u00e4 vastaan. Teimme kinkkupiirakan ja salaatin, joista tuli oikein mukava iltaruoka. Katsoimme Volver-leffan, joka oli ihan ok ja omiin korviini ennen kaikkea kivan kuuloinen, sill\u00e4 espanja on jotenkin niin l\u00e4mmin kieli.<\/p>\n<p>Illalla nyhj\u00f6tin p\u00e4\u00e4kivun kanssa keitti\u00f6ss\u00e4 tietokoneella ja mietin, ett\u00e4 ensi kes\u00e4n haluan viett\u00e4\u00e4 kokonaan Micken kanssa. T\u00e4\u00e4ll\u00e4 on ollut tavattoman kivaa, mutta v\u00e4lill\u00e4 on kotiin ik\u00e4v\u00e4. Viime kes\u00e4nkin jouduimme olemaan erill\u00e4mme, kun Micke oli Hangossa t\u00f6iss\u00e4. Sitten tajusin, ett\u00e4 taitaapa j\u00e4\u00e4d\u00e4 sittenkin yhteinen kes\u00e4 taas v\u00e4list\u00e4, sill\u00e4 min\u00e4h\u00e4n olen luultavimmin Japanissa silloin. V\u00e4lill\u00e4 vuosi poissa tuntuu tukalalta ajatukselta, v\u00e4lill\u00e4 en ole ihan varma, voisiko parempaa tilaisuutta ollakaan. Hankalan ristiriitaista.<\/p>\n","protected":false},"excerpt":{"rendered":"<p>Lauantaina oli koko p\u00e4iv\u00e4 aikaa tehd\u00e4 mit\u00e4 huvitti, joten l\u00e4hdin k\u00e4ym\u00e4\u00e4n Belgian sarjakuvataiteen keskuksessa, Centre Belge de la Bande Dessin\u00e9e:ssa. Sis\u00e4\u00e4np\u00e4\u00e4symaksu oli hirvitt\u00e4v\u00e4t 7,5 euroa &hellip;<\/p>\n","protected":false},"author":2,"featured_media":0,"comment_status":"open","ping_status":"open","sticky":false,"template":"","format":"standard","meta":{"advanced_seo_description":"","jetpack_seo_html_title":"","jetpack_seo_noindex":false,"jetpack_post_was_ever_published":false,"_jetpack_newsletter_access":"","_jetpack_dont_email_post_to_subs":false,"_jetpack_newsletter_tier_id":0,"_jetpack_memberships_contains_paywalled_content":false,"_jetpack_memberships_contains_paid_content":false,"footnotes":""},"categories":[39,21,17,26,22],"tags":[],"class_list":["post-147","post","type-post","status-publish","format-standard","hentry","category-belgia","category-bryssel","category-design_ja_taide","category-kuvataide","category-matkailu"],"jetpack_featured_media_url":"","jetpack_sharing_enabled":true,"jetpack_shortlink":"https:\/\/wp.me\/p9vavA-2n","jetpack_likes_enabled":true,"jetpack-related-posts":[{"id":1930,"url":"https:\/\/riisa.net\/index.php\/2013\/11\/16\/onsenhotelli-ja-ripaus-luksusta\/","url_meta":{"origin":147,"position":0},"title":"Onsenhotelli ja ripaus luksusta","author":"Riisa","date":"16.11.2013","format":false,"excerpt":"Viime kev\u00e4isen Japanin reissuni aikaan vietin yhden y\u00f6n Arashiyamalla yst\u00e4v\u00e4ni Makinon kanssa. Koska emme olleet n\u00e4hneet pitk\u00e4\u00e4n aikaan ja Makino oli saanut hommattua itselleen puolikkaan vapaap\u00e4iv\u00e4n, halusimme viett\u00e4\u00e4 kunnon tytt\u00f6jen iltaa sy\u00f6den hyvin ja rentoutuen oikein kunnolla. Arashiyama on kev\u00e4\u00e4ll\u00e4 kirsikankukkien aikaan varsin suosittu matkakohde ja kuvasta p\u00e4\u00e4tellen l\u00e4hiseudun h\u00e4\u00e4parit\u2026","rel":"","context":"Kategoriassa &quot;Japani&quot;","block_context":{"text":"Japani","link":"https:\/\/riisa.net\/index.php\/category\/matkailu\/japani-matkailu\/"},"img":{"alt_text":"Onsen-hotelli Kyotossa","src":"https:\/\/i0.wp.com\/riisa.net\/wp-content\/uploads\/2013\/11\/arashiyama-kadensho-aloituskuva-1.jpg?resize=350%2C200","width":350,"height":200,"srcset":"https:\/\/i0.wp.com\/riisa.net\/wp-content\/uploads\/2013\/11\/arashiyama-kadensho-aloituskuva-1.jpg?resize=350%2C200 1x, https:\/\/i0.wp.com\/riisa.net\/wp-content\/uploads\/2013\/11\/arashiyama-kadensho-aloituskuva-1.jpg?resize=525%2C300 1.5x"},"classes":[]},{"id":143,"url":"https:\/\/riisa.net\/index.php\/2008\/07\/21\/loppuviikko-luxemburgissa\/","url_meta":{"origin":147,"position":1},"title":"Loppuviikko Luxemburgissa","author":"Riisa","date":"21.7.2008","format":false,"excerpt":"Is\u00e4nt\u00e4perheeni oli l\u00e4hd\u00f6ss\u00e4 viikonloppuna tuttavaperheen kanssa reissuun Luxemburgiin. Olin tietysti innolla l\u00e4hd\u00f6ss\u00e4 mukaan, kun tilaisuutta tarjottiin. P\u00e4\u00e4sisin n\u00e4kem\u00e4\u00e4n uuden naapurimaan ja k\u00e4ym\u00e4\u00e4n paikoissa, joissa en ole koskaan k\u00e4ynyt. Kuka sellaisesta kielt\u00e4ytyisi? L\u00e4hdimme liikkeelle lauantai-aamuna suuntana pieni maatila l\u00e4hell\u00e4 Luxemburgin ja Belgian rajaa. L\u00e4hestyess\u00e4mme It\u00e4-Belgiaa alkoi maastokin muuttua ja maisemat olivat\u2026","rel":"","context":"Kategoriassa &quot;Luxemburg&quot;","block_context":{"text":"Luxemburg","link":"https:\/\/riisa.net\/index.php\/category\/matkailu\/luxemburg\/"},"img":{"alt_text":"","src":"","width":0,"height":0},"classes":[]},{"id":132,"url":"https:\/\/riisa.net\/index.php\/2008\/07\/05\/hollannin-rannikolla\/","url_meta":{"origin":147,"position":2},"title":"Hollannin rannikolla","author":"Riisa","date":"5.7.2008","format":false,"excerpt":"L\u00e4hdimme t\u00e4n\u00e4\u00e4n vapaap\u00e4iv\u00e4n kunniaksi Hollantiin p\u00e4iv\u00e4retkelle. Varsinaista suuntaa emme p\u00e4\u00e4tt\u00e4neet etuk\u00e4teen, vaan Belgian ja Hollannin rajan ylityksen j\u00e4lkeen p\u00e4\u00e4timme katsoa mit\u00e4 s\u00e4\u00e4 tarjoaa ja suunnata joko l\u00e4heiseen kauniiseen kaupunkiin tai rannikolle. Koska s\u00e4\u00e4 oli aivan siedett\u00e4v\u00e4, sadetta ei tullut ja pilvien v\u00e4list\u00e4 kurkisteli v\u00e4lill\u00e4 jopa aurinko, p\u00e4\u00e4dyimme Hollannin lounaisrannikolle Seelantiin\u2026","rel":"","context":"Kategoriassa &quot;Hollanti&quot;","block_context":{"text":"Hollanti","link":"https:\/\/riisa.net\/index.php\/category\/matkailu\/hollanti\/"},"img":{"alt_text":"","src":"","width":0,"height":0},"classes":[]},{"id":157,"url":"https:\/\/riisa.net\/index.php\/2008\/08\/12\/pariisi-2-paiva\/","url_meta":{"origin":147,"position":3},"title":"Kirkkoja ja katedraaleja (Pariisi, 2. p\u00e4iv\u00e4)","author":"Riisa","date":"12.8.2008","format":false,"excerpt":"Aamu alkoi v\u00e4syneesti ja edellisen p\u00e4iv\u00e4n reippailun tuloksena jalat olivat kipe\u00e4t joka kohdasta. Eiffeliin nousemisenkin tunsi reisiss\u00e4. Hotellin aamiainen oli todella hyv\u00e4 ja 7 euron hintansa v\u00e4\u00e4rti. Tarjolla oli paria eri mehua, kahvia, teet\u00e4, maitoa, kaakaota, croissantteja, suklaaleipi\u00e4, s\u00e4mpyl\u00f6it\u00e4, patonkia, paahtoleip\u00e4\u00e4, marmelaadeja, juustoja, kinkkua, margariinia, suklaa-p\u00e4hkin\u00e4levitett\u00e4, paria eri murolaatua, hedelm\u00e4salaattia,\u2026","rel":"","context":"Kategoriassa &quot;Matkailu&quot;","block_context":{"text":"Matkailu","link":"https:\/\/riisa.net\/index.php\/category\/matkailu\/"},"img":{"alt_text":"","src":"","width":0,"height":0},"classes":[]},{"id":1458,"url":"https:\/\/riisa.net\/index.php\/2013\/01\/03\/uusia-jouluperinteita\/","url_meta":{"origin":147,"position":4},"title":"Uusia jouluperinteit\u00e4","author":"Riisa","date":"3.1.2013","format":false,"excerpt":"T\u00e4m\u00e4 joulu oli hieman erilainen, sill\u00e4 vietimme sit\u00e4 yst\u00e4v\u00e4porukalla t\u00e4\u00e4ll\u00e4 meill\u00e4. Kaverijoulusta oli ollut puhetta jo aiempina vuosina, mutta aiemmin kaikilla oli ollut perinteisesti menot sovittuna eik\u00e4 aika ollut ihan kyps\u00e4. T\u00e4n\u00e4 vuonna min\u00e4 ja Eero halusimme viett\u00e4\u00e4 joulua kotona, mutta kaksin oleminen tuntui jotenkin h\u00f6lm\u00f6lt\u00e4 \u2013 onhan joulu kuitenkin\u2026","rel":"","context":"Kategoriassa &quot;Ajankohtaista&quot;","block_context":{"text":"Ajankohtaista","link":"https:\/\/riisa.net\/index.php\/category\/vapaalla\/ajankohtaista\/"},"img":{"alt_text":"","src":"https:\/\/i0.wp.com\/riisa.net\/wp-content\/uploads\/2013\/01\/kaverijoulu-2013-28.jpg?resize=350%2C200","width":350,"height":200,"srcset":"https:\/\/i0.wp.com\/riisa.net\/wp-content\/uploads\/2013\/01\/kaverijoulu-2013-28.jpg?resize=350%2C200 1x, https:\/\/i0.wp.com\/riisa.net\/wp-content\/uploads\/2013\/01\/kaverijoulu-2013-28.jpg?resize=525%2C300 1.5x"},"classes":[]},{"id":1763,"url":"https:\/\/riisa.net\/index.php\/2013\/05\/26\/japanin-parhaat-kirsikankukkanakymat\/","url_meta":{"origin":147,"position":5},"title":"Japanin parhaat kirsikankukkan\u00e4kym\u00e4t","author":"Riisa","date":"26.5.2013","format":false,"excerpt":"Olin kuullut Yoshinoa kutsuttavan yhdeksi Japanin upeimmista kirsikankukka-apajista, joten jo reissuni suunnittelun alkuvaiheessa p\u00e4\u00e4tin, ett\u00e4 t\u00e4ytyy ajoittaa visiitti vuoristoon siten, ett\u00e4 kukat olisivat viel\u00e4 puissa. Onnistuin t\u00e4ss\u00e4 nipin napin, sill\u00e4 vaikka suuntasin heti toisena matkap\u00e4iv\u00e4n\u00e4ni yst\u00e4v\u00e4ni Yukikon kanssa Osakasta p\u00e4iv\u00e4retkelle Naran prefektuurissa sijaitsevalle Yoshinolle, ei 10.4. ollut aivan tarpeeksi ajoissa.\u2026","rel":"","context":"Kategoriassa &quot;Japani&quot;","block_context":{"text":"Japani","link":"https:\/\/riisa.net\/index.php\/category\/matkailu\/japani-matkailu\/"},"img":{"alt_text":"kirsikankukat japanissa","src":"https:\/\/i0.wp.com\/riisa.net\/wp-content\/uploads\/2013\/05\/yoshino-alku-1.jpg?resize=350%2C200","width":350,"height":200,"srcset":"https:\/\/i0.wp.com\/riisa.net\/wp-content\/uploads\/2013\/05\/yoshino-alku-1.jpg?resize=350%2C200 1x, https:\/\/i0.wp.com\/riisa.net\/wp-content\/uploads\/2013\/05\/yoshino-alku-1.jpg?resize=525%2C300 1.5x"},"classes":[]}],"_links":{"self":[{"href":"https:\/\/riisa.net\/index.php\/wp-json\/wp\/v2\/posts\/147","targetHints":{"allow":["GET"]}}],"collection":[{"href":"https:\/\/riisa.net\/index.php\/wp-json\/wp\/v2\/posts"}],"about":[{"href":"https:\/\/riisa.net\/index.php\/wp-json\/wp\/v2\/types\/post"}],"author":[{"embeddable":true,"href":"https:\/\/riisa.net\/index.php\/wp-json\/wp\/v2\/users\/2"}],"replies":[{"embeddable":true,"href":"https:\/\/riisa.net\/index.php\/wp-json\/wp\/v2\/comments?post=147"}],"version-history":[{"count":5,"href":"https:\/\/riisa.net\/index.php\/wp-json\/wp\/v2\/posts\/147\/revisions"}],"predecessor-version":[{"id":2311,"href":"https:\/\/riisa.net\/index.php\/wp-json\/wp\/v2\/posts\/147\/revisions\/2311"}],"wp:attachment":[{"href":"https:\/\/riisa.net\/index.php\/wp-json\/wp\/v2\/media?parent=147"}],"wp:term":[{"taxonomy":"category","embeddable":true,"href":"https:\/\/riisa.net\/index.php\/wp-json\/wp\/v2\/categories?post=147"},{"taxonomy":"post_tag","embeddable":true,"href":"https:\/\/riisa.net\/index.php\/wp-json\/wp\/v2\/tags?post=147"}],"curies":[{"name":"wp","href":"https:\/\/api.w.org\/{rel}","templated":true}]}}