{"id":151,"date":"2008-08-05T19:01:00","date_gmt":"2008-08-05T19:01:00","guid":{"rendered":"http:\/\/riisa.net\/?p=151"},"modified":"2011-04-06T19:58:04","modified_gmt":"2011-04-06T19:58:04","slug":"brysseli-tutummaksi","status":"publish","type":"post","link":"https:\/\/riisa.net\/index.php\/2008\/08\/05\/brysseli-tutummaksi\/","title":{"rendered":"Brysseli tutummaksi"},"content":{"rendered":"<p>Koska \u00e4itini piti tietenkin n\u00e4hd\u00e4 Brysselin p\u00e4\u00e4n\u00e4ht\u00e4vyyden t\u00e4\u00e4ll\u00e4 k\u00e4ydess\u00e4\u00e4n, kierr\u00e4tin h\u00e4nt\u00e4 niill\u00e4 parin p\u00e4iv\u00e4n ajan viime lauantaina ja sunnuntaina. Ajoimme lauantaiaamuna metrolla koko porukalla Tuijan, Jannen ja Neean kanssa Botaniquen metroasemalle katsastaaksemme ihan alkuun Botaniquen puutarhan. Se oli ihan mukava puutarha; oli k\u00e4yt\u00e4vi\u00e4 ja monenmoisia kasveja, niinkuin kasvitieteellisiss\u00e4 puutarhoissa yleens\u00e4 tuppaa olemaan. Puutarhan yhteydess\u00e4 on my\u00f6s rakennus, jota k\u00e4ytet\u00e4\u00e4n k\u00e4sitt\u00e4\u00e4kseni jonkinlaisena konserttitilana tai vastaavana.<\/p>\n<p><a href=\"https:\/\/i0.wp.com\/bp3.blogger.com\/_0O1z8fUx0VQ\/SJixoL9NT1I\/AAAAAAAAAvc\/ioZokmFUp8s\/s1600-h\/bryssel%2B007_1.jpg\" onblur=\"try {parent.deselectBloggerImageGracefully();} catch(e) {}\"><img data-recalc-dims=\"1\" decoding=\"async\" id=\"BLOGGER_PHOTO_ID_5231126271153229650\" style=\"margin: 0px auto 10px; display: block; text-align: center; cursor: pointer;\" src=\"https:\/\/i0.wp.com\/bp3.blogger.com\/_0O1z8fUx0VQ\/SJixoL9NT1I\/AAAAAAAAAvc\/ioZokmFUp8s\/s320\/bryssel%2B007_1.jpg?w=392\" border=\"0\" alt=\"\" \/><\/a><br \/>\nLauantai kului muutoin aamup\u00e4iv\u00e4n osalta shoppaillessa. \u00c4iti l\u00f6ysi tavaratalosta pari paitaa, sek\u00e4 jotain tuliaisia supermarketista, itse haaveilin yhden ihanan mustan hameen per\u00e4\u00e4n. Jotenkin tyhm\u00e4lt\u00e4 tuntuu vain se, ett\u00e4 kyseinen hamonen oli Hennes&amp;Mauritz:n ikkunassa. H\u00f6lml\u00e4 tulla Brysseliin saakka ja l\u00f6yt\u00e4\u00e4 sitten t\u00e4ydellinen hame H&amp;M:lt\u00e4. :P<\/p>\n<p>Iltap\u00e4iv\u00e4st\u00e4 l\u00e4hdimme Grand Placen suuntaan ja pitih\u00e4n se Manneken Pis:kin taas k\u00e4yd\u00e4 katsastamassa. Pissapoika oli saanut t\u00e4ll\u00e4 kertaa jonkun nutun niskaansa &#8211; jotain uutta n\u00e4ht\u00e4v\u00e4\u00e4 minullekin. Pissaajapatsaan tuotteistaminen on jotain aivan k\u00e4sitt\u00e4m\u00e4t\u00f6nt\u00e4: l\u00f6ytyy avaimenper\u00e4\u00e4, magneettia, taulua ja miniatyyria, ja kaiken kruunaavat ihastuttavat viinipullon avaamiseen tarkoitetut korkkiruuvit, jollaista tuskin kehtaisi edes k\u00e4ytt\u00e4\u00e4. :D<\/p>\n<p><a href=\"https:\/\/i0.wp.com\/bp1.blogger.com\/_0O1z8fUx0VQ\/SJitbg_x2sI\/AAAAAAAAAu0\/k7WhF4V75Z0\/s1600-h\/bryssel%2B034_1.jpg\" onblur=\"try {parent.deselectBloggerImageGracefully();} catch(e) {}\"><img data-recalc-dims=\"1\" decoding=\"async\" id=\"BLOGGER_PHOTO_ID_5231121655416347330\" style=\"margin: 0px auto 10px; display: block; text-align: center; cursor: pointer;\" src=\"https:\/\/i0.wp.com\/bp1.blogger.com\/_0O1z8fUx0VQ\/SJitbg_x2sI\/AAAAAAAAAu0\/k7WhF4V75Z0\/s320\/bryssel%2B034_1.jpg?w=392\" border=\"0\" alt=\"\" \/><\/a><br \/>\nManneken Pisin tuntumasta ostimme brysselil\u00e4iset vohvelit semmoisilla p\u00e4\u00e4lysteill\u00e4, ett\u00e4 lopputulos oli liiallisesta makeasta aiheutunut \u00e4ll\u00f6tys. Onneksi se h\u00e4lveni nopeasti k\u00e4velless\u00e4 seuraaville n\u00e4ht\u00e4vyyksille.<\/p>\n<p><a href=\"https:\/\/i0.wp.com\/bp0.blogger.com\/_0O1z8fUx0VQ\/SJiuqVc9ElI\/AAAAAAAAAu8\/gEHpMPcnRR0\/s1600-h\/bryssel%2B047_1.jpg\" onblur=\"try {parent.deselectBloggerImageGracefully();} catch(e) {}\"><img data-recalc-dims=\"1\" decoding=\"async\" id=\"BLOGGER_PHOTO_ID_5231123009527157330\" style=\"margin: 0px auto 10px; display: block; text-align: center; cursor: pointer;\" src=\"https:\/\/i0.wp.com\/bp0.blogger.com\/_0O1z8fUx0VQ\/SJiuqVc9ElI\/AAAAAAAAAu8\/gEHpMPcnRR0\/s320\/bryssel%2B047_1.jpg?w=392\" border=\"0\" alt=\"\" \/><\/a><a href=\"https:\/\/i0.wp.com\/bp1.blogger.com\/_0O1z8fUx0VQ\/SJivjF5f7nI\/AAAAAAAAAvU\/6kCfvmMWGno\/s1600-h\/bryssel%2B056_1.jpg\" onblur=\"try {parent.deselectBloggerImageGracefully();} catch(e) {}\"><img data-recalc-dims=\"1\" decoding=\"async\" id=\"BLOGGER_PHOTO_ID_5231123984604458610\" style=\"margin: 0px auto 10px; display: block; text-align: center; cursor: pointer;\" src=\"https:\/\/i0.wp.com\/bp1.blogger.com\/_0O1z8fUx0VQ\/SJivjF5f7nI\/AAAAAAAAAvU\/6kCfvmMWGno\/s320\/bryssel%2B056_1.jpg?w=392\" border=\"0\" alt=\"\" \/><\/a><br \/>\nKatsastimme l\u00e4hiet\u00e4isyydelt\u00e4 l\u00f6ytyneet Brysselin kirkot. Ne olivat Notre Dame de la Chapelle, Notre Dame du Sabon, kuninkaallinen kirkko Saint Jacques sur Coudenberg ja viimeisen\u00e4, mutten v\u00e4h\u00e4isimp\u00e4n\u00e4 Cath\u00e9drale Saint-Michel-et-Gudule, kuningasparin vihkikirkko, joka on my\u00f6s Brysselin katolinen p\u00e4\u00e4kirkko. Nimi\u00e4 lueskellessa tulee v\u00e4kisinkin mieleen, ett\u00e4 kuinka v\u00e4h\u00e4n voi olla mielikuvitusta, kun t\u00e4\u00e4ll\u00e4 p\u00e4in joka kaupungista tuntuu l\u00f6ytyv\u00e4n ainakin yksi Notre Dame. Toisaalta, mist\u00e4s sit\u00e4 tiet\u00e4\u00e4, jos nimi viittaakin aina aivan eri rouvashenkil\u00f6\u00f6n Neitsyt Marian sijaan(notre dame = meid\u00e4n rouvamme, ladymme tms.)<\/p>\n<p><a href=\"https:\/\/i0.wp.com\/bp1.blogger.com\/_0O1z8fUx0VQ\/SJiuqXKawRI\/AAAAAAAAAvE\/K_BC_EtWh8w\/s1600-h\/bryssel%2B069_1.jpg\" onblur=\"try {parent.deselectBloggerImageGracefully();} catch(e) {}\"><img data-recalc-dims=\"1\" decoding=\"async\" id=\"BLOGGER_PHOTO_ID_5231123009986281746\" style=\"margin: 0px auto 10px; display: block; text-align: center; cursor: pointer;\" src=\"https:\/\/i0.wp.com\/bp1.blogger.com\/_0O1z8fUx0VQ\/SJiuqXKawRI\/AAAAAAAAAvE\/K_BC_EtWh8w\/s320\/bryssel%2B069_1.jpg?w=392\" border=\"0\" alt=\"\" \/><\/a><a href=\"https:\/\/i0.wp.com\/bp2.blogger.com\/_0O1z8fUx0VQ\/SJiuqiIK1tI\/AAAAAAAAAvM\/msWlk40Le5E\/s1600-h\/bryssel%2B104_1.jpg\" onblur=\"try {parent.deselectBloggerImageGracefully();} catch(e) {}\"><img data-recalc-dims=\"1\" decoding=\"async\" id=\"BLOGGER_PHOTO_ID_5231123012929640146\" style=\"margin: 0px auto 10px; display: block; text-align: center; cursor: pointer;\" src=\"https:\/\/i0.wp.com\/bp2.blogger.com\/_0O1z8fUx0VQ\/SJiuqiIK1tI\/AAAAAAAAAvM\/msWlk40Le5E\/s320\/bryssel%2B104_1.jpg?w=392\" border=\"0\" alt=\"\" \/><\/a><br \/>\nEhdimme parahiksi k\u00e4ym\u00e4\u00e4n my\u00f6s keskustan kuninkaan linnassa, joka n\u00e4in kes\u00e4kuukausina on auki yleis\u00f6lle. Paikka oli aivan sanoinkuvaamattoman pramea. Kristallikruunut s\u00e4dehtiv\u00e4t katossa ja olivat sellaista kokoluokkaa, jota harvemmin miss\u00e4\u00e4n p\u00e4\u00e4see n\u00e4kem\u00e4\u00e4n. Kulta kimmelsi ja sisustus oli kuin satukirjoista tai elokuvalavasteista. Harmiksi tietenk\u00e4\u00e4n ei saanut ottaa valokuvia. Kuva ostamastamme postikortista kertokoon hieman enemm\u00e4n kuin sanat.<\/p>\n<p><a href=\"https:\/\/i0.wp.com\/lh4.ggpht.com\/riisanoshashin\/SKsdipCCq8I\/AAAAAAAAA6M\/oMTv_OUdKYg\/080804%20030_1.jpg\" onblur=\"try {parent.deselectBloggerImageGracefully();} catch(e) {}\"><img data-recalc-dims=\"1\" decoding=\"async\" style=\"margin: 0px auto 10px; display: block; text-align: center; cursor: pointer; width: 320px;\" src=\"https:\/\/i0.wp.com\/lh4.ggpht.com\/riisanoshashin\/SKsdipCCq8I\/AAAAAAAAA6M\/oMTv_OUdKYg\/080804%20030_1.jpg?w=392\" border=\"0\" alt=\"\" \/><\/a><br \/>\nSunnuntaina k\u00e4v\u00e4isimme p\u00e4iv\u00e4selt\u00e4\u00e4n Clemenceaun markkinoilla, joilla vierailin my\u00f6s viime sunnuntaina. Ostin eurolla kenk\u00e4parin. :D Kivan n\u00e4k\u00f6iset ballerinat, mutta saa n\u00e4hd\u00e4 kauanko moiset halpispopot kest\u00e4v\u00e4t &#8211; tai kest\u00e4\u00e4k\u00f6 niit\u00e4 ylip\u00e4\u00e4t\u00e4\u00e4n liiemmin pit\u00e4\u00e4 jalassa, jos ne ovat kovin ep\u00e4ergonomiset. \u00c4iti l\u00f6ysi huivin.<\/p>\n<p>Markkinoiden j\u00e4lkeen metroilimme Porte de Namurille ja kipitimme sielt\u00e4 pienen lounaan j\u00e4lkeen Kuninkaalliselle taidemuseolle. Museon kiinteisiin kokoelmiin kuului mm. tietenkin kuuluisimpien belgialaisten taiteilijoiden kuten Rubensin, van Dyckin ja Brouwerin t\u00f6it\u00e4. Ehk\u00e4 tunnetuin museon maalauksista on kuitenkin Jacque-Louis Davidin taulu, &#8217;Marat assassin\u00e9&#8217;.<\/p>\n<p><a href=\"https:\/\/i0.wp.com\/bp3.blogger.com\/_0O1z8fUx0VQ\/SJi4Q8jqv6I\/AAAAAAAAAvk\/ud9wqGJCSu8\/s1600-h\/080803%2B034_1.jpg\" onblur=\"try {parent.deselectBloggerImageGracefully();} catch(e) {}\"><img data-recalc-dims=\"1\" decoding=\"async\" id=\"BLOGGER_PHOTO_ID_5231133568463978402\" style=\"margin: 0px auto 10px; display: block; text-align: center; cursor: pointer;\" src=\"https:\/\/i0.wp.com\/bp3.blogger.com\/_0O1z8fUx0VQ\/SJi4Q8jqv6I\/AAAAAAAAAvk\/ud9wqGJCSu8\/s320\/080803%2B034_1.jpg?w=392\" border=\"0\" alt=\"\" \/><\/a><br \/>\nModernimman taiteen osastolta l\u00f6ytyi my\u00f6s esimerkiksi Magritten surrealimia, sek\u00e4 ainakin yksi Salvador Dalin ty\u00f6.<\/p>\n<p><a href=\"https:\/\/i0.wp.com\/bp1.blogger.com\/_0O1z8fUx0VQ\/SJi7wFnr5PI\/AAAAAAAAAvs\/AAu-xAVEfVs\/s1600-h\/080803%2B057_1.jpg\" onblur=\"try {parent.deselectBloggerImageGracefully();} catch(e) {}\"><img data-recalc-dims=\"1\" decoding=\"async\" id=\"BLOGGER_PHOTO_ID_5231137402007577842\" style=\"margin: 0px auto 10px; display: block; text-align: center; cursor: pointer;\" src=\"https:\/\/i0.wp.com\/bp1.blogger.com\/_0O1z8fUx0VQ\/SJi7wFnr5PI\/AAAAAAAAAvs\/AAu-xAVEfVs\/s320\/080803%2B057_1.jpg?w=392\" border=\"0\" alt=\"\" \/><\/a><br \/>\nIltap\u00e4iv\u00e4ll\u00e4 k\u00e4vimme viel\u00e4 Brysselin EU-korttelissa ja ajoimme tiet\u00e4\u00e4kseni maailman kolmanneksi suurimman basilikan Basilique du Sacr\u00e9-Coeurin ohitse. Ilta meni turhautuen tietokoneella etsiess\u00e4ni ratkaisuja seuraavan matkakohteeni koukeroihin. Mutta niist\u00e4 lis\u00e4\u00e4 my\u00f6hemmin.<\/p>\n","protected":false},"excerpt":{"rendered":"<p>Koska \u00e4itini piti tietenkin n\u00e4hd\u00e4 Brysselin p\u00e4\u00e4n\u00e4ht\u00e4vyyden t\u00e4\u00e4ll\u00e4 k\u00e4ydess\u00e4\u00e4n, kierr\u00e4tin h\u00e4nt\u00e4 niill\u00e4 parin p\u00e4iv\u00e4n ajan viime lauantaina ja sunnuntaina. Ajoimme lauantaiaamuna metrolla koko porukalla Tuijan, &hellip;<\/p>\n","protected":false},"author":2,"featured_media":0,"comment_status":"open","ping_status":"open","sticky":false,"template":"","format":"standard","meta":{"advanced_seo_description":"","jetpack_seo_html_title":"","jetpack_seo_noindex":false,"jetpack_post_was_ever_published":false,"_jetpack_newsletter_access":"","_jetpack_dont_email_post_to_subs":false,"_jetpack_newsletter_tier_id":0,"_jetpack_memberships_contains_paywalled_content":false,"_jetpack_memberships_contains_paid_content":false,"footnotes":""},"categories":[39,21,17,26,22],"tags":[],"class_list":["post-151","post","type-post","status-publish","format-standard","hentry","category-belgia","category-bryssel","category-design_ja_taide","category-kuvataide","category-matkailu"],"jetpack_featured_media_url":"","jetpack_sharing_enabled":true,"jetpack_shortlink":"https:\/\/wp.me\/p9vavA-2r","jetpack_likes_enabled":true,"jetpack-related-posts":[{"id":2833,"url":"https:\/\/riisa.net\/index.php\/2015\/07\/20\/kartanoromantiikkaa-lontoon-reunamilla\/","url_meta":{"origin":151,"position":0},"title":"Kartanoromantiikkaa Lontoon reunamilla","author":"Riisa","date":"20.7.2015","format":false,"excerpt":"Ham Housen hulppea kartano Lontoon reunamilla, Richmondin alueella, oli pitk\u00e4\u00e4n ollut must see -kohteideni listalla ja vihdoin viime kev\u00e4isell\u00e4 Lontoon reissulla sain aikaiseksi suunnitella retken tutustumaan komeaan kartanoon ja sen ymp\u00e4rist\u00f6\u00f6n. Downton Abbeyn, Upstairs Downstairsin, Mr. Selfridgen sek\u00e4 lukuisten muiden aikalaisdraamojen ja epookkiromaanien fanille [highlight] Ham House [\/highlight] tarjosikin mukavasti\u2026","rel":"","context":"Kategoriassa &quot;Iso-Britannia&quot;","block_context":{"text":"Iso-Britannia","link":"https:\/\/riisa.net\/index.php\/category\/matkailu\/iso-britannia\/"},"img":{"alt_text":"","src":"https:\/\/i0.wp.com\/riisa.net\/wp-content\/uploads\/2015\/07\/hamhouse-entrance-1.jpg?fit=620%2C360&ssl=1&resize=350%2C200","width":350,"height":200,"srcset":"https:\/\/i0.wp.com\/riisa.net\/wp-content\/uploads\/2015\/07\/hamhouse-entrance-1.jpg?fit=620%2C360&ssl=1&resize=350%2C200 1x, https:\/\/i0.wp.com\/riisa.net\/wp-content\/uploads\/2015\/07\/hamhouse-entrance-1.jpg?fit=620%2C360&ssl=1&resize=525%2C300 1.5x"},"classes":[]},{"id":2443,"url":"https:\/\/riisa.net\/index.php\/2014\/04\/05\/japanin-boheemit-kahvilat\/","url_meta":{"origin":151,"position":1},"title":"Japanin boheemit kahvilat","author":"Riisa","date":"5.4.2014","format":false,"excerpt":"\u00a0 Rakastan kahviloissa lorvailua \u2013 fiilistely\u00e4 kauniisti, r\u00e4v\u00e4k\u00e4sti, harmonisesti tai mielikuvituksekkaasti sisustetussa tilassa, jossa kahvi tuoksuu, taustalla soi paikan tunnelman t\u00e4ydent\u00e4v\u00e4 musiikki ja ymp\u00e4rill\u00e4 on paljon hymyilevi\u00e4 kasvoja. Lusikoiden kilahtelua, hiljaista puheensorinaa, vastaleivotun maustekakun aromit ilmassa... Aina kun saan mahdollisuuden tehd\u00e4 t\u00f6it\u00e4 t\u00e4llaisissa paikoissa, innostun entisest\u00e4\u00e4n. Luovat ideat syntyv\u00e4t ainakin\u2026","rel":"","context":"Kategoriassa &quot;Hiroshima&quot;","block_context":{"text":"Hiroshima","link":"https:\/\/riisa.net\/index.php\/category\/matkailu\/japani-matkailu\/hiroshima\/"},"img":{"alt_text":"japanilaiset-kahvilat-1","src":"https:\/\/i0.wp.com\/riisa.net\/wp-content\/uploads\/2014\/04\/japanilaiset-kahvilat-1.jpg?resize=350%2C200","width":350,"height":200,"srcset":"https:\/\/i0.wp.com\/riisa.net\/wp-content\/uploads\/2014\/04\/japanilaiset-kahvilat-1.jpg?resize=350%2C200 1x, https:\/\/i0.wp.com\/riisa.net\/wp-content\/uploads\/2014\/04\/japanilaiset-kahvilat-1.jpg?resize=525%2C300 1.5x"},"classes":[]},{"id":2693,"url":"https:\/\/riisa.net\/index.php\/2014\/09\/20\/viela-hetki-puutarhassa\/","url_meta":{"origin":151,"position":2},"title":"Viel\u00e4 hetki puutarhassa","author":"Riisa","date":"20.9.2014","format":false,"excerpt":"T\u00e4n\u00e4\u00e4n oli taas syksyisen l\u00e4mmin, ellei jopa v\u00e4h\u00e4n kes\u00e4lt\u00e4 vivahtanut p\u00e4iv\u00e4, joten palasin mietteiss\u00e4ni edelliseen kes\u00e4\u00e4n. [highlight]Laatikkopuutarhurointini[\/highlight] onnistui t\u00e4n\u00e4 vuonna yll\u00e4tt\u00e4v\u00e4n hyvin ottaen huomioon, ett\u00e4 en ollut koko hein\u00e4kuussa Suomessa \u2013 tai kuka tiet\u00e4\u00e4, ehk\u00e4 juuri siksi. Sijaiskastelijani saattoi ottaa homman kenties tunnollisemmin kuin olisin itse tehnyt? T\u00e4n\u00e4 vuonna menin\u2026","rel":"","context":"Kategoriassa &quot;Koti &amp; Sisustus&quot;","block_context":{"text":"Koti &amp; Sisustus","link":"https:\/\/riisa.net\/index.php\/category\/sisustus_ja_tyyli\/"},"img":{"alt_text":"","src":"https:\/\/i0.wp.com\/riisa.net\/wp-content\/uploads\/2014\/09\/puutarhalaatikko-kesa2014-aloitus-8.jpg?fit=620%2C360&ssl=1&resize=350%2C200","width":350,"height":200,"srcset":"https:\/\/i0.wp.com\/riisa.net\/wp-content\/uploads\/2014\/09\/puutarhalaatikko-kesa2014-aloitus-8.jpg?fit=620%2C360&ssl=1&resize=350%2C200 1x, https:\/\/i0.wp.com\/riisa.net\/wp-content\/uploads\/2014\/09\/puutarhalaatikko-kesa2014-aloitus-8.jpg?fit=620%2C360&ssl=1&resize=525%2C300 1.5x"},"classes":[]},{"id":2976,"url":"https:\/\/riisa.net\/index.php\/2018\/09\/02\/haiden-juhlapaikka-katajanokan-kasino\/","url_meta":{"origin":151,"position":3},"title":"H\u00e4iden juhlapaikka: Katajanokan kasino","author":"Riisa","date":"2.9.2018","format":false,"excerpt":"H\u00e4iden juhlapaikka m\u00e4\u00e4ritt\u00e4\u00e4 p\u00e4iv\u00e4n fiiliksen ja puitteet. Me l\u00f6ysimme iloksemme juuri kriteerimme t\u00e4ytt\u00e4v\u00e4n juhlapaikan Katajanokan kasinolta Helsingin ytimest\u00e4 meren rannalta.","rel":"","context":"Kategoriassa &quot;H\u00e4\u00e4t&quot;","block_context":{"text":"H\u00e4\u00e4t","link":"https:\/\/riisa.net\/index.php\/category\/haat\/"},"img":{"alt_text":"","src":"https:\/\/i0.wp.com\/riisa.net\/wp-content\/uploads\/2018\/09\/wedding-location-17.jpg?fit=1200%2C800&ssl=1&resize=350%2C200","width":350,"height":200,"srcset":"https:\/\/i0.wp.com\/riisa.net\/wp-content\/uploads\/2018\/09\/wedding-location-17.jpg?fit=1200%2C800&ssl=1&resize=350%2C200 1x, https:\/\/i0.wp.com\/riisa.net\/wp-content\/uploads\/2018\/09\/wedding-location-17.jpg?fit=1200%2C800&ssl=1&resize=525%2C300 1.5x, https:\/\/i0.wp.com\/riisa.net\/wp-content\/uploads\/2018\/09\/wedding-location-17.jpg?fit=1200%2C800&ssl=1&resize=700%2C400 2x, https:\/\/i0.wp.com\/riisa.net\/wp-content\/uploads\/2018\/09\/wedding-location-17.jpg?fit=1200%2C800&ssl=1&resize=1050%2C600 3x"},"classes":[]},{"id":212,"url":"https:\/\/riisa.net\/index.php\/2008\/11\/28\/joulumyyjaisten-jalkipolinat\/","url_meta":{"origin":151,"position":4},"title":"Joulumyyj\u00e4isten j\u00e4lkip\u00f6lin\u00e4t","author":"Riisa","date":"28.11.2008","format":false,"excerpt":"Joulumyyj\u00e4iset ovat kunnialla ohi, ja kun sanon kunnialla, todella tarkoitan sit\u00e4. Tapahtuma onnistu kivasti, ja v\u00e4ke\u00e4 oli ihan mukavasti paikalla. Kaikilla myyjill\u00e4 oli hienoja tuotteita, ja kaikki n\u00e4yttiv\u00e4t panostaneen my\u00f6s esille laittoon - oli kynttil\u00f6it\u00e4, p\u00f6yt\u00e4liinoja ja muuta tunnelmarekvisiittaa. Koulun aulassa soivat joululaulut ja eilen koristelemamme kuusi kimmelsi k\u00e4yt\u00e4v\u00e4n p\u00e4\u00e4ss\u00e4.\u2026","rel":"","context":"Kategoriassa &quot;Askartelu &amp; K\u00e4sity\u00f6&quot;","block_context":{"text":"Askartelu &amp; K\u00e4sity\u00f6","link":"https:\/\/riisa.net\/index.php\/category\/design_ja_taide\/askartelu_ja_kasityo\/"},"img":{"alt_text":"","src":"https:\/\/i0.wp.com\/riisa.net\/wp-content\/uploads\/2011\/04\/kuusikranssi.jpg?resize=350%2C200","width":350,"height":200,"srcset":"https:\/\/i0.wp.com\/riisa.net\/wp-content\/uploads\/2011\/04\/kuusikranssi.jpg?resize=350%2C200 1x, https:\/\/i0.wp.com\/riisa.net\/wp-content\/uploads\/2011\/04\/kuusikranssi.jpg?resize=525%2C300 1.5x"},"classes":[]},{"id":1862,"url":"https:\/\/riisa.net\/index.php\/2013\/10\/05\/kesan-viimeiset-illat-puutarhassa\/","url_meta":{"origin":151,"position":5},"title":"Kes\u00e4n viimeiset illat puutarhassa","author":"Riisa","date":"5.10.2013","format":false,"excerpt":"Olin koko kes\u00e4n halunnut j\u00e4rjest\u00e4\u00e4 puutarhajuhlat, joten kun elokuun loppu alkoi uhkaavasti h\u00e4\u00e4m\u00f6tt\u00e4\u00e4, oli lopulta pakko ryhty\u00e4 toimeen tai juhlat j\u00e4isiv\u00e4t pian pit\u00e4m\u00e4tt\u00e4. Oli mukavaa valmistella juhlia pikkuhiljaa, pitkin kes\u00e4\u00e4. Hankin koristeita ja kaikenmaailman tilpeh\u00f6\u00f6ri\u00e4 etuk\u00e4teen, piirtelin menu-kortteja ja photoshoppailin kutsua. Hidas suunnittelu oli omiaan, koska kuten yleens\u00e4, kyll\u00e4p\u00e4 siin\u00e4\u2026","rel":"","context":"Kategoriassa &quot;Koti &amp; Sisustus&quot;","block_context":{"text":"Koti &amp; Sisustus","link":"https:\/\/riisa.net\/index.php\/category\/sisustus_ja_tyyli\/"},"img":{"alt_text":"kes\u00e4juhlat puutarhassa","src":"https:\/\/i0.wp.com\/riisa.net\/wp-content\/uploads\/2013\/10\/puutarhajuhlat-alku-1.jpg?resize=350%2C200","width":350,"height":200,"srcset":"https:\/\/i0.wp.com\/riisa.net\/wp-content\/uploads\/2013\/10\/puutarhajuhlat-alku-1.jpg?resize=350%2C200 1x, https:\/\/i0.wp.com\/riisa.net\/wp-content\/uploads\/2013\/10\/puutarhajuhlat-alku-1.jpg?resize=525%2C300 1.5x"},"classes":[]}],"_links":{"self":[{"href":"https:\/\/riisa.net\/index.php\/wp-json\/wp\/v2\/posts\/151","targetHints":{"allow":["GET"]}}],"collection":[{"href":"https:\/\/riisa.net\/index.php\/wp-json\/wp\/v2\/posts"}],"about":[{"href":"https:\/\/riisa.net\/index.php\/wp-json\/wp\/v2\/types\/post"}],"author":[{"embeddable":true,"href":"https:\/\/riisa.net\/index.php\/wp-json\/wp\/v2\/users\/2"}],"replies":[{"embeddable":true,"href":"https:\/\/riisa.net\/index.php\/wp-json\/wp\/v2\/comments?post=151"}],"version-history":[{"count":4,"href":"https:\/\/riisa.net\/index.php\/wp-json\/wp\/v2\/posts\/151\/revisions"}],"predecessor-version":[{"id":511,"href":"https:\/\/riisa.net\/index.php\/wp-json\/wp\/v2\/posts\/151\/revisions\/511"}],"wp:attachment":[{"href":"https:\/\/riisa.net\/index.php\/wp-json\/wp\/v2\/media?parent=151"}],"wp:term":[{"taxonomy":"category","embeddable":true,"href":"https:\/\/riisa.net\/index.php\/wp-json\/wp\/v2\/categories?post=151"},{"taxonomy":"post_tag","embeddable":true,"href":"https:\/\/riisa.net\/index.php\/wp-json\/wp\/v2\/tags?post=151"}],"curies":[{"name":"wp","href":"https:\/\/api.w.org\/{rel}","templated":true}]}}