{"id":157,"date":"2008-08-12T21:37:00","date_gmt":"2008-08-12T21:37:00","guid":{"rendered":"http:\/\/riisa.net\/?p=157"},"modified":"2011-04-06T19:56:22","modified_gmt":"2011-04-06T19:56:22","slug":"pariisi-2-paiva","status":"publish","type":"post","link":"https:\/\/riisa.net\/index.php\/2008\/08\/12\/pariisi-2-paiva\/","title":{"rendered":"Kirkkoja ja katedraaleja (Pariisi, 2. p\u00e4iv\u00e4)"},"content":{"rendered":"<p>Aamu alkoi v\u00e4syneesti ja edellisen p\u00e4iv\u00e4n reippailun tuloksena jalat olivat kipe\u00e4t joka kohdasta. Eiffeliin nousemisenkin tunsi reisiss\u00e4.<\/p>\n<p>Hotellin aamiainen oli todella hyv\u00e4 ja 7 euron hintansa v\u00e4\u00e4rti. Tarjolla oli paria eri mehua, kahvia, teet\u00e4, maitoa, kaakaota, croissantteja, suklaaleipi\u00e4, s\u00e4mpyl\u00f6it\u00e4, patonkia, paahtoleip\u00e4\u00e4, marmelaadeja, juustoja, kinkkua, margariinia, suklaa-p\u00e4hkin\u00e4levitett\u00e4, paria eri murolaatua, hedelm\u00e4salaattia, keksej\u00e4, kananmunia ja jugurttia jos mink\u00e4 moista&#8230; Eli oli siis mist\u00e4 valita.<\/p>\n<p><a href=\"https:\/\/i0.wp.com\/3.bp.blogspot.com\/_0O1z8fUx0VQ\/SKbBllnoD4I\/AAAAAAAAA0M\/0Xg9HnYezbM\/s1600-h\/IMG_1149_1.JPG\" onblur=\"try {parent.deselectBloggerImageGracefully();} catch(e) {}\"><img data-recalc-dims=\"1\" decoding=\"async\" id=\"BLOGGER_PHOTO_ID_5235084468362416002\" style=\"margin: 0px auto 10px; display: block; text-align: center; cursor: pointer;\" src=\"https:\/\/i0.wp.com\/3.bp.blogspot.com\/_0O1z8fUx0VQ\/SKbBllnoD4I\/AAAAAAAAA0M\/0Xg9HnYezbM\/s320\/IMG_1149_1.JPG?w=392\" border=\"0\" alt=\"\" \/><\/a><a href=\"https:\/\/i0.wp.com\/4.bp.blogspot.com\/_0O1z8fUx0VQ\/SKbDwxgMEwI\/AAAAAAAAA08\/9KcwuYiiB60\/s1600-h\/IMG_1201_1.JPG\" onblur=\"try {parent.deselectBloggerImageGracefully();} catch(e) {}\"><img data-recalc-dims=\"1\" decoding=\"async\" id=\"BLOGGER_PHOTO_ID_5235086859554263810\" style=\"margin: 0px auto 10px; display: block; text-align: center; cursor: pointer;\" src=\"https:\/\/i0.wp.com\/4.bp.blogspot.com\/_0O1z8fUx0VQ\/SKbDwxgMEwI\/AAAAAAAAA08\/9KcwuYiiB60\/s320\/IMG_1201_1.JPG?w=392\" border=\"0\" alt=\"\" \/><\/a><br \/>\nKunnon tankkauksen j\u00e4lkeen l\u00e4hdimme metroilemaan kohti La Citea, Seinen keskell\u00e4 olevaa saarta, jolla sijaitsivat Notre-Damen katedraali ja Sainte Chapelle. Kirkkok\u00e4ynnit olivat Brysselin vastaavista poiketen aika horroria, sill\u00e4 kuka olisi kuvitellut ett\u00e4 niihinkin pit\u00e4\u00e4 jonottaa jopa tunti tolkulla. Ja toiseen piti viel\u00e4p\u00e4 maksaa sis\u00e4\u00e4np\u00e4\u00e4sylippu. Kirkkoon?!<\/p>\n<p><a href=\"https:\/\/i0.wp.com\/3.bp.blogspot.com\/_0O1z8fUx0VQ\/SKbDw5cz3QI\/AAAAAAAAA1E\/IXkSGRctQlg\/s1600-h\/IMG_1213_1.JPG\" onblur=\"try {parent.deselectBloggerImageGracefully();} catch(e) {}\"><img data-recalc-dims=\"1\" decoding=\"async\" id=\"BLOGGER_PHOTO_ID_5235086861687577858\" style=\"margin: 0px auto 10px; display: block; text-align: center; cursor: pointer;\" src=\"https:\/\/i0.wp.com\/3.bp.blogspot.com\/_0O1z8fUx0VQ\/SKbDw5cz3QI\/AAAAAAAAA1E\/IXkSGRctQlg\/s320\/IMG_1213_1.JPG?w=392\" border=\"0\" alt=\"\" \/><\/a><a href=\"https:\/\/i0.wp.com\/1.bp.blogspot.com\/_0O1z8fUx0VQ\/SKbBl-INfYI\/AAAAAAAAA0U\/MVFWO-7ZimI\/s1600-h\/IMG_1160_1.JPG\" onblur=\"try {parent.deselectBloggerImageGracefully();} catch(e) {}\"><img data-recalc-dims=\"1\" decoding=\"async\" id=\"BLOGGER_PHOTO_ID_5235084474941537666\" style=\"margin: 0px auto 10px; display: block; text-align: center; cursor: pointer;\" src=\"https:\/\/i0.wp.com\/1.bp.blogspot.com\/_0O1z8fUx0VQ\/SKbBl-INfYI\/AAAAAAAAA0U\/MVFWO-7ZimI\/s320\/IMG_1160_1.JPG?w=392\" border=\"0\" alt=\"\" \/><\/a><br \/>\nNotredamen kynttil\u00e4merien ja korkeuksiin ulottuvien, hienojen lyijylasi-ikkunoiden j\u00e4lkeen k\u00e4vimme sy\u00f6m\u00e4ss\u00e4 tunnelmallisessa, mutta pariisilaiseen tasoon n\u00e4hden normaalihintaisessa paikassa my\u00f6h\u00e4ist\u00e4 lounasta. Ruoka oli hyv\u00e4\u00e4, mutta oloni oli hieman heikko, joten ruoka ei maistunut aivan normaalisti.<\/p>\n<p><a href=\"https:\/\/i0.wp.com\/1.bp.blogspot.com\/_0O1z8fUx0VQ\/SKbBl-fNOhI\/AAAAAAAAA0k\/drmEpWtzz3c\/s1600-h\/IMG_1181_1.JPG\" onblur=\"try {parent.deselectBloggerImageGracefully();} catch(e) {}\"><img data-recalc-dims=\"1\" decoding=\"async\" id=\"BLOGGER_PHOTO_ID_5235084475037989394\" style=\"margin: 0px auto 10px; display: block; text-align: center; cursor: pointer;\" src=\"https:\/\/i0.wp.com\/1.bp.blogspot.com\/_0O1z8fUx0VQ\/SKbBl-fNOhI\/AAAAAAAAA0k\/drmEpWtzz3c\/s320\/IMG_1181_1.JPG?w=392\" border=\"0\" alt=\"\" \/><\/a><br \/>\nNo, olivathan ne upeita katedraaleja, mutta en suosittele kenellek\u00e4\u00e4n k\u00e4ym\u00e4\u00e4n niiss\u00e4 kes\u00e4ll\u00e4 keskip\u00e4iv\u00e4n tienoolla. Se on ajanhaaskausta, sill\u00e4 paikkoihin p\u00e4\u00e4see ilmiselv\u00e4sti k\u00e4tev\u00e4mmin iltasella, jolloin turistimassat ovat hieman h\u00e4lvenneet. Notre Dameen jonotimme ehk\u00e4 parisen kymment\u00e4 minuuttia, joka viel\u00e4 oli suhteellisen siedett\u00e4v\u00e4 aika, mutta erehdyimme seisomaan Sainte Chapellen jonossa varmaan puolitoista tuntia! Selk\u00e4 kipeytyi ja minun oloni alkoi olla aika heikko.  Niinp\u00e4 kirkkojen j\u00e4lkeen l\u00e4hdimme takaisin hotellille, sill\u00e4 minusta tuntui ett\u00e4 py\u00f6rryn siihen paikkaan. My\u00f6hemmin sain kuulla, ett\u00e4 Neea oli ollut maanantaina kipe\u00e4n\u00e4, joten pohdin, ettei olisi ollut lainkaan mahdotonta, ett\u00e4 olisin itse turisteillut kuumeessa saman p\u00f6p\u00f6n vaikutuksen alaisena.<\/p>\n<p><a href=\"https:\/\/i0.wp.com\/3.bp.blogspot.com\/_0O1z8fUx0VQ\/SKbDxMi2zSI\/AAAAAAAAA1M\/bcVEMV5MJoQ\/s1600-h\/IMG_1225_1.JPG\" onblur=\"try {parent.deselectBloggerImageGracefully();} catch(e) {}\"><img data-recalc-dims=\"1\" decoding=\"async\" id=\"BLOGGER_PHOTO_ID_5235086866813209890\" style=\"margin: 0px auto 10px; display: block; text-align: center; cursor: pointer;\" src=\"https:\/\/i0.wp.com\/3.bp.blogspot.com\/_0O1z8fUx0VQ\/SKbDxMi2zSI\/AAAAAAAAA1M\/bcVEMV5MJoQ\/s320\/IMG_1225_1.JPG?w=392\" border=\"0\" alt=\"\" \/><\/a><br \/>\nLep\u00e4simme hyv\u00e4n tovin ja napostelin mink\u00e4 kerkesin kaikkea mit\u00e4 sain alas. Oli jotenkin todella vaikeaa l\u00f6yt\u00e4\u00e4 sy\u00f6t\u00e4v\u00e4\u00e4, joka ei olisi alkanut \u00e4ll\u00f6tt\u00e4\u00e4. Suolakeksit ja vesi toimivat, ja olo alkoi kohentua. Illan h\u00e4m\u00e4rtyess\u00e4 l\u00e4hdimme taas liikkeelle ja suuntasimme Montmartren kaupunginosaan. Sacr\u00e9-Coeurin basilika oli illan h\u00e4myss\u00e4 aivan tavattoman kaunis. Kiipesimme portaita kukkulalle, jossa se sijaitsi, ja ilta h\u00e4m\u00e4rtyi ja kuu loisti taivaalla. Montmartren kukkulalta avautui mahtava n\u00e4k\u00f6ala Pariisin ylle. Romanttista.<\/p>\n<p><a href=\"https:\/\/i0.wp.com\/1.bp.blogspot.com\/_0O1z8fUx0VQ\/SKbFgs4C7fI\/AAAAAAAAA1c\/pxrcsPagodo\/s1600-h\/IMG_1247_1.JPG\" onblur=\"try {parent.deselectBloggerImageGracefully();} catch(e) {}\"><img data-recalc-dims=\"1\" decoding=\"async\" id=\"BLOGGER_PHOTO_ID_5235088782457499122\" style=\"margin: 0px auto 10px; display: block; text-align: center; cursor: pointer;\" src=\"https:\/\/i0.wp.com\/1.bp.blogspot.com\/_0O1z8fUx0VQ\/SKbFgs4C7fI\/AAAAAAAAA1c\/pxrcsPagodo\/s320\/IMG_1247_1.JPG?w=392\" border=\"0\" alt=\"\" \/><\/a><br \/>\nP\u00e4\u00e4simme my\u00f6s k\u00e4ym\u00e4\u00e4n kuuluisassa basilikassa ihan vain k\u00e4velem\u00e4ll\u00e4 suoraan sis\u00e4\u00e4n. Ei jonoja, ei tungosta. Vain kynttil\u00f6iden valaisema h\u00e4m\u00e4r\u00e4 ja hiljainen kirkko. Sellainen, niin kuin kirkon kuuluukin olla. Paikka oli tavattoman hyv\u00e4 k\u00e4yntikohde illalla, ja paluumatkalla nousimme sopivasti Trocad\u00e9ron asemalla metrosta ja k\u00e4vimme vilkaisemassa Eiffeli\u00e4, joka kimmelsi valoissaan y\u00f6taivasta vasten. Ranskan puheenjohtajakauden kunniaksi Eiffel oli valaistu sinisin valoin ja Eu-t\u00e4hdin. Ihan hauskan n\u00e4k\u00f6inen ilmestys.<\/p>\n<p><a href=\"https:\/\/i0.wp.com\/1.bp.blogspot.com\/_0O1z8fUx0VQ\/SKbFg-iN1zI\/AAAAAAAAA1s\/zL59s1HN32I\/s1600-h\/IMG_1250_1.JPG\" onblur=\"try {parent.deselectBloggerImageGracefully();} catch(e) {}\"><img data-recalc-dims=\"1\" decoding=\"async\" id=\"BLOGGER_PHOTO_ID_5235088787197777714\" style=\"margin: 0px auto 10px; display: block; text-align: center; cursor: pointer;\" src=\"https:\/\/i0.wp.com\/1.bp.blogspot.com\/_0O1z8fUx0VQ\/SKbFg-iN1zI\/AAAAAAAAA1s\/zL59s1HN32I\/s320\/IMG_1250_1.JPG?w=392\" border=\"0\" alt=\"\" \/><\/a><br \/>\nAlunperin tarkoituksenamme oli menn\u00e4 Montmartrelle sy\u00f6m\u00e4\u00e4n, mutta jotenkin p\u00e4\u00e4dyimme ostamaan vain hieman leip\u00e4\u00e4 ja letun, ja hotellille saapuessamme olimme todella n\u00e4lk\u00e4isi\u00e4. Mik\u00e4 pelastukseksi silloin, kun l\u00e4hes kaikki hotellin l\u00e4hell\u00e4 olevista ravintoloista on suljettu? No tietenkin kaikkien rakastama Mc Donald&#8217;s. Deluxe-lohkoperunat ja Micken hampurilaisateria pakettiin ja hotellin rauhaan sy\u00f6m\u00e4\u00e4n.<\/p>\n<p>Toinen y\u00f6 oli aivan vastakohta ensimm\u00e4iselle. Oli hiljaista ja nukuin todella hyvin. Ehk\u00e4 naapurit olivat vaihtuneet tai sitten tehneet sovinnon. Yht\u00e4 kaikki, uni maittoi rankan p\u00e4iv\u00e4n j\u00e4lkeen. On se turistina oleminen vaan kovaa ty\u00f6t\u00e4..<\/p>\n","protected":false},"excerpt":{"rendered":"<p>Aamu alkoi v\u00e4syneesti ja edellisen p\u00e4iv\u00e4n reippailun tuloksena jalat olivat kipe\u00e4t joka kohdasta. Eiffeliin nousemisenkin tunsi reisiss\u00e4. Hotellin aamiainen oli todella hyv\u00e4 ja 7 euron &hellip;<\/p>\n","protected":false},"author":2,"featured_media":0,"comment_status":"open","ping_status":"open","sticky":false,"template":"","format":"standard","meta":{"advanced_seo_description":"","jetpack_seo_html_title":"","jetpack_seo_noindex":false,"jetpack_post_was_ever_published":false,"_jetpack_newsletter_access":"","_jetpack_dont_email_post_to_subs":false,"_jetpack_newsletter_tier_id":0,"_jetpack_memberships_contains_paywalled_content":false,"_jetpack_memberships_contains_paid_content":false,"footnotes":""},"categories":[22,46,45],"tags":[],"class_list":["post-157","post","type-post","status-publish","format-standard","hentry","category-matkailu","category-pariisi","category-ranska"],"jetpack_featured_media_url":"","jetpack_sharing_enabled":true,"jetpack_shortlink":"https:\/\/wp.me\/p9vavA-2x","jetpack_likes_enabled":true,"jetpack-related-posts":[{"id":725,"url":"https:\/\/riisa.net\/index.php\/2011\/05\/05\/funktionaalisen-tyohuoneen-resepti\/","url_meta":{"origin":157,"position":0},"title":"Funktionaalisen ty\u00f6huoneen resepti","author":"Riisa","date":"5.5.2011","format":false,"excerpt":"Meille oli alusta asti melko selv\u00e4\u00e4, millaisia kalusteita ty\u00f6huoneeseemme tulee, sill\u00e4 jo pitk\u00e4\u00e4n koulunpenkki\u00e4 kuluttaneena ja hieman ty\u00f6el\u00e4m\u00e4\u00e4kin jo n\u00e4hnein\u00e4 olimme molemmat aika selvill\u00e4 vesill\u00e4 siit\u00e4 millaiset tarpeet m\u00e4\u00e4rittelev\u00e4t ty\u00f6huoneemme kalusteiden hankintaa. Tarvitsemme molemmat ehdottomasti oman ty\u00f6p\u00f6yd\u00e4n, sill\u00e4 meill\u00e4 on molemmilla tietokoneet. Sen verran n\u00f6rttein\u00e4 taidamme pit\u00e4\u00e4 kumpikin itse\u00e4mme, ett\u00e4\u2026","rel":"","context":"Kategoriassa &quot;Koti &amp; Sisustus&quot;","block_context":{"text":"Koti &amp; Sisustus","link":"https:\/\/riisa.net\/index.php\/category\/sisustus_ja_tyyli\/"},"img":{"alt_text":"","src":"https:\/\/i0.wp.com\/riisa.net\/wp-content\/uploads\/2011\/05\/nykyinentyohuone.jpg?resize=350%2C200","width":350,"height":200,"srcset":"https:\/\/i0.wp.com\/riisa.net\/wp-content\/uploads\/2011\/05\/nykyinentyohuone.jpg?resize=350%2C200 1x, https:\/\/i0.wp.com\/riisa.net\/wp-content\/uploads\/2011\/05\/nykyinentyohuone.jpg?resize=525%2C300 1.5x"},"classes":[]},{"id":240,"url":"https:\/\/riisa.net\/index.php\/2009\/03\/12\/pakkausgrafiikkaa\/","url_meta":{"origin":157,"position":1},"title":"Pakkausgrafiikkaa","author":"Riisa","date":"12.3.2009","format":false,"excerpt":"T\u00e4ss\u00e4p\u00e4 Fazerin kev\u00e4ttalven uusin tuotelanseeraus: Routa-pastillit! Noh, jos nyt kuitenkin pit\u00e4ydyn totuudessa, niin kyseess\u00e4 on pakkausgrafiikan kurssin suunnitteluty\u00f6, jossa meid\u00e4n oli tarkoitus suunnittella kolmen pakkauksen sarja Fazerin kuvitteellisille Routa-pastilleille. Suunnittelu l\u00e4hti liikkeelle nimen suunnittelulla. Kukin luokastani esitti eri nimivaihtoehtoja, ja lopulta 'Routa' nousi \u00e4\u00e4nestyksess\u00e4 melko yksimieliseksi ykk\u00f6seksi. Teht\u00e4v\u00e4nanto oli siis\u2026","rel":"","context":"Kategoriassa &quot;Design &amp; K\u00e4sity\u00f6t&quot;","block_context":{"text":"Design &amp; K\u00e4sity\u00f6t","link":"https:\/\/riisa.net\/index.php\/category\/design_ja_taide\/"},"img":{"alt_text":"","src":"https:\/\/i0.wp.com\/riisa.net\/wp-content\/uploads\/2011\/04\/pakkaussuunnittelu.jpg?resize=350%2C200","width":350,"height":200,"srcset":"https:\/\/i0.wp.com\/riisa.net\/wp-content\/uploads\/2011\/04\/pakkaussuunnittelu.jpg?resize=350%2C200 1x, https:\/\/i0.wp.com\/riisa.net\/wp-content\/uploads\/2011\/04\/pakkaussuunnittelu.jpg?resize=525%2C300 1.5x"},"classes":[]},{"id":1085,"url":"https:\/\/riisa.net\/index.php\/2011\/09\/18\/habitare-messujen-haihatuksia\/","url_meta":{"origin":157,"position":2},"title":"Habitare-messujen haihatuksia","author":"Riisa","date":"18.9.2011","format":false,"excerpt":"K\u00e4vin siskoni kanssa py\u00f6r\u00e4ht\u00e4m\u00e4ss\u00e4 Habitare-messuilla perjantaina. En tosin tied\u00e4 voiko 8 tunnin kierrostamme nyt oikeastaan ihan py\u00f6r\u00e4hdykseksi luonnehtia, sill\u00e4 messut tuli kaluttua l\u00e4pi sen verran perusteellisesti osasto osastolta. Ihan t\u00e4ysi ty\u00f6p\u00e4iv\u00e4 oikeastaan \u2013 mutta hauskaa oli! L\u00e4hdin messuille hakemaan ideoita ja inspiraatiota ja katsastamaan, josko jostain sopivasta tuotteesta olisi hyv\u00e4\u2026","rel":"","context":"Kategoriassa &quot;Koti &amp; Sisustus&quot;","block_context":{"text":"Koti &amp; Sisustus","link":"https:\/\/riisa.net\/index.php\/category\/sisustus_ja_tyyli\/"},"img":{"alt_text":"","src":"https:\/\/i0.wp.com\/riisa.net\/wp-content\/uploads\/2011\/09\/habitare_kattaus.jpg?resize=350%2C200","width":350,"height":200,"srcset":"https:\/\/i0.wp.com\/riisa.net\/wp-content\/uploads\/2011\/09\/habitare_kattaus.jpg?resize=350%2C200 1x, https:\/\/i0.wp.com\/riisa.net\/wp-content\/uploads\/2011\/09\/habitare_kattaus.jpg?resize=525%2C300 1.5x"},"classes":[]},{"id":1763,"url":"https:\/\/riisa.net\/index.php\/2013\/05\/26\/japanin-parhaat-kirsikankukkanakymat\/","url_meta":{"origin":157,"position":3},"title":"Japanin parhaat kirsikankukkan\u00e4kym\u00e4t","author":"Riisa","date":"26.5.2013","format":false,"excerpt":"Olin kuullut Yoshinoa kutsuttavan yhdeksi Japanin upeimmista kirsikankukka-apajista, joten jo reissuni suunnittelun alkuvaiheessa p\u00e4\u00e4tin, ett\u00e4 t\u00e4ytyy ajoittaa visiitti vuoristoon siten, ett\u00e4 kukat olisivat viel\u00e4 puissa. Onnistuin t\u00e4ss\u00e4 nipin napin, sill\u00e4 vaikka suuntasin heti toisena matkap\u00e4iv\u00e4n\u00e4ni yst\u00e4v\u00e4ni Yukikon kanssa Osakasta p\u00e4iv\u00e4retkelle Naran prefektuurissa sijaitsevalle Yoshinolle, ei 10.4. ollut aivan tarpeeksi ajoissa.\u2026","rel":"","context":"Kategoriassa &quot;Japani&quot;","block_context":{"text":"Japani","link":"https:\/\/riisa.net\/index.php\/category\/matkailu\/japani-matkailu\/"},"img":{"alt_text":"kirsikankukat japanissa","src":"https:\/\/i0.wp.com\/riisa.net\/wp-content\/uploads\/2013\/05\/yoshino-alku-1.jpg?resize=350%2C200","width":350,"height":200,"srcset":"https:\/\/i0.wp.com\/riisa.net\/wp-content\/uploads\/2013\/05\/yoshino-alku-1.jpg?resize=350%2C200 1x, https:\/\/i0.wp.com\/riisa.net\/wp-content\/uploads\/2013\/05\/yoshino-alku-1.jpg?resize=525%2C300 1.5x"},"classes":[]},{"id":1930,"url":"https:\/\/riisa.net\/index.php\/2013\/11\/16\/onsenhotelli-ja-ripaus-luksusta\/","url_meta":{"origin":157,"position":4},"title":"Onsenhotelli ja ripaus luksusta","author":"Riisa","date":"16.11.2013","format":false,"excerpt":"Viime kev\u00e4isen Japanin reissuni aikaan vietin yhden y\u00f6n Arashiyamalla yst\u00e4v\u00e4ni Makinon kanssa. Koska emme olleet n\u00e4hneet pitk\u00e4\u00e4n aikaan ja Makino oli saanut hommattua itselleen puolikkaan vapaap\u00e4iv\u00e4n, halusimme viett\u00e4\u00e4 kunnon tytt\u00f6jen iltaa sy\u00f6den hyvin ja rentoutuen oikein kunnolla. Arashiyama on kev\u00e4\u00e4ll\u00e4 kirsikankukkien aikaan varsin suosittu matkakohde ja kuvasta p\u00e4\u00e4tellen l\u00e4hiseudun h\u00e4\u00e4parit\u2026","rel":"","context":"Kategoriassa &quot;Japani&quot;","block_context":{"text":"Japani","link":"https:\/\/riisa.net\/index.php\/category\/matkailu\/japani-matkailu\/"},"img":{"alt_text":"Onsen-hotelli Kyotossa","src":"https:\/\/i0.wp.com\/riisa.net\/wp-content\/uploads\/2013\/11\/arashiyama-kadensho-aloituskuva-1.jpg?resize=350%2C200","width":350,"height":200,"srcset":"https:\/\/i0.wp.com\/riisa.net\/wp-content\/uploads\/2013\/11\/arashiyama-kadensho-aloituskuva-1.jpg?resize=350%2C200 1x, https:\/\/i0.wp.com\/riisa.net\/wp-content\/uploads\/2013\/11\/arashiyama-kadensho-aloituskuva-1.jpg?resize=525%2C300 1.5x"},"classes":[]},{"id":132,"url":"https:\/\/riisa.net\/index.php\/2008\/07\/05\/hollannin-rannikolla\/","url_meta":{"origin":157,"position":5},"title":"Hollannin rannikolla","author":"Riisa","date":"5.7.2008","format":false,"excerpt":"L\u00e4hdimme t\u00e4n\u00e4\u00e4n vapaap\u00e4iv\u00e4n kunniaksi Hollantiin p\u00e4iv\u00e4retkelle. Varsinaista suuntaa emme p\u00e4\u00e4tt\u00e4neet etuk\u00e4teen, vaan Belgian ja Hollannin rajan ylityksen j\u00e4lkeen p\u00e4\u00e4timme katsoa mit\u00e4 s\u00e4\u00e4 tarjoaa ja suunnata joko l\u00e4heiseen kauniiseen kaupunkiin tai rannikolle. Koska s\u00e4\u00e4 oli aivan siedett\u00e4v\u00e4, sadetta ei tullut ja pilvien v\u00e4list\u00e4 kurkisteli v\u00e4lill\u00e4 jopa aurinko, p\u00e4\u00e4dyimme Hollannin lounaisrannikolle Seelantiin\u2026","rel":"","context":"Kategoriassa &quot;Hollanti&quot;","block_context":{"text":"Hollanti","link":"https:\/\/riisa.net\/index.php\/category\/matkailu\/hollanti\/"},"img":{"alt_text":"","src":"","width":0,"height":0},"classes":[]}],"_links":{"self":[{"href":"https:\/\/riisa.net\/index.php\/wp-json\/wp\/v2\/posts\/157","targetHints":{"allow":["GET"]}}],"collection":[{"href":"https:\/\/riisa.net\/index.php\/wp-json\/wp\/v2\/posts"}],"about":[{"href":"https:\/\/riisa.net\/index.php\/wp-json\/wp\/v2\/types\/post"}],"author":[{"embeddable":true,"href":"https:\/\/riisa.net\/index.php\/wp-json\/wp\/v2\/users\/2"}],"replies":[{"embeddable":true,"href":"https:\/\/riisa.net\/index.php\/wp-json\/wp\/v2\/comments?post=157"}],"version-history":[{"count":4,"href":"https:\/\/riisa.net\/index.php\/wp-json\/wp\/v2\/posts\/157\/revisions"}],"predecessor-version":[{"id":513,"href":"https:\/\/riisa.net\/index.php\/wp-json\/wp\/v2\/posts\/157\/revisions\/513"}],"wp:attachment":[{"href":"https:\/\/riisa.net\/index.php\/wp-json\/wp\/v2\/media?parent=157"}],"wp:term":[{"taxonomy":"category","embeddable":true,"href":"https:\/\/riisa.net\/index.php\/wp-json\/wp\/v2\/categories?post=157"},{"taxonomy":"post_tag","embeddable":true,"href":"https:\/\/riisa.net\/index.php\/wp-json\/wp\/v2\/tags?post=157"}],"curies":[{"name":"wp","href":"https:\/\/api.w.org\/{rel}","templated":true}]}}