{"id":158,"date":"2008-08-13T20:01:00","date_gmt":"2008-08-13T20:01:00","guid":{"rendered":"http:\/\/riisa.net\/?p=158"},"modified":"2011-04-06T19:58:04","modified_gmt":"2011-04-06T19:58:04","slug":"pariisi-3-ja-viimeinen-paiva-taiteenkehdossa","status":"publish","type":"post","link":"https:\/\/riisa.net\/index.php\/2008\/08\/13\/pariisi-3-ja-viimeinen-paiva-taiteenkehdossa\/","title":{"rendered":"Taiteen kehdossa (Pariisi, 3. ja viimeinen p\u00e4iv\u00e4)"},"content":{"rendered":"<p>Viimeinen p\u00e4iv\u00e4 Pariisissa oli tarkoitus pyhitt\u00e4\u00e4 taiteelle ja materialismille, eli toisin sanoen Louvrelle ja shoppailulle. Hotellin buffetaamiaisen j\u00e4lkeen ker\u00e4simme kimpsumme ja kampsumme kasaan ja matkasimme huoneet luovutettuame Gare du Nordin asemalle, josta junamme Brysseliin l\u00e4htisi illalla. Ajatuksenamme oli nakata matkatavarat nopeasti aseman s\u00e4ilytyslokeroon ja suunnata sitten Louvren taidemuseoon ihmettelem\u00e4\u00e4n kuuluisia maalauksia.<\/p>\n<p>S\u00e4ilytyslokeroilla vier\u00e4hti kuitenkin odotettua kauemmin aikaa, sill\u00e4 kaikki laukut piti tietenkin terroristien pelossa l\u00e4pivalaista tai ihmisten kulkea metallinpaljastinportin l\u00e4pi kuin lentokent\u00e4ll\u00e4 ik\u00e4\u00e4n&#8230; Olen huomannut vastaavia varatoimenpiteit\u00e4 useammassakin paikassa. Esimerkiksi edellisen\u00e4 p\u00e4iv\u00e4n\u00e4 Sainte Chapellen kappelin sis\u00e4\u00e4nk\u00e4ynnill\u00e4 oli samanlainen proseduuri. Ilmeisesti se johtui siit\u00e4, ett\u00e4 samaisessa pihapiiriss\u00e4 oli my\u00f6s oikeustalo. Pariisilaiset roskakorit olivat metallirenkaan varassa roikkuneita l\u00e4pin\u00e4kyvi\u00e4 pusseja. Muutenhan niihin voisi niin helposti piilottaa vaikka pommin. Asemalla kuullutettiin yhten\u00e4\u00e4n tarkkailemaan ymp\u00e4rist\u00f6\u00e4\u00e4n ja ilmoitettiin julisteilla, ett\u00e4 omia matkatavaroita ei saa j\u00e4tt\u00e4\u00e4 vartiotta. Matkalaukut pit\u00e4isi merkit\u00e4 nimilapuin. (Min\u00e4 en tietenk\u00e4\u00e4n ollut tullut ajatelleeksi moista l\u00e4htiess\u00e4ni junalla Brysselist\u00e4..  :P ) Mik\u00e4li havaitsisi yksin\u00e4isen laukun tai pussin, asiasta pit\u00e4isi v\u00e4litt\u00f6m\u00e4sti ilmoittaa paikalla py\u00f6rineille <span style=\"font-style: italic;\">agenteille<\/span> tai muulle aseman henkil\u00f6kunnalle. Minua agentit ja hirveit\u00e4 rynn\u00e4kk\u00f6kiv\u00e4\u00e4reit\u00e4 kantaneet armeijan kolttuihin puetut miehet l\u00e4hinn\u00e4 hirvittiv\u00e4t. He loivat turvattomuuden tunteen &#8211; p\u00e4in vastoin kuin ehk\u00e4 olisi ollut tarkoitus.<\/p>\n<p><a href=\"https:\/\/i0.wp.com\/1.bp.blogspot.com\/_0O1z8fUx0VQ\/SKczMmP9FII\/AAAAAAAAA3s\/5mktPNDZgcs\/s1600-h\/IMG_1331_1.JPG\" onblur=\"try {parent.deselectBloggerImageGracefully();} catch(e) {}\"><img data-recalc-dims=\"1\" decoding=\"async\" id=\"BLOGGER_PHOTO_ID_5235209383360402562\" style=\"margin: 0px auto 10px; display: block; text-align: center; cursor: pointer;\" src=\"https:\/\/i0.wp.com\/1.bp.blogspot.com\/_0O1z8fUx0VQ\/SKczMmP9FII\/AAAAAAAAA3s\/5mktPNDZgcs\/s320\/IMG_1331_1.JPG?w=392\" border=\"0\" alt=\"\" \/><\/a><br \/>\nP\u00e4\u00e4simme lopulta kuitenkin taakkaa kevennetty\u00e4mme Louvreen, tosin turvatarkastuksen j\u00e4lkeen tietenkin. :P Lippujonot olivat pitki\u00e4, mutta koska kassoja oli monta, odotteluun ei turhautunut pariakymment\u00e4 minuuttia enemp\u00e4\u00e4.<\/p>\n<p><a href=\"https:\/\/i0.wp.com\/1.bp.blogspot.com\/_0O1z8fUx0VQ\/SKcrhD3XM9I\/AAAAAAAAA3U\/M6FdlWW8k0g\/s1600-h\/IMG_1307_1.JPG\" onblur=\"try {parent.deselectBloggerImageGracefully();} catch(e) {}\"><img data-recalc-dims=\"1\" decoding=\"async\" id=\"BLOGGER_PHOTO_ID_5235200938814682066\" style=\"margin: 0px auto 10px; display: block; text-align: center; cursor: pointer;\" src=\"https:\/\/i0.wp.com\/1.bp.blogspot.com\/_0O1z8fUx0VQ\/SKcrhD3XM9I\/AAAAAAAAA3U\/M6FdlWW8k0g\/s320\/IMG_1307_1.JPG?w=392\" border=\"0\" alt=\"\" \/><\/a><br \/>\nLouvressa kaipasin v\u00e4lill\u00e4 Ateneumin rauhallista ja jollakin tavalla suorastaan arvokasta ilmapiiri\u00e4, sill\u00e4 j\u00e4rjett\u00f6m\u00e4t turistimassat erityisesti Mona Lisan k\u00e4yt\u00e4v\u00e4ss\u00e4 toivat mieleen jotain aivan muuta kuin taiden\u00e4yttelyn. :D Mona Lisa itse oli sijoitettu kai mahdollisimman hyvin l\u00f6ydett\u00e4v\u00e4ksi ja mahdollisimman suuren v\u00e4kijoukon ihasteltavaksi suurelle sein\u00e4lle aivan yksin\u00e4\u00e4n reippaan turvaet\u00e4isyyden, -aidan ja -kaartin taakse. J\u00e4rkytt\u00e4v\u00e4n kokoinen sein\u00e4 kutisti pient\u00e4 maalausta entisest\u00e4\u00e4n.<\/p>\n<p><a href=\"https:\/\/i0.wp.com\/1.bp.blogspot.com\/_0O1z8fUx0VQ\/SKcrhEETIuI\/AAAAAAAAA3M\/7rlLeG_omzA\/s1600-h\/IMG_1304_1.JPG\" onblur=\"try {parent.deselectBloggerImageGracefully();} catch(e) {}\"><img data-recalc-dims=\"1\" decoding=\"async\" id=\"BLOGGER_PHOTO_ID_5235200938868941538\" style=\"margin: 0px auto 10px; display: block; text-align: center; cursor: pointer;\" src=\"https:\/\/i0.wp.com\/1.bp.blogspot.com\/_0O1z8fUx0VQ\/SKcrhEETIuI\/AAAAAAAAA3M\/7rlLeG_omzA\/s320\/IMG_1304_1.JPG?w=392\" border=\"0\" alt=\"\" \/><\/a><br \/>\nLouvressa oli turha kuvitella seisoskelevansa maalauksen tuntumassa tutkimassa siveltimen vetoja hetke\u00e4 pidemp\u00e4\u00e4n. Turistijonotkaan eiv\u00e4t kuitenkaan miss\u00e4\u00e4n nimess\u00e4 pyyhkineet pois niit\u00e4 vaikuttavia hetki\u00e4, kun n\u00e4ki sellaisen taideteoksen, jota oli niin lukemattomia kertoja katsellut vain koulukirjoissa tai taidehistorian luennolla diasarjassa. Erityisesti sellaiset teokset, joita on tuijotellut vain pienenn\u00f6ksin\u00e4, her\u00e4ttiv\u00e4t arvostusta vallatessaan kokonaisen sein\u00e4n. Useissa t\u00f6iss\u00e4 my\u00f6s v\u00e4rit olivat kirkkaampia ja hienompia kuin printeiss\u00e4 &#8211; luonnollisesti.<\/p>\n<p><a href=\"https:\/\/i0.wp.com\/4.bp.blogspot.com\/_0O1z8fUx0VQ\/SKcrgrVcK-I\/AAAAAAAAA20\/Z4R3uvuN_rg\/s1600-h\/IMG_1279_1.JPG\" onblur=\"try {parent.deselectBloggerImageGracefully();} catch(e) {}\"><img data-recalc-dims=\"1\" decoding=\"async\" id=\"BLOGGER_PHOTO_ID_5235200932229950434\" style=\"margin: 0px auto 10px; display: block; text-align: center; cursor: pointer;\" src=\"https:\/\/i0.wp.com\/4.bp.blogspot.com\/_0O1z8fUx0VQ\/SKcrgrVcK-I\/AAAAAAAAA20\/Z4R3uvuN_rg\/s320\/IMG_1279_1.JPG?w=392\" border=\"0\" alt=\"\" \/><\/a><br \/>\nEhdoton suosikkini n\u00e4kemist\u00e4mme taideteoksista oli Voiton patsas ( Winged Victory of Samothrace), joka kuvaa Nike-jumalaa, eli kreikkalaista voiton jumalaa. Olen pit\u00e4nyt siit\u00e4 kuvissakin, mutta sen luonnollinen koko yll\u00e4tti suuruudellaan. Patsas oli jylh\u00e4 ja komea, mutta yht\u00e4 aikaa omalla tavallaan haavoittuvan n\u00e4k\u00f6inen enkelim\u00e4isine piirteineen.<\/p>\n<p><a href=\"https:\/\/i0.wp.com\/2.bp.blogspot.com\/_0O1z8fUx0VQ\/SKcrgxIBIjI\/AAAAAAAAA3E\/_nJSnkXcoHA\/s1600-h\/IMG_1296_1.JPG\" onblur=\"try {parent.deselectBloggerImageGracefully();} catch(e) {}\"><img data-recalc-dims=\"1\" decoding=\"async\" id=\"BLOGGER_PHOTO_ID_5235200933784265266\" style=\"margin: 0px auto 10px; display: block; text-align: center; cursor: pointer;\" src=\"https:\/\/i0.wp.com\/2.bp.blogspot.com\/_0O1z8fUx0VQ\/SKcrgxIBIjI\/AAAAAAAAA3E\/_nJSnkXcoHA\/s320\/IMG_1296_1.JPG?w=392\" border=\"0\" alt=\"\" \/><\/a><a href=\"https:\/\/i0.wp.com\/4.bp.blogspot.com\/_0O1z8fUx0VQ\/SKcrg-U_7CI\/AAAAAAAAA28\/AAXBeQbJlg0\/s1600-h\/IMG_1290_1.JPG\" onblur=\"try {parent.deselectBloggerImageGracefully();} catch(e) {}\"><img data-recalc-dims=\"1\" decoding=\"async\" id=\"BLOGGER_PHOTO_ID_5235200937328372770\" style=\"margin: 0px auto 10px; display: block; text-align: center; cursor: pointer;\" src=\"https:\/\/i0.wp.com\/4.bp.blogspot.com\/_0O1z8fUx0VQ\/SKcrg-U_7CI\/AAAAAAAAA28\/AAXBeQbJlg0\/s320\/IMG_1290_1.JPG?w=392\" border=\"0\" alt=\"\" \/><\/a><br \/>\nMuita suosikkejani olivat <span class=\"lkTexteField2\">Giuseppe Arcimboldon vuodenaikamaalaukset, joissa hedelmin, kukin ja luonnon materiaalein on kuvattu ihmisen kasvokuvia. My\u00f6s Raphaelin madonna-maalaus oli luonnossakin ihan kaunis. Yll\u00e4tt\u00e4vin taideteos oli varmaankin Davidin maalaama Napoleon I ja h\u00e4nen keisarinnansa kruunajaisten kuvaus. En tiennyt ett\u00e4 se on noin julmetun iso. Yksityiskohtaista j\u00e4lke\u00e4 lattiasta kattoon ja koko sein\u00e4n leveydelt\u00e4. Kolme vuotta ilmeisesti on tuon maalauksen tekemiseen mennyt. Mahtaisikohan riitt\u00e4\u00e4 minulla k\u00e4rsiv\u00e4llisyys maalata niin kauan yht\u00e4 ja samaa yksitt\u00e4ist\u00e4 teosta?<\/span><\/p>\n<p><a href=\"https:\/\/i0.wp.com\/4.bp.blogspot.com\/_0O1z8fUx0VQ\/SKczL7sfttI\/AAAAAAAAA3c\/Vw-MY1iPYPE\/s1600-h\/IMG_1319_1.JPG\" onblur=\"try {parent.deselectBloggerImageGracefully();} catch(e) {}\"><img data-recalc-dims=\"1\" decoding=\"async\" id=\"BLOGGER_PHOTO_ID_5235209371937388242\" style=\"margin: 0px auto 10px; display: block; text-align: center; cursor: pointer;\" src=\"https:\/\/i0.wp.com\/4.bp.blogspot.com\/_0O1z8fUx0VQ\/SKczL7sfttI\/AAAAAAAAA3c\/Vw-MY1iPYPE\/s320\/IMG_1319_1.JPG?w=392\" border=\"0\" alt=\"\" \/><\/a><span class=\"lkTexteField2\"><br \/>\nHarmi vain, miten v\u00e4h\u00e4n taideteosten tutkailuun Louvressa tosiaan oikeasti pystyi keskittym\u00e4\u00e4n. Ehk\u00e4p\u00e4 parempi vierailuaika olisi ollut keskiviikko- tai perjantai-ilta, jolloin museo on auki tavallista pidemp\u00e4\u00e4n. Aamup\u00e4iv\u00e4t kun tuntuvat olevan jokaisen turistin unelma-ajankohta k\u00e4yd\u00e4 katsomassa Mona Lisaa. Kuulin, ett\u00e4 jotkut todellakin vain k\u00e4yv\u00e4t siell\u00e4 katsomassa sen ja tai korkeintaan pari muuta tunnetuinta ty\u00f6t\u00e4 ja h\u00e4ipyv\u00e4t sitten ulos. Mit\u00e4 rahan tuhlausta! Toisaalta, onhan Louvren p\u00e4\u00e4t\u00e4 huumaava n. 35 000 taideteoksen kokoelma sen verran iso, ettei yhdell\u00e4 visiitill\u00e4 voi mill\u00e4\u00e4n katsastaa jokaista ty\u00f6t\u00e4. ;)<br \/>\n<\/span><br \/>\n<span class=\"lkTexteField2\">Koska s\u00f6imme lounasta yhdess\u00e4 Louvren kahviloista, l\u00e4hdimme museolta suoraan Galleries Lafayetten kuuluisalle tavaratalolle. Kiertelimme siell\u00e4 jonkin aikaa nuuskimassa ylt\u00e4kyll\u00e4ist\u00e4 ja rahanhajuista tunnelmaa, kunnes kyll\u00e4styimme  katselemaan ylihinnoiteltuja merkkituotteita, joita ei kuitenkaan voisi ostaa.<\/span><\/p>\n<p><a href=\"https:\/\/i0.wp.com\/4.bp.blogspot.com\/_0O1z8fUx0VQ\/SKczM9mvPaI\/AAAAAAAAA30\/kuzN9M8tZ0o\/s1600-h\/IMG_1343_1.JPG\" onblur=\"try {parent.deselectBloggerImageGracefully();} catch(e) {}\"><img data-recalc-dims=\"1\" decoding=\"async\" id=\"BLOGGER_PHOTO_ID_5235209389629980066\" style=\"margin: 0px auto 10px; display: block; text-align: center; cursor: pointer;\" src=\"https:\/\/i0.wp.com\/4.bp.blogspot.com\/_0O1z8fUx0VQ\/SKczM9mvPaI\/AAAAAAAAA30\/kuzN9M8tZ0o\/s320\/IMG_1343_1.JPG?w=392\" border=\"0\" alt=\"\" \/><\/a><br \/>\n<span class=\"lkTexteField2\">Kuvittelin tiet\u00e4m\u00e4tt\u00f6m\u00e4n\u00e4, ett\u00e4 tavaratalon l\u00e4hist\u00f6lt\u00e4 voisi l\u00f6yty\u00e4 hyv\u00e4kin shoppailupaikka, mutta se oli harhaluulo. Koska aikaa junan l\u00e4ht\u00f6\u00f6n ei ollut en\u00e4\u00e4 kauhean paljon, p\u00e4\u00e4timme, ettemme l\u00e4hde en\u00e4\u00e4 latinalaiskortteleihin, joissa edellisen\u00e4 p\u00e4iv\u00e4n\u00e4 ehdimme hieman nuuskia putiikkeja. Totesimme, ett\u00e4 ehtii sit\u00e4 shoppailla Brysseliss\u00e4kin. Brysseliss\u00e4 se sit\u00e4paitsi on tajuttoman helppoa. Jos haluaa ostaa kallista, hypp\u00e4\u00e4 metrosta Luizalla, josta l\u00f6ytyv\u00e4t kaikki merkkiliikkeet mukavasti vieri vieress\u00e4. Jos taas shoppailee budjetin varassa, tai ainakin hieman pienemm\u00e4n lompakon kanssa, voi j\u00e4\u00e4d\u00e4 metrossa vaikkapa De Bruck\u00e9rella ja k\u00e4vell\u00e4 Rue Neuven ostoskadun p\u00e4\u00e4st\u00e4 p\u00e4\u00e4h\u00e4n. Sielt\u00e4 l\u00f6ytyy tavarataloja, ostoskeskus ja varmasti kaikkien Belgiasta (ja useimpien Belgian ymp\u00e4rist\u00f6st\u00e4) l\u00f6ytyvien kauppaketjujen liikkeet. H&amp;M:i\u00e4kin on kyseisell\u00e4 kadulla laskelmieni mukaan varmaan nelj\u00e4. En kyll\u00e4 tied\u00e4 mit\u00e4 j\u00e4rke\u00e4 siin\u00e4 sitten on. Pienempi\u00e4kin putiikkeja kadulla on esim. laukkukauppojen muodossa. Niinp\u00e4 me v\u00e4syneet Pariisin-matkalaiset p\u00e4\u00e4timme j\u00e4tt\u00e4\u00e4 shopailut pariin hauskaa avaimenper\u00e4\u00e4n ja siirryimme ravintolaan ja sen j\u00e4lkeen j\u00e4\u00e4tel\u00f6baariin viett\u00e4m\u00e4\u00e4n viimeiset hetkemme Pariisissa.<\/span><\/p>\n<p>Ensimm\u00e4inen yhteinen ulkomaanreissumme Micken kanssa oli oikein onnistunut: hotelli oli loistava hinta-laatusuhteeltaan, n\u00e4imme paljon ja saimme nauttia toistemme seurasta yhdess\u00e4 maailman romanttisimmista kaupungeista. My\u00f6s s\u00e4iden jumalat olivat jotenkin kummasti meid\u00e4n puolellamme, vaikka meteorologit olivat lupailleet l\u00e4hes koko ajaksi sadetta. Vett\u00e4 nimitt\u00e4in ei tullut taivaalta paria pisaraa enemp\u00e4\u00e4 koko aikana!<\/p>\n<p>Jos viel\u00e4 palaan Pariisiin, tulen v\u00e4ltt\u00e4m\u00e4\u00e4n hirveimpi\u00e4 ruuhka-aikoja, ja tulen vaikkapa loppukev\u00e4\u00e4st\u00e4 mieluummin kuin lomasesongin ollessa kuumimmillaan. Ruokaan tulee varata jopa viel\u00e4kin enemm\u00e4n rahaa, kuin mit\u00e4 nyt kuvittelin kuluttavani. Emme tainneet onnistua sy\u00f6m\u00e4\u00e4n miss\u00e4\u00e4n muualla kuin Mc Donaldsissa alle 15 eurolla per nen\u00e4. Useimmiten yhteinen laskumme n\u00e4ytti 35 euroa. Ruoka-annokset oli hinnoiteltu melko samalla lailla kuin Suomessa, mutta juomat olivat aivan j\u00e4rkytt\u00e4v\u00e4n hintaisia. Iso lasi vett\u00e4 saattoi kustantaa jopa 4 euroa, joka on minusta t\u00e4yt\u00e4 ry\u00f6st\u00f6\u00e4. Naureskelimmekin v\u00e4lill\u00e4, ett\u00e4 kulutimme kolmessa p\u00e4iv\u00e4ss\u00e4 ruokaan yht\u00e4 paljon rahaa kuin kotona kuukaudessa. Onneksi Micke jaksoi pist\u00e4\u00e4 pihin p\u00e4\u00e4ni kuriin ja muistuttaa, ett\u00e4 nyt ollaan kerrankin yhdess\u00e4 lomalla &#8211; nyt nautitaan. Ja niinh\u00e4n me teimme. :)<\/p>\n","protected":false},"excerpt":{"rendered":"<p>Viimeinen p\u00e4iv\u00e4 Pariisissa oli tarkoitus pyhitt\u00e4\u00e4 taiteelle ja materialismille, eli toisin sanoen Louvrelle ja shoppailulle. Hotellin buffetaamiaisen j\u00e4lkeen ker\u00e4simme kimpsumme ja kampsumme kasaan ja matkasimme &hellip;<\/p>\n","protected":false},"author":2,"featured_media":0,"comment_status":"open","ping_status":"open","sticky":false,"template":"","format":"standard","meta":{"advanced_seo_description":"","jetpack_seo_html_title":"","jetpack_seo_noindex":false,"jetpack_post_was_ever_published":false,"_jetpack_newsletter_access":"","_jetpack_dont_email_post_to_subs":false,"_jetpack_newsletter_tier_id":0,"_jetpack_memberships_contains_paywalled_content":false,"_jetpack_memberships_contains_paid_content":false,"footnotes":""},"categories":[17,26,22,46,45],"tags":[],"class_list":["post-158","post","type-post","status-publish","format-standard","hentry","category-design_ja_taide","category-kuvataide","category-matkailu","category-pariisi","category-ranska"],"jetpack_featured_media_url":"","jetpack_sharing_enabled":true,"jetpack_shortlink":"https:\/\/wp.me\/p9vavA-2y","jetpack_likes_enabled":true,"jetpack-related-posts":[{"id":212,"url":"https:\/\/riisa.net\/index.php\/2008\/11\/28\/joulumyyjaisten-jalkipolinat\/","url_meta":{"origin":158,"position":0},"title":"Joulumyyj\u00e4isten j\u00e4lkip\u00f6lin\u00e4t","author":"Riisa","date":"28.11.2008","format":false,"excerpt":"Joulumyyj\u00e4iset ovat kunnialla ohi, ja kun sanon kunnialla, todella tarkoitan sit\u00e4. Tapahtuma onnistu kivasti, ja v\u00e4ke\u00e4 oli ihan mukavasti paikalla. Kaikilla myyjill\u00e4 oli hienoja tuotteita, ja kaikki n\u00e4yttiv\u00e4t panostaneen my\u00f6s esille laittoon - oli kynttil\u00f6it\u00e4, p\u00f6yt\u00e4liinoja ja muuta tunnelmarekvisiittaa. Koulun aulassa soivat joululaulut ja eilen koristelemamme kuusi kimmelsi k\u00e4yt\u00e4v\u00e4n p\u00e4\u00e4ss\u00e4.\u2026","rel":"","context":"Kategoriassa &quot;Askartelu &amp; K\u00e4sity\u00f6&quot;","block_context":{"text":"Askartelu &amp; K\u00e4sity\u00f6","link":"https:\/\/riisa.net\/index.php\/category\/design_ja_taide\/askartelu_ja_kasityo\/"},"img":{"alt_text":"","src":"https:\/\/i0.wp.com\/riisa.net\/wp-content\/uploads\/2011\/04\/kuusikranssi.jpg?resize=350%2C200","width":350,"height":200,"srcset":"https:\/\/i0.wp.com\/riisa.net\/wp-content\/uploads\/2011\/04\/kuusikranssi.jpg?resize=350%2C200 1x, https:\/\/i0.wp.com\/riisa.net\/wp-content\/uploads\/2011\/04\/kuusikranssi.jpg?resize=525%2C300 1.5x"},"classes":[]},{"id":157,"url":"https:\/\/riisa.net\/index.php\/2008\/08\/12\/pariisi-2-paiva\/","url_meta":{"origin":158,"position":1},"title":"Kirkkoja ja katedraaleja (Pariisi, 2. p\u00e4iv\u00e4)","author":"Riisa","date":"12.8.2008","format":false,"excerpt":"Aamu alkoi v\u00e4syneesti ja edellisen p\u00e4iv\u00e4n reippailun tuloksena jalat olivat kipe\u00e4t joka kohdasta. Eiffeliin nousemisenkin tunsi reisiss\u00e4. Hotellin aamiainen oli todella hyv\u00e4 ja 7 euron hintansa v\u00e4\u00e4rti. Tarjolla oli paria eri mehua, kahvia, teet\u00e4, maitoa, kaakaota, croissantteja, suklaaleipi\u00e4, s\u00e4mpyl\u00f6it\u00e4, patonkia, paahtoleip\u00e4\u00e4, marmelaadeja, juustoja, kinkkua, margariinia, suklaa-p\u00e4hkin\u00e4levitett\u00e4, paria eri murolaatua, hedelm\u00e4salaattia,\u2026","rel":"","context":"Kategoriassa &quot;Matkailu&quot;","block_context":{"text":"Matkailu","link":"https:\/\/riisa.net\/index.php\/category\/matkailu\/"},"img":{"alt_text":"","src":"","width":0,"height":0},"classes":[]},{"id":156,"url":"https:\/\/riisa.net\/index.php\/2008\/08\/11\/pariisi-1-paiva\/","url_meta":{"origin":158,"position":2},"title":"Eiffel, Riemukaaret ja Champs \u00c9lys\u00e9es (Pariisi, 1. p\u00e4iv\u00e4)","author":"Riisa","date":"11.8.2008","format":false,"excerpt":"Thalyksen TGV-juna Midin asemalta Brysselist\u00e4 karautti tunnissa ja 20 minuutissa Pariisin Gare du Nordille. Juna oli siisti, mutta ei mik\u00e4\u00e4n upouusi, jos vertaa vaikkapa Suomen Pendolinoihin. Pendolinot ovat todella moderneja ja siistej\u00e4, mutta Thalyksen penkit olivat kyll\u00e4 paljon mukavammat. Matka meni Pariisin matkaopasta lukiessa varsin leppoisasti. Asemalla suuntasin ensit\u00f6ikseni turisti-infolle,\u2026","rel":"","context":"Kategoriassa &quot;Matkailu&quot;","block_context":{"text":"Matkailu","link":"https:\/\/riisa.net\/index.php\/category\/matkailu\/"},"img":{"alt_text":"","src":"","width":0,"height":0},"classes":[]},{"id":1719,"url":"https:\/\/riisa.net\/index.php\/2013\/05\/07\/reissussa-japanissa-taas\/","url_meta":{"origin":158,"position":3},"title":"Reissussa Japanissa \u2013 taas","author":"Riisa","date":"7.5.2013","format":false,"excerpt":"Ja niin se kauan odotettu, suunniteltu ja haaveiltu matka sitten alkoi. Istuin j\u00e4lleen koneessa maahan, johon on pakko palata uudelleen ja uudelleen \u2013 hyv\u00e4ss\u00e4 ja pahassa. Kaikki kaukolomani ovat viime vuosina suuntautuneet it\u00e4iseen kakkoskotiini. Mutta en kyll\u00e4 vaihtaisi yht\u00e4k\u00e4\u00e4n matkoistani pois. Enk\u00e4 varsinkaan t\u00e4m\u00e4nkertaista! Reissusuunnitelmani toteutuivat yll\u00e4tt\u00e4v\u00e4n t\u00e4ydellisesti suunnitelmieni mukaan,\u2026","rel":"","context":"Kategoriassa &quot;Japani&quot;","block_context":{"text":"Japani","link":"https:\/\/riisa.net\/index.php\/category\/matkailu\/japani-matkailu\/"},"img":{"alt_text":"","src":"https:\/\/i0.wp.com\/riisa.net\/wp-content\/uploads\/2013\/05\/reissujapaniin-1.jpg?resize=350%2C200","width":350,"height":200,"srcset":"https:\/\/i0.wp.com\/riisa.net\/wp-content\/uploads\/2013\/05\/reissujapaniin-1.jpg?resize=350%2C200 1x, https:\/\/i0.wp.com\/riisa.net\/wp-content\/uploads\/2013\/05\/reissujapaniin-1.jpg?resize=525%2C300 1.5x"},"classes":[]},{"id":2971,"url":"https:\/\/riisa.net\/index.php\/2018\/09\/01\/tuleeko-tasta-nyt-viela-haablogikin\/","url_meta":{"origin":158,"position":4},"title":"Tuleeko t\u00e4st\u00e4 nyt viel\u00e4 h\u00e4\u00e4blogikin?","author":"Riisa","date":"1.9.2018","format":false,"excerpt":"Ehk\u00e4 viimeinen asia, jota ikin\u00e4 kuvittelin kirjoittavani, on h\u00e4\u00e4blogi. Naimisiinmeno ei ole ollut minulle mik\u00e4\u00e4n vaaleanpunainen pikkutyt\u00f6n unelma, eik\u00e4 kuvitelma itsest\u00e4ni h\u00e4\u00e4puvussa sellainen\u00a0tunteita nostattava ajatus, josta\u00a0osa naisista pitk\u00e4\u00e4nkin haaveilee.\u00a0H\u00e4\u00e4t sin\u00e4ns\u00e4 ovat kyll\u00e4\u00a0aina olleet mielest\u00e4ni ihania juhlia\u00a0ja ajatus el\u00e4m\u00e4nmittaisesta rakkaudesta juhlimisen arvoinen asia. Kun minua sitten syksyll\u00e4 2016 kosittiin kuuden vuoden\u2026","rel":"","context":"Kategoriassa &quot;H\u00e4\u00e4t&quot;","block_context":{"text":"H\u00e4\u00e4t","link":"https:\/\/riisa.net\/index.php\/category\/haat\/"},"img":{"alt_text":"","src":"https:\/\/i0.wp.com\/riisa.net\/wp-content\/uploads\/2016\/10\/haakimppu.jpg?fit=1112%2C645&ssl=1&resize=350%2C200","width":350,"height":200,"srcset":"https:\/\/i0.wp.com\/riisa.net\/wp-content\/uploads\/2016\/10\/haakimppu.jpg?fit=1112%2C645&ssl=1&resize=350%2C200 1x, https:\/\/i0.wp.com\/riisa.net\/wp-content\/uploads\/2016\/10\/haakimppu.jpg?fit=1112%2C645&ssl=1&resize=525%2C300 1.5x, https:\/\/i0.wp.com\/riisa.net\/wp-content\/uploads\/2016\/10\/haakimppu.jpg?fit=1112%2C645&ssl=1&resize=700%2C400 2x, https:\/\/i0.wp.com\/riisa.net\/wp-content\/uploads\/2016\/10\/haakimppu.jpg?fit=1112%2C645&ssl=1&resize=1050%2C600 3x"},"classes":[]},{"id":1763,"url":"https:\/\/riisa.net\/index.php\/2013\/05\/26\/japanin-parhaat-kirsikankukkanakymat\/","url_meta":{"origin":158,"position":5},"title":"Japanin parhaat kirsikankukkan\u00e4kym\u00e4t","author":"Riisa","date":"26.5.2013","format":false,"excerpt":"Olin kuullut Yoshinoa kutsuttavan yhdeksi Japanin upeimmista kirsikankukka-apajista, joten jo reissuni suunnittelun alkuvaiheessa p\u00e4\u00e4tin, ett\u00e4 t\u00e4ytyy ajoittaa visiitti vuoristoon siten, ett\u00e4 kukat olisivat viel\u00e4 puissa. Onnistuin t\u00e4ss\u00e4 nipin napin, sill\u00e4 vaikka suuntasin heti toisena matkap\u00e4iv\u00e4n\u00e4ni yst\u00e4v\u00e4ni Yukikon kanssa Osakasta p\u00e4iv\u00e4retkelle Naran prefektuurissa sijaitsevalle Yoshinolle, ei 10.4. ollut aivan tarpeeksi ajoissa.\u2026","rel":"","context":"Kategoriassa &quot;Japani&quot;","block_context":{"text":"Japani","link":"https:\/\/riisa.net\/index.php\/category\/matkailu\/japani-matkailu\/"},"img":{"alt_text":"kirsikankukat japanissa","src":"https:\/\/i0.wp.com\/riisa.net\/wp-content\/uploads\/2013\/05\/yoshino-alku-1.jpg?resize=350%2C200","width":350,"height":200,"srcset":"https:\/\/i0.wp.com\/riisa.net\/wp-content\/uploads\/2013\/05\/yoshino-alku-1.jpg?resize=350%2C200 1x, https:\/\/i0.wp.com\/riisa.net\/wp-content\/uploads\/2013\/05\/yoshino-alku-1.jpg?resize=525%2C300 1.5x"},"classes":[]}],"_links":{"self":[{"href":"https:\/\/riisa.net\/index.php\/wp-json\/wp\/v2\/posts\/158","targetHints":{"allow":["GET"]}}],"collection":[{"href":"https:\/\/riisa.net\/index.php\/wp-json\/wp\/v2\/posts"}],"about":[{"href":"https:\/\/riisa.net\/index.php\/wp-json\/wp\/v2\/types\/post"}],"author":[{"embeddable":true,"href":"https:\/\/riisa.net\/index.php\/wp-json\/wp\/v2\/users\/2"}],"replies":[{"embeddable":true,"href":"https:\/\/riisa.net\/index.php\/wp-json\/wp\/v2\/comments?post=158"}],"version-history":[{"count":4,"href":"https:\/\/riisa.net\/index.php\/wp-json\/wp\/v2\/posts\/158\/revisions"}],"predecessor-version":[{"id":523,"href":"https:\/\/riisa.net\/index.php\/wp-json\/wp\/v2\/posts\/158\/revisions\/523"}],"wp:attachment":[{"href":"https:\/\/riisa.net\/index.php\/wp-json\/wp\/v2\/media?parent=158"}],"wp:term":[{"taxonomy":"category","embeddable":true,"href":"https:\/\/riisa.net\/index.php\/wp-json\/wp\/v2\/categories?post=158"},{"taxonomy":"post_tag","embeddable":true,"href":"https:\/\/riisa.net\/index.php\/wp-json\/wp\/v2\/tags?post=158"}],"curies":[{"name":"wp","href":"https:\/\/api.w.org\/{rel}","templated":true}]}}