{"id":1754,"date":"2013-05-14T23:39:02","date_gmt":"2013-05-14T20:39:02","guid":{"rendered":"http:\/\/riisa.net\/?p=1754"},"modified":"2014-03-22T20:24:47","modified_gmt":"2014-03-22T17:24:47","slug":"kattauksia-kesaan","status":"publish","type":"post","link":"https:\/\/riisa.net\/index.php\/2013\/05\/14\/kattauksia-kesaan\/","title":{"rendered":"Kattauksia kes\u00e4\u00e4n"},"content":{"rendered":"<p><img data-recalc-dims=\"1\" loading=\"lazy\" decoding=\"async\" class=\"aligncenter\" alt=\"\" src=\"https:\/\/i0.wp.com\/riisa.net\/wp-content\/uploads\/2013\/05\/artek-avotakka-avaus-1.jpg?resize=392%2C196\" width=\"392\" height=\"196\" \/><\/p>\n<p>Olin t\u00e4n\u00e4\u00e4n hauskassa Avotakan lukijaillassa, jonka j\u00e4rjestettiin Artekin Esplanadin myym\u00e4l\u00e4tiloissa. En ollut pitk\u00e4\u00e4n aikaan pist\u00e4ytynyt koko liikkeess\u00e4, joten pelk\u00e4st\u00e4\u00e4n tuotevalikoimaakin oli kivaa katsella: sai kuvailla, koskea ja tutkia ihan rauhassa.<\/p>\n<p>Tilaisuuden alussa saimme kiinnostavia vinkkej\u00e4 Avotakan sisustustoimittajilta ja p\u00e4\u00e4toimittajilta erilaisiin juhlakattauksiin \u2013 tai miksei arkisempienkin iltojen p\u00f6ytien koristeluun. Asiat, jotka itselleni j\u00e4iv\u00e4t p\u00e4\u00e4limm\u00e4isen\u00e4 mieleen olivat erilaiset ideat siit\u00e4, millaisista l\u00e4ht\u00f6kohdista kattausta voi l\u00e4hte\u00e4 rakentamaan, miten p\u00f6yd\u00e4n koristeita ja tarjoiltavien asettelua tulisi mietti\u00e4 enemm\u00e4n vieraiden vinkkelist\u00e4, ja kuinka pienet yll\u00e4tykset ja vaivann\u00e4k\u00f6 voivat olla simppeleit\u00e4, mutta ikimuistoisen juhlan takaavia pikkuyksityiskohtia. Kannattaa unohtaa rajoitteet ja luoda p\u00f6yt\u00e4\u00e4n tunnelma niist\u00e4 elementeist\u00e4, mitk\u00e4 kuhunkin tilanteseen sopivat. &#8221;Salaatin voi tarjota vaikkapa kauniista kahvikupista, jos niin haluaa.&#8221;<\/p>\n<p style=\"text-align: center;\"><a href=\"https:\/\/i0.wp.com\/riisa.net\/wp-content\/uploads\/2013\/05\/artek-avotakka-kollaasi-3.jpg\"><img data-recalc-dims=\"1\" loading=\"lazy\" decoding=\"async\" data-attachment-id=\"1757\" data-permalink=\"https:\/\/riisa.net\/index.php\/2013\/05\/14\/kattauksia-kesaan\/artek-avotakka-kollaasi-3\/\" data-orig-file=\"https:\/\/i0.wp.com\/riisa.net\/wp-content\/uploads\/2013\/05\/artek-avotakka-kollaasi-3.jpg?fit=600%2C450&amp;ssl=1\" data-orig-size=\"600,450\" data-comments-opened=\"1\" data-image-meta=\"{&quot;aperture&quot;:&quot;0&quot;,&quot;credit&quot;:&quot;&quot;,&quot;camera&quot;:&quot;&quot;,&quot;caption&quot;:&quot;&quot;,&quot;created_timestamp&quot;:&quot;0&quot;,&quot;copyright&quot;:&quot;&quot;,&quot;focal_length&quot;:&quot;0&quot;,&quot;iso&quot;:&quot;0&quot;,&quot;shutter_speed&quot;:&quot;0&quot;,&quot;title&quot;:&quot;&quot;}\" data-image-title=\"artek-avotakka-kollaasi-3\" data-image-description=\"\" data-image-caption=\"\" data-large-file=\"https:\/\/i0.wp.com\/riisa.net\/wp-content\/uploads\/2013\/05\/artek-avotakka-kollaasi-3.jpg?fit=392%2C294&amp;ssl=1\" class=\"aligncenter size-full wp-image-1757\" title=\"artek-avotakka-kollaasi-3\" alt=\"\" src=\"https:\/\/i0.wp.com\/riisa.net\/wp-content\/uploads\/2013\/05\/artek-avotakka-kollaasi-3.jpg?resize=392%2C294\" width=\"392\" height=\"294\" srcset=\"https:\/\/i0.wp.com\/riisa.net\/wp-content\/uploads\/2013\/05\/artek-avotakka-kollaasi-3.jpg?w=600&amp;ssl=1 600w, https:\/\/i0.wp.com\/riisa.net\/wp-content\/uploads\/2013\/05\/artek-avotakka-kollaasi-3.jpg?resize=300%2C225&amp;ssl=1 300w\" sizes=\"auto, (max-width: 392px) 100vw, 392px\" \/><\/a><em><span style=\"color: #888888;\">Lukijoiden kattauksia teemoihin: Lounaspalaveri toimistossa, keskiviikko kotona klo 18 ja opiskelijaboksin nyytt\u00e4rit. Hauska, miten samoista tuotteistakin voi saada eri n\u00e4k\u00f6isi\u00e4 ilmeit\u00e4.<\/span><\/em><\/p>\n<p><strong>Kattauksen perustana voi olla vaikkapa jokin seuraavista:<\/strong><\/p>\n<ul>\n<li>ruoka jota aiot tarjota \u2013 t\u00e4ll\u00f6in astiavalinnat palvelevat aterian tarpeita, ja tekstiilit seuraavat per\u00e4st\u00e4<\/li>\n<li>asiat, joita haluat k\u00e4ytt\u00e4\u00e4 \u2013 jos et koskaan keksi k\u00e4ytt\u00f6\u00e4 Mariskoolille, tai olet sit\u00e4 mielt\u00e4, ett\u00e4 Muumimukikokoelmasi kuuluisi p\u00e4\u00e4st\u00e4 esille, miksi et rakentaisi kattausta ne mieless\u00e4si?<\/li>\n<li>v\u00e4ri \u2013 tai useampi v\u00e4ri. Niin kattaus, pienet sisustuselementit kuin jopa ruoka voivat noudatella tietty\u00e4 v\u00e4riskaalaa. Henkil\u00f6kohtaisesti olen sit\u00e4 mielt\u00e4, ett\u00e4 v\u00e4rist\u00e4 on melkeinp\u00e4 helpointa l\u00e4hte\u00e4 liikkeelle, sill\u00e4 itsell\u00e4ni ei ole kovin suurta astiavalikoimaa, joten ruoatkin on t\u00e4ll\u00e4 hetkell\u00e4 pakko tehd\u00e4 v\u00e4h\u00e4n sen mukaan, mit\u00e4 noista olemassa olevista voi tarjota. ;)<\/li>\n<li>teema \u2013 jos juhliin liittyy jokin teema, my\u00f6s kattaus voi ja tietenkin pit\u00e4\u00e4kin toistaa sit\u00e4. Vauvakutsuilla ollaan hempeit\u00e4, sirkusjuhlissa leikitell\u00e4\u00e4n, puutarhajuhlissa p\u00e4\u00e4osassa ovat kasvit ja sit\u00e4 rataa&#8230;.<\/li>\n<\/ul>\n<p>Sain paljon inspiraatiota paitsi toimittajien vinkeist\u00e4 my\u00f6s muilta iltaan osallistuneilta. Me vieraat p\u00e4\u00e4simme nimitt\u00e4in k\u00e4ytt\u00e4m\u00e4\u00e4n mielikuvitustamme ja loihtimaan Artekin myym\u00e4l\u00e4n annista ja iltaa varten ker\u00e4tyst\u00e4 rekvisiittavarastosta kattauksia tiettyjen aiheiden ymp\u00e4rille. Meid\u00e4n arvottiin ryhmiin, itse p\u00e4\u00e4dyin oikeastaan juuri mieluisimpaan, Juhannusjuhlien m\u00f6kkip\u00f6yt\u00e4\u00e4n. Ihana Artekin Pirttip\u00f6yt\u00e4, joka kohdallemme osui, oli niin satumaisen kaunis, ett\u00e4 en olisi halunnut peitt\u00e4\u00e4 sit\u00e4 ollenkaan. Ryhm\u00e4ty\u00f6 oli kuitenkin illan sana, joten porukkamme erilaiset sisustajat p\u00e4\u00e4siv\u00e4t kaikki antamaan oman ripauksensa kattaukseen. Loppujen lopuksi siit\u00e4 tuli oikeasti todella kiva, vaikka kuva ei annakaan sille oikeutta \u2013 otin sen selv\u00e4sti ihan v\u00e4\u00e4r\u00e4st\u00e4 suunnasta, liian alhaalta, jolloin n\u00e4ytt\u00e4\u00e4, kuin tavarat olisivat sikin sokin ruttuisen kankaan lomassa. ;D Oikeasti p\u00f6yt\u00e4 oli aika hurmaava, oli oli! Punavalkoinen yhdistettyn\u00e4 mustaan ja tummaan puuhun on kyll\u00e4 aika makea yhdistelm\u00e4. Unohtamatta tietenk\u00e4\u00e4n vihre\u00e4n ripausta, joka saa kattauksen kuin kattauksen n\u00e4ytt\u00e4m\u00e4\u00e4n komealta.<\/p>\n<p style=\"text-align: center;\"><a href=\"https:\/\/i0.wp.com\/riisa.net\/wp-content\/uploads\/2013\/05\/artek-avotakka-kollaasi-2.jpg\"><img data-recalc-dims=\"1\" loading=\"lazy\" decoding=\"async\" data-attachment-id=\"1758\" data-permalink=\"https:\/\/riisa.net\/index.php\/2013\/05\/14\/kattauksia-kesaan\/artek-avotakka-kollaasi-2\/\" data-orig-file=\"https:\/\/i0.wp.com\/riisa.net\/wp-content\/uploads\/2013\/05\/artek-avotakka-kollaasi-2.jpg?fit=600%2C450&amp;ssl=1\" data-orig-size=\"600,450\" data-comments-opened=\"1\" data-image-meta=\"{&quot;aperture&quot;:&quot;0&quot;,&quot;credit&quot;:&quot;&quot;,&quot;camera&quot;:&quot;&quot;,&quot;caption&quot;:&quot;&quot;,&quot;created_timestamp&quot;:&quot;0&quot;,&quot;copyright&quot;:&quot;&quot;,&quot;focal_length&quot;:&quot;0&quot;,&quot;iso&quot;:&quot;0&quot;,&quot;shutter_speed&quot;:&quot;0&quot;,&quot;title&quot;:&quot;&quot;}\" data-image-title=\"artek-avotakka-kollaasi-2\" data-image-description=\"\" data-image-caption=\"\" data-large-file=\"https:\/\/i0.wp.com\/riisa.net\/wp-content\/uploads\/2013\/05\/artek-avotakka-kollaasi-2.jpg?fit=392%2C294&amp;ssl=1\" class=\"aligncenter size-full wp-image-1758\" title=\"artek-avotakka-kollaasi-2\" alt=\"\" src=\"https:\/\/i0.wp.com\/riisa.net\/wp-content\/uploads\/2013\/05\/artek-avotakka-kollaasi-2.jpg?resize=392%2C294\" width=\"392\" height=\"294\" srcset=\"https:\/\/i0.wp.com\/riisa.net\/wp-content\/uploads\/2013\/05\/artek-avotakka-kollaasi-2.jpg?w=600&amp;ssl=1 600w, https:\/\/i0.wp.com\/riisa.net\/wp-content\/uploads\/2013\/05\/artek-avotakka-kollaasi-2.jpg?resize=300%2C225&amp;ssl=1 300w\" sizes=\"auto, (max-width: 392px) 100vw, 392px\" \/><\/a><span style=\"color: #888888;\">Minun ryhm\u00e4ni kattaus &#8221;Juhannusjuhlat m\u00f6kill\u00e4&#8221; sek\u00e4 toisten lukijoiden n\u00e4kemys &#8221;Villen 5-vuotis syntym\u00e4p\u00e4ivist\u00e4&#8221; kattauksen muodossa.<\/span><\/p>\n<p style=\"text-align: center;\"><a href=\"https:\/\/i0.wp.com\/riisa.net\/wp-content\/uploads\/2013\/05\/artek-avotakka-kollaasi-4.jpg\"><img data-recalc-dims=\"1\" loading=\"lazy\" decoding=\"async\" data-attachment-id=\"1759\" data-permalink=\"https:\/\/riisa.net\/index.php\/2013\/05\/14\/kattauksia-kesaan\/artek-avotakka-kollaasi-4\/\" data-orig-file=\"https:\/\/i0.wp.com\/riisa.net\/wp-content\/uploads\/2013\/05\/artek-avotakka-kollaasi-4.jpg?fit=600%2C450&amp;ssl=1\" data-orig-size=\"600,450\" data-comments-opened=\"1\" data-image-meta=\"{&quot;aperture&quot;:&quot;0&quot;,&quot;credit&quot;:&quot;&quot;,&quot;camera&quot;:&quot;&quot;,&quot;caption&quot;:&quot;&quot;,&quot;created_timestamp&quot;:&quot;0&quot;,&quot;copyright&quot;:&quot;&quot;,&quot;focal_length&quot;:&quot;0&quot;,&quot;iso&quot;:&quot;0&quot;,&quot;shutter_speed&quot;:&quot;0&quot;,&quot;title&quot;:&quot;&quot;}\" data-image-title=\"artek-avotakka-kollaasi-4\" data-image-description=\"\" data-image-caption=\"\" data-large-file=\"https:\/\/i0.wp.com\/riisa.net\/wp-content\/uploads\/2013\/05\/artek-avotakka-kollaasi-4.jpg?fit=392%2C294&amp;ssl=1\" class=\"aligncenter size-full wp-image-1759\" title=\"artek-avotakka-kollaasi-4\" alt=\"\" src=\"https:\/\/i0.wp.com\/riisa.net\/wp-content\/uploads\/2013\/05\/artek-avotakka-kollaasi-4.jpg?resize=392%2C294\" width=\"392\" height=\"294\" srcset=\"https:\/\/i0.wp.com\/riisa.net\/wp-content\/uploads\/2013\/05\/artek-avotakka-kollaasi-4.jpg?w=600&amp;ssl=1 600w, https:\/\/i0.wp.com\/riisa.net\/wp-content\/uploads\/2013\/05\/artek-avotakka-kollaasi-4.jpg?resize=300%2C225&amp;ssl=1 300w\" sizes=\"auto, (max-width: 392px) 100vw, 392px\" \/><\/a><em><span style=\"color: #888888;\">Lukijoiden n\u00e4kemys siit\u00e4, mit\u00e4 tarkoittaa &#8221;Ilta meille kahdelle&#8221; ja &#8221;Kev\u00e4\u00e4n sukujuhlat&#8221;.<\/span><\/em><\/p>\n<p>Varsin hauska ilta siis. Ihmiset rakensivat kattauksia selv\u00e4sti innoissaan p\u00f6rr\u00e4ten liikkeess\u00e4 kuin mehil\u00e4iset, kuten er\u00e4s leikki\u00e4 sivusta seurannut vanhempi rouvashenkil\u00f6 tilannetta hymyillen luonnehti. Voin vain kuvitella miten hirve\u00e4 ilta Artekin ty\u00f6ntekij\u00f6ill\u00e4 on ollut j\u00e4rjestell\u00e4 myym\u00e4l\u00e4 takaisin siistiksi ja houkuttelevaksi sen j\u00e4lkeen, kun me lukijat olimme vieneet tavaroita sinne t\u00e4nne ja myll\u00e4nneet j\u00e4rjestyksen ihan uusiksi huonekaluja ja kynttelikk\u00f6j\u00e4 my\u00f6ten. :D<\/p>\n<p style=\"text-align: left;\">P\u00e4\u00e4dyin ostamaan kotiin viel\u00e4 parit Artekin Siena-kankaiset mustavalkoiset lautasliinat. Taidan vuorata niill\u00e4 alkajaisiksi leip\u00e4korin&#8230; Ja pian voisi k\u00e4yd\u00e4 liikkeess\u00e4 py\u00f6r\u00e4ht\u00e4m\u00e4ss\u00e4 Eeronkin kanssa, sill\u00e4 tuo er\u00e4s pieni p\u00f6yt\u00e4 on kummitellut ajatuksissamme jo pitk\u00e4\u00e4n&#8230;<\/p>\n<p style=\"text-align: center;\"><em><\/em><a href=\"https:\/\/i0.wp.com\/riisa.net\/wp-content\/uploads\/2013\/05\/artek-avotakka-kollaasi-1.jpg\"><img data-recalc-dims=\"1\" loading=\"lazy\" decoding=\"async\" data-attachment-id=\"1756\" data-permalink=\"https:\/\/riisa.net\/index.php\/2013\/05\/14\/kattauksia-kesaan\/artek-avotakka-kollaasi-1\/\" data-orig-file=\"https:\/\/i0.wp.com\/riisa.net\/wp-content\/uploads\/2013\/05\/artek-avotakka-kollaasi-1.jpg?fit=600%2C450&amp;ssl=1\" data-orig-size=\"600,450\" data-comments-opened=\"1\" data-image-meta=\"{&quot;aperture&quot;:&quot;0&quot;,&quot;credit&quot;:&quot;&quot;,&quot;camera&quot;:&quot;&quot;,&quot;caption&quot;:&quot;&quot;,&quot;created_timestamp&quot;:&quot;0&quot;,&quot;copyright&quot;:&quot;&quot;,&quot;focal_length&quot;:&quot;0&quot;,&quot;iso&quot;:&quot;0&quot;,&quot;shutter_speed&quot;:&quot;0&quot;,&quot;title&quot;:&quot;&quot;}\" data-image-title=\"artek-avotakka-kollaasi-1\" data-image-description=\"\" data-image-caption=\"\" data-large-file=\"https:\/\/i0.wp.com\/riisa.net\/wp-content\/uploads\/2013\/05\/artek-avotakka-kollaasi-1.jpg?fit=392%2C294&amp;ssl=1\" class=\"aligncenter size-full wp-image-1756\" title=\"artek-avotakka-kollaasi-1\" alt=\"\" src=\"https:\/\/i0.wp.com\/riisa.net\/wp-content\/uploads\/2013\/05\/artek-avotakka-kollaasi-1.jpg?resize=392%2C294\" width=\"392\" height=\"294\" srcset=\"https:\/\/i0.wp.com\/riisa.net\/wp-content\/uploads\/2013\/05\/artek-avotakka-kollaasi-1.jpg?w=600&amp;ssl=1 600w, https:\/\/i0.wp.com\/riisa.net\/wp-content\/uploads\/2013\/05\/artek-avotakka-kollaasi-1.jpg?resize=300%2C225&amp;ssl=1 300w\" sizes=\"auto, (max-width: 392px) 100vw, 392px\" \/><\/a><em><span style=\"color: #888888;\">Himoitsemani pikkup\u00f6yt\u00e4 olohuoneeseen&#8230; viel\u00e4 joku p\u00e4iv\u00e4 haen tuon kotiin! Ja tuon ihastuttava Mademoisellen.. ja tuon linjakkaan sohvan. Jos siis tarvitsisin pinnatuolia tai sohvaa n\u00e4\u00e4s&#8230;<\/span><\/em><\/p>\n","protected":false},"excerpt":{"rendered":"<p>Olin t\u00e4n\u00e4\u00e4n hauskassa Avotakan lukijaillassa, jonka j\u00e4rjestettiin Artekin Esplanadin myym\u00e4l\u00e4tiloissa. En ollut pitk\u00e4\u00e4n aikaan pist\u00e4ytynyt koko liikkeess\u00e4, joten pelk\u00e4st\u00e4\u00e4n tuotevalikoimaakin oli kivaa katsella: sai kuvailla, &hellip;<\/p>\n","protected":false},"author":2,"featured_media":0,"comment_status":"open","ping_status":"open","sticky":false,"template":"","format":"standard","meta":{"advanced_seo_description":"","jetpack_seo_html_title":"","jetpack_seo_noindex":false,"jetpack_post_was_ever_published":false,"_jetpack_newsletter_access":"","_jetpack_dont_email_post_to_subs":false,"_jetpack_newsletter_tier_id":0,"_jetpack_memberships_contains_paywalled_content":false,"_jetpack_memberships_contains_paid_content":false,"footnotes":""},"categories":[32,17,60,16,61,51],"tags":[],"class_list":["post-1754","post","type-post","status-publish","format-standard","hentry","category-askartelu_ja_kasityo","category-design_ja_taide","category-keittio","category-sisustus_ja_tyyli","category-olohuone","category-sisustus"],"jetpack_featured_media_url":"","jetpack_sharing_enabled":true,"jetpack_shortlink":"https:\/\/wp.me\/p9vavA-si","jetpack_likes_enabled":true,"jetpack-related-posts":[{"id":2904,"url":"https:\/\/riisa.net\/index.php\/2015\/09\/13\/3-x-syksyn-sisustustrendi\/","url_meta":{"origin":1754,"position":0},"title":"3 x Syksyn sisustustrendi","author":"Riisa","date":"13.9.2015","format":false,"excerpt":"Habitaret ja Asuntomessut on n\u00e4hty, eik\u00e4 tarvitse kovin tarkkasilm\u00e4inen havaitakseen, millaiset asiat niin kodeissa kuin sisustusliikkeiden messuosastoilla toistuvat kerta toisensa j\u00e4lkeen. 1. Grafista mustavalkoista ja luonnonmateriaaleja Graafinen tyyli ja mustavalkoisuus on ollut pinnalla pitk\u00e4\u00e4n, mutta nyt tuntuu, ett\u00e4 puhdas, pelk\u00e4n mustan, kiilt\u00e4v\u00e4n valkoisen sek\u00e4 korkeintaan kylmien harmaiden muodostama yhdistelm\u00e4 on\u2026","rel":"","context":"Kategoriassa &quot;Koti &amp; Sisustus&quot;","block_context":{"text":"Koti &amp; Sisustus","link":"https:\/\/riisa.net\/index.php\/category\/sisustus_ja_tyyli\/"},"img":{"alt_text":"","src":"https:\/\/i0.wp.com\/riisa.net\/wp-content\/uploads\/2015\/09\/sisustus-trendit-syksy2015-stenberg.jpg?fit=620%2C360&ssl=1&resize=350%2C200","width":350,"height":200,"srcset":"https:\/\/i0.wp.com\/riisa.net\/wp-content\/uploads\/2015\/09\/sisustus-trendit-syksy2015-stenberg.jpg?fit=620%2C360&ssl=1&resize=350%2C200 1x, https:\/\/i0.wp.com\/riisa.net\/wp-content\/uploads\/2015\/09\/sisustus-trendit-syksy2015-stenberg.jpg?fit=620%2C360&ssl=1&resize=525%2C300 1.5x"},"classes":[]},{"id":2777,"url":"https:\/\/riisa.net\/index.php\/2014\/12\/31\/joulu-joulu-tullut-on\/","url_meta":{"origin":1754,"position":1},"title":"Joulu, joulu tullut on..","author":"Riisa","date":"31.12.2014","format":false,"excerpt":"Minusta joulun vietto on aina jatkunut v\u00e4hint\u00e4\u00e4n Loppiaiseen saakka \u2013 sen aiemmin ei l\u00e4hde t\u00e4st\u00e4 talosta kuusi ja siihen saakka saa hyvill\u00e4 mielin tunnelmoida. Olen aina h\u00e4mm\u00e4stellyt, kuinka jotkut raaskivat luopua joulun vietosta jo pian v\u00e4lip\u00e4ivien j\u00e4lkeen. Miksi koristella, siivota ja valmistella, jos joulu loppuu parissa p\u00e4iv\u00e4ss\u00e4? Kukin tyylill\u00e4\u00e4n, mutta\u2026","rel":"","context":"Kategoriassa &quot;Ajankohtaista&quot;","block_context":{"text":"Ajankohtaista","link":"https:\/\/riisa.net\/index.php\/category\/vapaalla\/ajankohtaista\/"},"img":{"alt_text":"","src":"https:\/\/i0.wp.com\/riisa.net\/wp-content\/uploads\/2014\/12\/joulu-sisustus-2014-6.jpg?fit=620%2C360&ssl=1&resize=350%2C200","width":350,"height":200,"srcset":"https:\/\/i0.wp.com\/riisa.net\/wp-content\/uploads\/2014\/12\/joulu-sisustus-2014-6.jpg?fit=620%2C360&ssl=1&resize=350%2C200 1x, https:\/\/i0.wp.com\/riisa.net\/wp-content\/uploads\/2014\/12\/joulu-sisustus-2014-6.jpg?fit=620%2C360&ssl=1&resize=525%2C300 1.5x"},"classes":[]},{"id":2008,"url":"https:\/\/riisa.net\/index.php\/2014\/03\/09\/uutta-ilmetta-makuuhuoneeseen\/","url_meta":{"origin":1754,"position":2},"title":"Uutta ilmett\u00e4 makuuhuoneeseen","author":"Riisa","date":"9.3.2014","format":false,"excerpt":"Toivoin joululahjaksi yht\u00e4 ja toista kodin tavaraa, ja pikkuveljeni oli napannut haaviin yhden toiveen Pinterest-listaltani: Hemtexin ihanat mustavalkoisen graafisesti kuvioidut lakanat. Vaihdettuani ne k\u00e4ytt\u00f6\u00f6n tuntui, ett\u00e4 koko makuuhuone raikastui ja sai uutta potkua \u2013 ei tehnyt mieli k\u00e4ytt\u00e4\u00e4 edes p\u00e4iv\u00e4peittoa, koska uusia lakanoita katseli paljon mieluummin kuin vanhaa kulunutta viltti\u00e4\u2026","rel":"","context":"Kategoriassa &quot;Koti &amp; Sisustus&quot;","block_context":{"text":"Koti &amp; Sisustus","link":"https:\/\/riisa.net\/index.php\/category\/sisustus_ja_tyyli\/"},"img":{"alt_text":"","src":"https:\/\/i0.wp.com\/riisa.net\/wp-content\/uploads\/2014\/03\/uudet-lakanat-makkari-6.jpg?resize=350%2C200","width":350,"height":200,"srcset":"https:\/\/i0.wp.com\/riisa.net\/wp-content\/uploads\/2014\/03\/uudet-lakanat-makkari-6.jpg?resize=350%2C200 1x, https:\/\/i0.wp.com\/riisa.net\/wp-content\/uploads\/2014\/03\/uudet-lakanat-makkari-6.jpg?resize=525%2C300 1.5x"},"classes":[]},{"id":2677,"url":"https:\/\/riisa.net\/index.php\/2014\/09\/06\/syksy-ja-sisustuskarpasten-puremat\/","url_meta":{"origin":1754,"position":3},"title":"Syksy ja sisustusk\u00e4rp\u00e4sten puremat","author":"Riisa","date":"6.9.2014","format":false,"excerpt":"Pitk\u00e4\u00e4n aikaan en ole ajatellut sisustamista tai kodin laittamista aktiivisesti. Oli niin paljon muita asioita ajateltavana ja suunniteltavana, kuten kes\u00e4n reissut, ett\u00e4 kotiin liittyv\u00e4t projektit joutuivat v\u00e4istym\u00e4\u00e4n taka-alalle. Nyt yht\u00e4kki\u00e4, itse asiassa Ikean uutta kuvastoa selaillessani, tajusin, ett\u00e4 olisipa ihana vihdoin tehd\u00e4 tuolle kylpyhuoneelle jotakin. Ja tosiaan, vaatehuoneessa odottavat yh\u00e4\u2026","rel":"","context":"Kategoriassa &quot;Koti &amp; Sisustus&quot;","block_context":{"text":"Koti &amp; Sisustus","link":"https:\/\/riisa.net\/index.php\/category\/sisustus_ja_tyyli\/"},"img":{"alt_text":"","src":"https:\/\/i0.wp.com\/riisa.net\/wp-content\/uploads\/2014\/09\/syksy-sisustus-2014-2.jpg?fit=620%2C360&ssl=1&resize=350%2C200","width":350,"height":200,"srcset":"https:\/\/i0.wp.com\/riisa.net\/wp-content\/uploads\/2014\/09\/syksy-sisustus-2014-2.jpg?fit=620%2C360&ssl=1&resize=350%2C200 1x, https:\/\/i0.wp.com\/riisa.net\/wp-content\/uploads\/2014\/09\/syksy-sisustus-2014-2.jpg?fit=620%2C360&ssl=1&resize=525%2C300 1.5x"},"classes":[]},{"id":1406,"url":"https:\/\/riisa.net\/index.php\/2012\/12\/06\/joulu-hiipii-pikkuhiljaa\/","url_meta":{"origin":1754,"position":4},"title":"Joulu hiipii, pikkuhiljaa","author":"Riisa","date":"6.12.2012","format":false,"excerpt":"Itsen\u00e4isyysp\u00e4iv\u00e4 on yksi niist\u00e4 ensimm\u00e4isist\u00e4 p\u00e4ivist\u00e4, kun alkaa oikeasti tuntua silt\u00e4, ett\u00e4 nyt on joulukuu ja aatto l\u00e4hestyy. Ulkona on ihanan h\u00e4myist\u00e4, se kaunein sininen hetki, ja sis\u00e4ll\u00e4 lepattavat kynttil\u00e4t. T\u00e4llaisina iltoina ei haittaa yht\u00e4\u00e4n olla kotona ja k\u00e4perty\u00e4 vilttien suojaan, herkutella chai lattella tai kunnon suklaisella kaakaolla. Ja sitten\u2026","rel":"","context":"Kategoriassa &quot;Ajankohtaista&quot;","block_context":{"text":"Ajankohtaista","link":"https:\/\/riisa.net\/index.php\/category\/vapaalla\/ajankohtaista\/"},"img":{"alt_text":"","src":"https:\/\/i0.wp.com\/riisa.net\/wp-content\/uploads\/2012\/12\/joulufiilis-4.jpg?resize=350%2C200","width":350,"height":200,"srcset":"https:\/\/i0.wp.com\/riisa.net\/wp-content\/uploads\/2012\/12\/joulufiilis-4.jpg?resize=350%2C200 1x, https:\/\/i0.wp.com\/riisa.net\/wp-content\/uploads\/2012\/12\/joulufiilis-4.jpg?resize=525%2C300 1.5x"},"classes":[]},{"id":1617,"url":"https:\/\/riisa.net\/index.php\/2013\/03\/20\/kevatta-sisustukseen\/","url_meta":{"origin":1754,"position":5},"title":"Kev\u00e4tt\u00e4 sisustukseen","author":"Riisa","date":"20.3.2013","format":false,"excerpt":"Kev\u00e4\u00e4ll\u00e4 iskee aina se vihre\u00e4himo ainakin t\u00e4ss\u00e4 huushollissa. Halusin jo olemassa olevien muutaman kev\u00e4\u00e4nvihre\u00e4n tyynyliinan kaveriksi jotain pient\u00e4 uutta, joten k\u00e4v\u00e4isin kurkistamassa Pentikin Outlettiin Arabiassa, kun se sattuu olemaan k\u00e4tev\u00e4sti melkein ty\u00f6matkan varrella ja minulla oli sinne kaiken kukkuraksi lahjakortti. Pentik on siit\u00e4 j\u00e4nn\u00e4 sisustusliike, ett\u00e4 toisinaan en l\u00f6yd\u00e4 heid\u00e4n\u2026","rel":"","context":"Kategoriassa &quot;Koti &amp; Sisustus&quot;","block_context":{"text":"Koti &amp; Sisustus","link":"https:\/\/riisa.net\/index.php\/category\/sisustus_ja_tyyli\/"},"img":{"alt_text":"","src":"https:\/\/i0.wp.com\/riisa.net\/wp-content\/uploads\/2013\/03\/springshopping-pentik-2.jpg?resize=350%2C200","width":350,"height":200,"srcset":"https:\/\/i0.wp.com\/riisa.net\/wp-content\/uploads\/2013\/03\/springshopping-pentik-2.jpg?resize=350%2C200 1x, https:\/\/i0.wp.com\/riisa.net\/wp-content\/uploads\/2013\/03\/springshopping-pentik-2.jpg?resize=525%2C300 1.5x"},"classes":[]}],"_links":{"self":[{"href":"https:\/\/riisa.net\/index.php\/wp-json\/wp\/v2\/posts\/1754","targetHints":{"allow":["GET"]}}],"collection":[{"href":"https:\/\/riisa.net\/index.php\/wp-json\/wp\/v2\/posts"}],"about":[{"href":"https:\/\/riisa.net\/index.php\/wp-json\/wp\/v2\/types\/post"}],"author":[{"embeddable":true,"href":"https:\/\/riisa.net\/index.php\/wp-json\/wp\/v2\/users\/2"}],"replies":[{"embeddable":true,"href":"https:\/\/riisa.net\/index.php\/wp-json\/wp\/v2\/comments?post=1754"}],"version-history":[{"count":5,"href":"https:\/\/riisa.net\/index.php\/wp-json\/wp\/v2\/posts\/1754\/revisions"}],"predecessor-version":[{"id":2103,"href":"https:\/\/riisa.net\/index.php\/wp-json\/wp\/v2\/posts\/1754\/revisions\/2103"}],"wp:attachment":[{"href":"https:\/\/riisa.net\/index.php\/wp-json\/wp\/v2\/media?parent=1754"}],"wp:term":[{"taxonomy":"category","embeddable":true,"href":"https:\/\/riisa.net\/index.php\/wp-json\/wp\/v2\/categories?post=1754"},{"taxonomy":"post_tag","embeddable":true,"href":"https:\/\/riisa.net\/index.php\/wp-json\/wp\/v2\/tags?post=1754"}],"curies":[{"name":"wp","href":"https:\/\/api.w.org\/{rel}","templated":true}]}}