{"id":186,"date":"2008-09-24T13:22:00","date_gmt":"2008-09-24T13:22:00","guid":{"rendered":"http:\/\/riisa.net\/?p=186"},"modified":"2011-04-25T11:34:32","modified_gmt":"2011-04-25T11:34:32","slug":"valaiseva-variprofiililuento","status":"publish","type":"post","link":"https:\/\/riisa.net\/index.php\/2008\/09\/24\/valaiseva-variprofiililuento\/","title":{"rendered":"Valaiseva v\u00e4riprofiililuento"},"content":{"rendered":"<p><a href=\"http:\/\/www.prepress-center.fi\/\">Prepress Center Oy<\/a>:n tyyppi k\u00e4vi t\u00e4n\u00e4\u00e4n luennoimassa luokallemme v\u00e4riprofiileista, joita k\u00e4ytet\u00e4\u00e4n kuvank\u00e4sittelyss\u00e4, kun yritet\u00e4\u00e4n varmistaa, ett\u00e4 v\u00e4rit toistuisivat mahdollisimman hyvin ja samankaltaisesti sek\u00e4 n\u00e4yt\u00f6ll\u00e4, ett\u00e4 lopullisessa kohteessa, esimerkiksi sanomalehdess\u00e4 tai laadukkaalle p\u00e4\u00e4lystetylle paperille painettuna.<\/p>\n<p>Luento oli todella hy\u00f6dyllinen, eik\u00e4 minua kyll\u00e4 kaduta, ett\u00e4 jouduin j\u00e4\u00e4m\u00e4\u00e4n sen vuoksi pois Metropolian MetroSport -liikuntatapahtumasta, joka pidettiin t\u00e4n\u00e4\u00e4n iltap\u00e4iv\u00e4ll\u00e4. Luennoitsija oli selke\u00e4 ja hyv\u00e4 esiintyj\u00e4, ja ennen kaikkea kertoi asioista juuri sill\u00e4 tasolla, joka tuntui ainakin omasta mielest\u00e4ni sopivalta \u2013 ei itsest\u00e4\u00e4n selvyyksi\u00e4, mutta sopivasti t\u00e4ydent\u00e4vi\u00e4 faktoja ja havainnollistavia esimerkkej\u00e4. Usein pitkill\u00e4 luennoilla minua alkaa v\u00e4sytt\u00e4\u00e4, vaikka aihe olisikin kiinnostava. En tied\u00e4 johtuiko luokan sopivasta valaistuksesta vai mist\u00e4, mutta t\u00e4ll\u00e4 kertaa eiv\u00e4t silm\u00e4t lupsahdelleet ollenkaan. :)<\/p>\n<p>Jos tuntee itsess\u00e4\u00e4n yht\u00e4\u00e4n graafisen suunnittelijan vikaa, tai on muuten kiinnostunut aiheesta, Prepressin nettisivuilta l\u00f6ytyy varsin k\u00e4tev\u00e4sti <a href=\"http:\/\/www.prepress-center.fi\/index.php?id=133\">Profiilipankista<\/a> listattuna yleisimm\u00e4t icc-profiilit. Jos haluaa p\u00e4\u00e4st\u00e4 helpolla, voi k\u00e4tev\u00e4sti ladata esimerkiksi &#8217;Perusprofiilit 2008&#8217; -paketin, jolla p\u00e4rj\u00e4\u00e4 jo hyvinkin pitk\u00e4lle. Sivustolta l\u00f6ytyy my\u00f6s ohjeita ja infoa, mik\u00e4li mietitytt\u00e4\u00e4 vaikkapa se, ik\u00e4 profiili olisi kuhunkin tarkoitukseen sopivin.<\/p>\n","protected":false},"excerpt":{"rendered":"<p>Prepress Center Oy:n tyyppi k\u00e4vi t\u00e4n\u00e4\u00e4n luennoimassa luokallemme v\u00e4riprofiileista, joita k\u00e4ytet\u00e4\u00e4n kuvank\u00e4sittelyss\u00e4, kun yritet\u00e4\u00e4n varmistaa, ett\u00e4 v\u00e4rit toistuisivat mahdollisimman hyvin ja samankaltaisesti sek\u00e4 n\u00e4yt\u00f6ll\u00e4, ett\u00e4 &hellip;<\/p>\n","protected":false},"author":2,"featured_media":0,"comment_status":"open","ping_status":"open","sticky":false,"template":"","format":"standard","meta":{"advanced_seo_description":"","jetpack_seo_html_title":"","jetpack_seo_noindex":false,"jetpack_post_was_ever_published":false,"_jetpack_newsletter_access":"","_jetpack_dont_email_post_to_subs":false,"_jetpack_newsletter_tier_id":0,"_jetpack_memberships_contains_paywalled_content":false,"_jetpack_memberships_contains_paid_content":false,"footnotes":""},"categories":[17,25],"tags":[],"class_list":["post-186","post","type-post","status-publish","format-standard","hentry","category-design_ja_taide","category-graafinen-suunnittelu"],"jetpack_featured_media_url":"","jetpack_sharing_enabled":true,"jetpack_shortlink":"https:\/\/wp.me\/p9vavA-30","jetpack_likes_enabled":true,"jetpack-related-posts":[{"id":1155,"url":"https:\/\/riisa.net\/index.php\/2011\/12\/06\/hm-tietokonemallit-ja-taydellinen-hame\/","url_meta":{"origin":186,"position":0},"title":"H&#038;M:n tietokonemallit \u2013 ja t\u00e4ydellinen hame!","author":"Riisa","date":"6.12.2011","format":false,"excerpt":"Minun ei oikeastaan pit\u00e4nyt tehd\u00e4 yht\u00e4\u00e4n ainutta vaateostosta ennen tulevaa Japanin matkaa uutenavuotena, mutta t\u00e4n\u00e4\u00e4n k\u00e4vi jotenkin niin, ett\u00e4 eksyin pitk\u00e4st\u00e4 aikaa H&M:n tietokonemallikohun saattelemana vaatepuodin webbisivuille. En oikein ymm\u00e4rr\u00e4, miksi t\u00e4m\u00e4 aihe on ker\u00e4nnyt niin hirvitt\u00e4v\u00e4n p\u00f6hin\u00e4n mediassa, sill\u00e4 ei kai kukaan joka on shoppaillut H&M:n sivuilla, ei ole\u2026","rel":"","context":"Kategoriassa &quot;Ajankohtaista&quot;","block_context":{"text":"Ajankohtaista","link":"https:\/\/riisa.net\/index.php\/category\/vapaalla\/ajankohtaista\/"},"img":{"alt_text":"","src":"https:\/\/i0.wp.com\/riisa.net\/wp-content\/uploads\/2011\/12\/hm_hame_stailaus_alku.jpg?resize=350%2C200","width":350,"height":200,"srcset":"https:\/\/i0.wp.com\/riisa.net\/wp-content\/uploads\/2011\/12\/hm_hame_stailaus_alku.jpg?resize=350%2C200 1x, https:\/\/i0.wp.com\/riisa.net\/wp-content\/uploads\/2011\/12\/hm_hame_stailaus_alku.jpg?resize=525%2C300 1.5x"},"classes":[]},{"id":1104,"url":"https:\/\/riisa.net\/index.php\/2012\/09\/05\/habitaresta-bongattu-olohuoneen-silmatera\/","url_meta":{"origin":186,"position":1},"title":"Habitaresta bongattu olohuoneen silm\u00e4ter\u00e4","author":"Riisa","date":"5.9.2012","format":false,"excerpt":"Habitare-messut j\u00e4rjestet\u00e4\u00e4n taas parin viikon p\u00e4\u00e4st\u00e4, joten onkin hauskaa, ett\u00e4 voin kertoa teille viimevuoden messujen l\u00f6yd\u00f6st\u00e4ni, joka vihdoin t\u00e4n\u00e4\u00e4n saapui meille Norjasta! Vuoden 2011 Habitare-messuilla minulla oli yksi erityinen p\u00e4\u00e4m\u00e4\u00e4r\u00e4 \u2013 ennen kaikkea olin etsim\u00e4ss\u00e4 mielenkiintoisia tuolikandidaatteja olohuoneeseemme. Nojatuolin olimme alusta saakka ajatelleet yhdeksi asuntomme t\u00e4rkeimmist\u00e4 huonekaluista s\u00e4ngyn ja sohvan\u2026","rel":"","context":"Kategoriassa &quot;Koti &amp; Sisustus&quot;","block_context":{"text":"Koti &amp; Sisustus","link":"https:\/\/riisa.net\/index.php\/category\/sisustus_ja_tyyli\/"},"img":{"alt_text":"","src":"https:\/\/i0.wp.com\/riisa.net\/wp-content\/uploads\/2012\/09\/varier-Peel-Club-aloitus.jpg?resize=350%2C200","width":350,"height":200,"srcset":"https:\/\/i0.wp.com\/riisa.net\/wp-content\/uploads\/2012\/09\/varier-Peel-Club-aloitus.jpg?resize=350%2C200 1x, https:\/\/i0.wp.com\/riisa.net\/wp-content\/uploads\/2012\/09\/varier-Peel-Club-aloitus.jpg?resize=525%2C300 1.5x"},"classes":[]},{"id":1721,"url":"https:\/\/riisa.net\/index.php\/2013\/05\/09\/japani-kevainen-osaka-ja-sen-linna\/","url_meta":{"origin":186,"position":2},"title":"Japani: Kev\u00e4inen Osaka ja sen linna","author":"Riisa","date":"9.5.2013","format":false,"excerpt":"Olin yritt\u00e4nyt valita lentokoneesta paikan, josta n\u00e4kisin Kansain kent\u00e4lle laskeutuessani Osakan kaupungin puolen. Tietenkin valitsin p\u00e4\u00e4ttelyist\u00e4ni huolimatta v\u00e4\u00e4rin, mutta onneksi koneen oikean kyljen ikkunoidenkin n\u00e4kymiss\u00e4kin oli ahmimista \u2013 edess\u00e4ni aukeni Japanin \"sis\u00e4meri\", Shikokun saari ja maisemat, joihin palaisin bussilla parin viikon sis\u00e4ll\u00e4. Ei hassummin siis n\u00e4inkin p\u00e4in. Kent\u00e4ll\u00e4 yst\u00e4v\u00e4ni Yukikon\u2026","rel":"","context":"Kategoriassa &quot;Japani&quot;","block_context":{"text":"Japani","link":"https:\/\/riisa.net\/index.php\/category\/matkailu\/japani-matkailu\/"},"img":{"alt_text":"osaka matkailu","src":"https:\/\/i0.wp.com\/riisa.net\/wp-content\/uploads\/2013\/05\/osaka-kevat13-24.jpg?resize=350%2C200","width":350,"height":200,"srcset":"https:\/\/i0.wp.com\/riisa.net\/wp-content\/uploads\/2013\/05\/osaka-kevat13-24.jpg?resize=350%2C200 1x, https:\/\/i0.wp.com\/riisa.net\/wp-content\/uploads\/2013\/05\/osaka-kevat13-24.jpg?resize=525%2C300 1.5x"},"classes":[]},{"id":2607,"url":"https:\/\/riisa.net\/index.php\/2014\/08\/28\/unelmieni-kichijoji\/","url_meta":{"origin":186,"position":3},"title":"Unelmieni Kichijoji","author":"Riisa","date":"28.8.2014","format":false,"excerpt":"Kahviloita, pikkuisia putiikkeja, verheiden murattien piilottamia talonseini\u00e4, ruukkupuutarhoja, designkauppoja, k\u00e4sity\u00f6l\u00e4isten puistokirppis, kukkameri\u00e4, lenkkipolkuja, pyh\u00e4tt\u00f6 lammen rannalla ja kaikki oleellisimmat tavaratalot saman korttelin alueella... Jos olisin arvannut, mik\u00e4 keidas minua odottaa vain parinkymmenen minuutin junamatkan p\u00e4\u00e4ss\u00e4 Shibuyasta, olisin k\u00e4ynyt Kichijojissa jo aikaisemmin.","rel":"","context":"Kategoriassa &quot;Japani&quot;","block_context":{"text":"Japani","link":"https:\/\/riisa.net\/index.php\/category\/matkailu\/japani-matkailu\/"},"img":{"alt_text":"","src":"https:\/\/i0.wp.com\/riisa.net\/wp-content\/uploads\/2014\/08\/tokyo-kichijoji-18.jpg?fit=620%2C360&ssl=1&resize=350%2C200","width":350,"height":200,"srcset":"https:\/\/i0.wp.com\/riisa.net\/wp-content\/uploads\/2014\/08\/tokyo-kichijoji-18.jpg?fit=620%2C360&ssl=1&resize=350%2C200 1x, https:\/\/i0.wp.com\/riisa.net\/wp-content\/uploads\/2014\/08\/tokyo-kichijoji-18.jpg?fit=620%2C360&ssl=1&resize=525%2C300 1.5x"},"classes":[]},{"id":2984,"url":"https:\/\/riisa.net\/index.php\/2016\/10\/17\/inspiraatio-joka-ei-osu-kohdalleen\/","url_meta":{"origin":186,"position":4},"title":"Inspiraatio, joka ei osu kohdalleen","author":"Riisa","date":"17.10.2016","format":false,"excerpt":"Viime p\u00e4ivin\u00e4 minulla on ollut kova inspiraatio\u00a0kirjoittaa kaikenlaista. \u00a0Olen naputellut\u00a05 blogipostausluonnosta ja pohtinut uusia aiheita fiktiivisille romaaneille.\u00a0Ongelmani on, ett\u00e4 inspiraatio ei osu ihan oikeaan osoitteeseen. T\u00e4ll\u00e4 hetkell\u00e4 olisi muita\u00a0projekteja, joita olisi paljon hy\u00f6dyllisemp\u00e4\u00e4 ja ajankohtaisempaa edist\u00e4\u00e4. Prokrastinoija parhaimmillaan Lieneek\u00f6 kyseess\u00e4 taas yksi prokrastinoijan eli viivyttelij\u00e4n tapa siirt\u00e4\u00e4 my\u00f6hemm\u00e4ksi\u00a0niit\u00e4 oleellisia, k\u00e4sill\u00e4\u2026","rel":"","context":"Kategoriassa &quot;Ajankohtaista&quot;","block_context":{"text":"Ajankohtaista","link":"https:\/\/riisa.net\/index.php\/category\/vapaalla\/ajankohtaista\/"},"img":{"alt_text":"","src":"https:\/\/i0.wp.com\/riisa.net\/wp-content\/uploads\/2016\/10\/pencil-918449_1920.jpg?fit=1200%2C800&ssl=1&resize=350%2C200","width":350,"height":200,"srcset":"https:\/\/i0.wp.com\/riisa.net\/wp-content\/uploads\/2016\/10\/pencil-918449_1920.jpg?fit=1200%2C800&ssl=1&resize=350%2C200 1x, https:\/\/i0.wp.com\/riisa.net\/wp-content\/uploads\/2016\/10\/pencil-918449_1920.jpg?fit=1200%2C800&ssl=1&resize=525%2C300 1.5x, https:\/\/i0.wp.com\/riisa.net\/wp-content\/uploads\/2016\/10\/pencil-918449_1920.jpg?fit=1200%2C800&ssl=1&resize=700%2C400 2x, https:\/\/i0.wp.com\/riisa.net\/wp-content\/uploads\/2016\/10\/pencil-918449_1920.jpg?fit=1200%2C800&ssl=1&resize=1050%2C600 3x"},"classes":[]},{"id":736,"url":"https:\/\/riisa.net\/index.php\/2011\/05\/05\/kevatpaiva\/","url_meta":{"origin":186,"position":5},"title":"Harvinaisen hajamielinen kev\u00e4tp\u00e4iv\u00e4","author":"Riisa","date":"5.5.2011","format":false,"excerpt":"T\u00e4st\u00e4 p\u00e4iv\u00e4st\u00e4 kertoo paljon se, ett\u00e4 l\u00e4hdin ep\u00e4huomiossa tuntia liian aikaisin liikenteeseen. Tarkoituksenani oli napata kahdeltatoista l\u00e4hte\u00e4v\u00e4 juna, mutta seisoinkin laiturilla jo yhdelt\u00e4toista. My\u00f6hemmin iltap\u00e4iv\u00e4st\u00e4 menojeni p\u00e4\u00e4tytty\u00e4 Espoossa soitin yst\u00e4v\u00e4lleni varmistaakseni, ett\u00e4 tanssituntimme alkamisajankohta oli kello viisi. Ei, se alkaa kuudelta, kaverini julisti puhelimessa. Sain t\u00e4n\u00e4\u00e4n siis k\u00e4ytt\u00f6\u00f6ni kummalliset kaksi\u2026","rel":"","context":"Kategoriassa &quot;Ajankohtaista&quot;","block_context":{"text":"Ajankohtaista","link":"https:\/\/riisa.net\/index.php\/category\/vapaalla\/ajankohtaista\/"},"img":{"alt_text":"","src":"https:\/\/i0.wp.com\/riisa.net\/wp-content\/uploads\/2011\/05\/valkovuokot.jpg?resize=350%2C200","width":350,"height":200,"srcset":"https:\/\/i0.wp.com\/riisa.net\/wp-content\/uploads\/2011\/05\/valkovuokot.jpg?resize=350%2C200 1x, https:\/\/i0.wp.com\/riisa.net\/wp-content\/uploads\/2011\/05\/valkovuokot.jpg?resize=525%2C300 1.5x"},"classes":[]}],"_links":{"self":[{"href":"https:\/\/riisa.net\/index.php\/wp-json\/wp\/v2\/posts\/186","targetHints":{"allow":["GET"]}}],"collection":[{"href":"https:\/\/riisa.net\/index.php\/wp-json\/wp\/v2\/posts"}],"about":[{"href":"https:\/\/riisa.net\/index.php\/wp-json\/wp\/v2\/types\/post"}],"author":[{"embeddable":true,"href":"https:\/\/riisa.net\/index.php\/wp-json\/wp\/v2\/users\/2"}],"replies":[{"embeddable":true,"href":"https:\/\/riisa.net\/index.php\/wp-json\/wp\/v2\/comments?post=186"}],"version-history":[{"count":3,"href":"https:\/\/riisa.net\/index.php\/wp-json\/wp\/v2\/posts\/186\/revisions"}],"predecessor-version":[{"id":591,"href":"https:\/\/riisa.net\/index.php\/wp-json\/wp\/v2\/posts\/186\/revisions\/591"}],"wp:attachment":[{"href":"https:\/\/riisa.net\/index.php\/wp-json\/wp\/v2\/media?parent=186"}],"wp:term":[{"taxonomy":"category","embeddable":true,"href":"https:\/\/riisa.net\/index.php\/wp-json\/wp\/v2\/categories?post=186"},{"taxonomy":"post_tag","embeddable":true,"href":"https:\/\/riisa.net\/index.php\/wp-json\/wp\/v2\/tags?post=186"}],"curies":[{"name":"wp","href":"https:\/\/api.w.org\/{rel}","templated":true}]}}