{"id":2693,"date":"2014-09-20T21:40:15","date_gmt":"2014-09-20T18:40:15","guid":{"rendered":"http:\/\/riisa.net\/?p=2693"},"modified":"2014-09-20T21:49:20","modified_gmt":"2014-09-20T18:49:20","slug":"viela-hetki-puutarhassa","status":"publish","type":"post","link":"https:\/\/riisa.net\/index.php\/2014\/09\/20\/viela-hetki-puutarhassa\/","title":{"rendered":"Viel\u00e4 hetki puutarhassa"},"content":{"rendered":"<p>T\u00e4n\u00e4\u00e4n oli taas syksyisen l\u00e4mmin, ellei jopa v\u00e4h\u00e4n kes\u00e4lt\u00e4 vivahtanut p\u00e4iv\u00e4, joten palasin mietteiss\u00e4ni edelliseen kes\u00e4\u00e4n.<\/p>\n<p><a href=\"http:\/\/riisa.net\/index.php\/2013\/04\/01\/puutarhaunelmia-ensi-kesalle\/\" target=\"_blank\">[highlight]Laatikkopuutarhurointini[\/highlight]<\/a> onnistui t\u00e4n\u00e4 vuonna yll\u00e4tt\u00e4v\u00e4n hyvin ottaen huomioon, ett\u00e4 en ollut koko hein\u00e4kuussa Suomessa \u2013 tai kuka tiet\u00e4\u00e4, ehk\u00e4 juuri siksi. Sijaiskastelijani saattoi ottaa homman kenties tunnollisemmin kuin olisin itse tehnyt?<\/p>\n<p>T\u00e4n\u00e4 vuonna menin edellisest\u00e4 vuodesta viisastuneena ja osin my\u00f6s matkani takia helpolla: siementen istuttelun j\u00e4tin suosiolla sikseen ja taimet hain sielt\u00e4, mist\u00e4 aiempina vuosina olin l\u00f6yt\u00e4nyt parhaat, eli <a href=\"http:\/\/www.hyotykasviyhdistys.fi\" target=\"_blank\"> [highlight] Hy\u00f6tykasviyhdistyksen [\/highlight] <\/a> Annalan puutarhan taimimarkkinoilta. <a href=\"http:\/\/riisa.net\/index.php\/category\/sisustus_ja_tyyli\/puutarha\/\" target=\"_blank\">Laatikkopuutarha<\/a> sai vanhojen tuttujen, vahvoiksi tuppaiksi kasvaneiden ruohosipulien, salvian sek\u00e4 yll\u00e4tyksekseni talven yli kest\u00e4neen timjamin seuraksi lehtipersiljaa, basilikoita, suolahein\u00e4\u00e4 (salaattia) ja rosmariinia.<\/p>\n<p><a href=\"https:\/\/i0.wp.com\/riisa.net\/wp-content\/uploads\/2014\/09\/puutarhalaatikko-kollaasi1.jpg\"><img data-recalc-dims=\"1\" loading=\"lazy\" decoding=\"async\" data-attachment-id=\"2700\" data-permalink=\"https:\/\/riisa.net\/index.php\/2014\/09\/20\/viela-hetki-puutarhassa\/puutarhalaatikko-kollaasi1\/\" data-orig-file=\"https:\/\/i0.wp.com\/riisa.net\/wp-content\/uploads\/2014\/09\/puutarhalaatikko-kollaasi1.jpg?fit=800%2C600&amp;ssl=1\" data-orig-size=\"800,600\" data-comments-opened=\"1\" data-image-meta=\"{&quot;aperture&quot;:&quot;0&quot;,&quot;credit&quot;:&quot;&quot;,&quot;camera&quot;:&quot;&quot;,&quot;caption&quot;:&quot;&quot;,&quot;created_timestamp&quot;:&quot;0&quot;,&quot;copyright&quot;:&quot;&quot;,&quot;focal_length&quot;:&quot;0&quot;,&quot;iso&quot;:&quot;0&quot;,&quot;shutter_speed&quot;:&quot;0&quot;,&quot;title&quot;:&quot;&quot;}\" data-image-title=\"puutarhalaatikko-kollaasi1\" data-image-description=\"\" data-image-caption=\"\" data-large-file=\"https:\/\/i0.wp.com\/riisa.net\/wp-content\/uploads\/2014\/09\/puutarhalaatikko-kollaasi1.jpg?fit=392%2C294&amp;ssl=1\" class=\"aligncenter size-large wp-image-2700\" alt=\"puutarhalaatikko-kollaasi1\" src=\"https:\/\/i0.wp.com\/riisa.net\/wp-content\/uploads\/2014\/09\/puutarhalaatikko-kollaasi1.jpg?resize=392%2C294\" width=\"392\" height=\"294\" srcset=\"https:\/\/i0.wp.com\/riisa.net\/wp-content\/uploads\/2014\/09\/puutarhalaatikko-kollaasi1.jpg?w=800&amp;ssl=1 800w, https:\/\/i0.wp.com\/riisa.net\/wp-content\/uploads\/2014\/09\/puutarhalaatikko-kollaasi1.jpg?resize=300%2C225&amp;ssl=1 300w\" sizes=\"auto, (max-width: 392px) 100vw, 392px\" \/><\/a><\/p>\n<p style=\"text-align: center;\"><em><span style=\"color: #888888;\">Ruohosipuli kukki villin\u00e4. Jouduin ihan urakoimaan, ett\u00e4 sain leikattua nuput pois. Timjamillakin on pienet somat vaaleat kukinnot.<\/span><\/em><\/p>\n<p style=\"text-align: center;\"><a href=\"https:\/\/i0.wp.com\/riisa.net\/wp-content\/uploads\/2014\/09\/puutarhalaatikko-kesa2014-3.jpg\"><img data-recalc-dims=\"1\" loading=\"lazy\" decoding=\"async\" data-attachment-id=\"2695\" data-permalink=\"https:\/\/riisa.net\/index.php\/2014\/09\/20\/viela-hetki-puutarhassa\/puutarhalaatikko-kesa2014-3\/\" data-orig-file=\"https:\/\/i0.wp.com\/riisa.net\/wp-content\/uploads\/2014\/09\/puutarhalaatikko-kesa2014-3.jpg?fit=620%2C465&amp;ssl=1\" data-orig-size=\"620,465\" data-comments-opened=\"1\" data-image-meta=\"{&quot;aperture&quot;:&quot;0&quot;,&quot;credit&quot;:&quot;&quot;,&quot;camera&quot;:&quot;&quot;,&quot;caption&quot;:&quot;&quot;,&quot;created_timestamp&quot;:&quot;0&quot;,&quot;copyright&quot;:&quot;Liisa Stenberg&quot;,&quot;focal_length&quot;:&quot;0&quot;,&quot;iso&quot;:&quot;0&quot;,&quot;shutter_speed&quot;:&quot;0&quot;,&quot;title&quot;:&quot;&quot;}\" data-image-title=\"puutarhalaatikko-kesa2014-3\" data-image-description=\"\" data-image-caption=\"\" data-large-file=\"https:\/\/i0.wp.com\/riisa.net\/wp-content\/uploads\/2014\/09\/puutarhalaatikko-kesa2014-3.jpg?fit=392%2C294&amp;ssl=1\" class=\"aligncenter size-large wp-image-2695\" alt=\"puutarhalaatikko-kesa2014-3\" src=\"https:\/\/i0.wp.com\/riisa.net\/wp-content\/uploads\/2014\/09\/puutarhalaatikko-kesa2014-3.jpg?resize=392%2C294\" width=\"392\" height=\"294\" srcset=\"https:\/\/i0.wp.com\/riisa.net\/wp-content\/uploads\/2014\/09\/puutarhalaatikko-kesa2014-3.jpg?w=620&amp;ssl=1 620w, https:\/\/i0.wp.com\/riisa.net\/wp-content\/uploads\/2014\/09\/puutarhalaatikko-kesa2014-3.jpg?resize=300%2C225&amp;ssl=1 300w\" sizes=\"auto, (max-width: 392px) 100vw, 392px\" \/><\/a><\/p>\n<p style=\"text-align: center;\"><a href=\"https:\/\/i0.wp.com\/riisa.net\/wp-content\/uploads\/2014\/09\/puutarhalaatikko-kesa2014-10.jpg\"><img data-recalc-dims=\"1\" loading=\"lazy\" decoding=\"async\" data-attachment-id=\"2697\" data-permalink=\"https:\/\/riisa.net\/index.php\/2014\/09\/20\/viela-hetki-puutarhassa\/puutarhalaatikko-kesa2014-10\/\" data-orig-file=\"https:\/\/i0.wp.com\/riisa.net\/wp-content\/uploads\/2014\/09\/puutarhalaatikko-kesa2014-10.jpg?fit=620%2C465&amp;ssl=1\" data-orig-size=\"620,465\" data-comments-opened=\"1\" data-image-meta=\"{&quot;aperture&quot;:&quot;0&quot;,&quot;credit&quot;:&quot;&quot;,&quot;camera&quot;:&quot;&quot;,&quot;caption&quot;:&quot;&quot;,&quot;created_timestamp&quot;:&quot;0&quot;,&quot;copyright&quot;:&quot;Liisa Stenberg&quot;,&quot;focal_length&quot;:&quot;0&quot;,&quot;iso&quot;:&quot;0&quot;,&quot;shutter_speed&quot;:&quot;0&quot;,&quot;title&quot;:&quot;&quot;}\" data-image-title=\"puutarhalaatikko-kesa2014-10\" data-image-description=\"\" data-image-caption=\"\" data-large-file=\"https:\/\/i0.wp.com\/riisa.net\/wp-content\/uploads\/2014\/09\/puutarhalaatikko-kesa2014-10.jpg?fit=392%2C294&amp;ssl=1\" class=\"aligncenter size-large wp-image-2697\" alt=\"puutarhalaatikko-kesa2014-10\" src=\"https:\/\/i0.wp.com\/riisa.net\/wp-content\/uploads\/2014\/09\/puutarhalaatikko-kesa2014-10.jpg?resize=392%2C294\" width=\"392\" height=\"294\" srcset=\"https:\/\/i0.wp.com\/riisa.net\/wp-content\/uploads\/2014\/09\/puutarhalaatikko-kesa2014-10.jpg?w=620&amp;ssl=1 620w, https:\/\/i0.wp.com\/riisa.net\/wp-content\/uploads\/2014\/09\/puutarhalaatikko-kesa2014-10.jpg?resize=300%2C225&amp;ssl=1 300w\" sizes=\"auto, (max-width: 392px) 100vw, 392px\" \/><\/a><\/p>\n<p style=\"text-align: center;\"><a href=\"https:\/\/i0.wp.com\/riisa.net\/wp-content\/uploads\/2014\/09\/puutarhalaatikko-yrtit.jpg\"><img data-recalc-dims=\"1\" loading=\"lazy\" decoding=\"async\" data-attachment-id=\"2701\" data-permalink=\"https:\/\/riisa.net\/index.php\/2014\/09\/20\/viela-hetki-puutarhassa\/puutarhalaatikko-yrtit\/\" data-orig-file=\"https:\/\/i0.wp.com\/riisa.net\/wp-content\/uploads\/2014\/09\/puutarhalaatikko-yrtit.jpg?fit=800%2C600&amp;ssl=1\" data-orig-size=\"800,600\" data-comments-opened=\"1\" data-image-meta=\"{&quot;aperture&quot;:&quot;0&quot;,&quot;credit&quot;:&quot;&quot;,&quot;camera&quot;:&quot;&quot;,&quot;caption&quot;:&quot;&quot;,&quot;created_timestamp&quot;:&quot;0&quot;,&quot;copyright&quot;:&quot;&quot;,&quot;focal_length&quot;:&quot;0&quot;,&quot;iso&quot;:&quot;0&quot;,&quot;shutter_speed&quot;:&quot;0&quot;,&quot;title&quot;:&quot;&quot;}\" data-image-title=\"puutarhalaatikko-yrtit\" data-image-description=\"\" data-image-caption=\"\" data-large-file=\"https:\/\/i0.wp.com\/riisa.net\/wp-content\/uploads\/2014\/09\/puutarhalaatikko-yrtit.jpg?fit=392%2C294&amp;ssl=1\" class=\"aligncenter size-full wp-image-2701\" alt=\"puutarhalaatikko-yrtit\" src=\"https:\/\/i0.wp.com\/riisa.net\/wp-content\/uploads\/2014\/09\/puutarhalaatikko-yrtit.jpg?resize=392%2C294\" width=\"392\" height=\"294\" srcset=\"https:\/\/i0.wp.com\/riisa.net\/wp-content\/uploads\/2014\/09\/puutarhalaatikko-yrtit.jpg?w=800&amp;ssl=1 800w, https:\/\/i0.wp.com\/riisa.net\/wp-content\/uploads\/2014\/09\/puutarhalaatikko-yrtit.jpg?resize=300%2C225&amp;ssl=1 300w\" sizes=\"auto, (max-width: 392px) 100vw, 392px\" \/><\/a><span style=\"color: #888888;\"><em>Salviassakin on kaunis kukinto. Rosmariinin ajattelin kaapata nyt syksyll\u00e4 sis\u00e4lle suojaan ruukkuun. Saapa n\u00e4hd\u00e4, viihtyyk\u00f6 se sis\u00e4ll\u00e4 ollenkaan..<\/em><\/span><\/p>\n<p style=\"text-align: center;\"><a href=\"https:\/\/i0.wp.com\/riisa.net\/wp-content\/uploads\/2014\/09\/puutarhalaatikko-kesa2014-2.jpg\"><img data-recalc-dims=\"1\" loading=\"lazy\" decoding=\"async\" data-attachment-id=\"2694\" data-permalink=\"https:\/\/riisa.net\/index.php\/2014\/09\/20\/viela-hetki-puutarhassa\/puutarhalaatikko-kesa2014-2\/\" data-orig-file=\"https:\/\/i0.wp.com\/riisa.net\/wp-content\/uploads\/2014\/09\/puutarhalaatikko-kesa2014-2.jpg?fit=620%2C465&amp;ssl=1\" data-orig-size=\"620,465\" data-comments-opened=\"1\" data-image-meta=\"{&quot;aperture&quot;:&quot;0&quot;,&quot;credit&quot;:&quot;&quot;,&quot;camera&quot;:&quot;&quot;,&quot;caption&quot;:&quot;&quot;,&quot;created_timestamp&quot;:&quot;0&quot;,&quot;copyright&quot;:&quot;Liisa Stenberg&quot;,&quot;focal_length&quot;:&quot;0&quot;,&quot;iso&quot;:&quot;0&quot;,&quot;shutter_speed&quot;:&quot;0&quot;,&quot;title&quot;:&quot;&quot;}\" data-image-title=\"puutarhalaatikko-kesa2014-2\" data-image-description=\"\" data-image-caption=\"\" data-large-file=\"https:\/\/i0.wp.com\/riisa.net\/wp-content\/uploads\/2014\/09\/puutarhalaatikko-kesa2014-2.jpg?fit=392%2C294&amp;ssl=1\" class=\"aligncenter size-full wp-image-2694\" alt=\"puutarhalaatikko-kesa2014-2\" src=\"https:\/\/i0.wp.com\/riisa.net\/wp-content\/uploads\/2014\/09\/puutarhalaatikko-kesa2014-2.jpg?resize=392%2C294\" width=\"392\" height=\"294\" srcset=\"https:\/\/i0.wp.com\/riisa.net\/wp-content\/uploads\/2014\/09\/puutarhalaatikko-kesa2014-2.jpg?w=620&amp;ssl=1 620w, https:\/\/i0.wp.com\/riisa.net\/wp-content\/uploads\/2014\/09\/puutarhalaatikko-kesa2014-2.jpg?resize=300%2C225&amp;ssl=1 300w\" sizes=\"auto, (max-width: 392px) 100vw, 392px\" \/><\/a><\/p>\n<p>Kaikki muut paitsi basilikat menestyiv\u00e4t hurjan hienosti: vain pikkubasilikan taimet j\u00e4iv\u00e4t jostain syist\u00e4 aika nysiksi ja lehdet valjun v\u00e4risiksi. Ruohosipulipensaat, joista toinen on ainakin kolme vuotias ja toinen pari vuotta sitten ruokakaupan yrttihyllyst\u00e4 maahan p\u00e4\u00e4tynyt hiever\u00f6isempi yksil\u00f6, ovat molemmat jo sen verran suuria, ett\u00e4 voin vedell\u00e4 ruohosipulia ilman mink\u00e4\u00e4nlaista pelkoa sen loppumisesta koko kes\u00e4n\u00e4. Sit\u00e4 tulikin sy\u00f6ty\u00e4, ja kes\u00e4kuussa, jolloin n\u00e4m\u00e4 kuvat tuli otettua, k\u00e4ytin kukkia my\u00f6s leikkokasveina maljakossa sek\u00e4 tuoreimmillaan herkullisina pikkunuppuina salaatissa. Kuinka suloisen salaatin ruohosipulin kukilla saattaakaan loihtia!<\/p>\n<p><a href=\"https:\/\/i0.wp.com\/riisa.net\/wp-content\/uploads\/2014\/09\/puutarhalaatikko-kesa2014-11.jpg\"><img data-recalc-dims=\"1\" loading=\"lazy\" decoding=\"async\" data-attachment-id=\"2698\" data-permalink=\"https:\/\/riisa.net\/index.php\/2014\/09\/20\/viela-hetki-puutarhassa\/puutarhalaatikko-kesa2014-11\/\" data-orig-file=\"https:\/\/i0.wp.com\/riisa.net\/wp-content\/uploads\/2014\/09\/puutarhalaatikko-kesa2014-11.jpg?fit=620%2C465&amp;ssl=1\" data-orig-size=\"620,465\" data-comments-opened=\"1\" data-image-meta=\"{&quot;aperture&quot;:&quot;0&quot;,&quot;credit&quot;:&quot;&quot;,&quot;camera&quot;:&quot;&quot;,&quot;caption&quot;:&quot;&quot;,&quot;created_timestamp&quot;:&quot;0&quot;,&quot;copyright&quot;:&quot;Liisa Stenberg&quot;,&quot;focal_length&quot;:&quot;0&quot;,&quot;iso&quot;:&quot;0&quot;,&quot;shutter_speed&quot;:&quot;0&quot;,&quot;title&quot;:&quot;&quot;}\" data-image-title=\"puutarhalaatikko-kesa2014-11\" data-image-description=\"\" data-image-caption=\"\" data-large-file=\"https:\/\/i0.wp.com\/riisa.net\/wp-content\/uploads\/2014\/09\/puutarhalaatikko-kesa2014-11.jpg?fit=392%2C294&amp;ssl=1\" class=\"aligncenter size-large wp-image-2698\" alt=\"puutarhalaatikko-kesa2014-11\" src=\"https:\/\/i0.wp.com\/riisa.net\/wp-content\/uploads\/2014\/09\/puutarhalaatikko-kesa2014-11.jpg?resize=392%2C294\" width=\"392\" height=\"294\" srcset=\"https:\/\/i0.wp.com\/riisa.net\/wp-content\/uploads\/2014\/09\/puutarhalaatikko-kesa2014-11.jpg?w=620&amp;ssl=1 620w, https:\/\/i0.wp.com\/riisa.net\/wp-content\/uploads\/2014\/09\/puutarhalaatikko-kesa2014-11.jpg?resize=300%2C225&amp;ssl=1 300w\" sizes=\"auto, (max-width: 392px) 100vw, 392px\" \/><\/a><\/p>\n<p><a href=\"https:\/\/i0.wp.com\/riisa.net\/wp-content\/uploads\/2014\/09\/ruohosipuli-salaatti-kimppu.jpg\"><img data-recalc-dims=\"1\" loading=\"lazy\" decoding=\"async\" data-attachment-id=\"2703\" data-permalink=\"https:\/\/riisa.net\/index.php\/2014\/09\/20\/viela-hetki-puutarhassa\/ruohosipuli-salaatti-kimppu\/\" data-orig-file=\"https:\/\/i0.wp.com\/riisa.net\/wp-content\/uploads\/2014\/09\/ruohosipuli-salaatti-kimppu.jpg?fit=800%2C600&amp;ssl=1\" data-orig-size=\"800,600\" data-comments-opened=\"1\" data-image-meta=\"{&quot;aperture&quot;:&quot;0&quot;,&quot;credit&quot;:&quot;&quot;,&quot;camera&quot;:&quot;&quot;,&quot;caption&quot;:&quot;&quot;,&quot;created_timestamp&quot;:&quot;0&quot;,&quot;copyright&quot;:&quot;&quot;,&quot;focal_length&quot;:&quot;0&quot;,&quot;iso&quot;:&quot;0&quot;,&quot;shutter_speed&quot;:&quot;0&quot;,&quot;title&quot;:&quot;&quot;}\" data-image-title=\"ruohosipuli-salaatti-kimppu\" data-image-description=\"\" data-image-caption=\"\" data-large-file=\"https:\/\/i0.wp.com\/riisa.net\/wp-content\/uploads\/2014\/09\/ruohosipuli-salaatti-kimppu.jpg?fit=392%2C294&amp;ssl=1\" class=\"aligncenter size-full wp-image-2703\" alt=\"ruohosipuli-salaatti-kimppu\" src=\"https:\/\/i0.wp.com\/riisa.net\/wp-content\/uploads\/2014\/09\/ruohosipuli-salaatti-kimppu.jpg?resize=392%2C294\" width=\"392\" height=\"294\" srcset=\"https:\/\/i0.wp.com\/riisa.net\/wp-content\/uploads\/2014\/09\/ruohosipuli-salaatti-kimppu.jpg?w=800&amp;ssl=1 800w, https:\/\/i0.wp.com\/riisa.net\/wp-content\/uploads\/2014\/09\/ruohosipuli-salaatti-kimppu.jpg?resize=300%2C225&amp;ssl=1 300w\" sizes=\"auto, (max-width: 392px) 100vw, 392px\" \/><\/a><\/p>\n<p>N\u00e4in virke\u00e4lt\u00e4 puutarhassa n\u00e4ytti t\u00e4n\u00e4 kes\u00e4n\u00e4. Jotenkin hauskaa t\u00e4st\u00e4 keitti\u00f6puuhasta tekee fakta, ett\u00e4 asumme ihan keskell\u00e4 kaupunkia \u2013 sit\u00e4 ei aina arvaakaan, mit\u00e4 sis\u00e4pihojen k\u00e4tk\u00f6ist\u00e4 l\u00f6ytyy! Ensi kes\u00e4\u00e4 sitten vain odotellessa. Silloin on ainakin t\u00e4m\u00e4n hetkisten suunnitelmien mukaan aikomus nauttia Helsingist\u00e4 ja l\u00e4hiseudun luonnosta, joten varmasti omassa puutarhassakin tulee rentouduttua t\u00e4t\u00e4 kes\u00e4\u00e4 enemm\u00e4n. Huomenna pit\u00e4isi k\u00e4yd\u00e4 leikkaamassa talteen viel\u00e4 viimeiset sadon rippeet ja pakastaa v\u00e4h\u00e4n yrttej\u00e4 talven keitoksiin ja koitoksiin.<\/p>\n<p>Mukavia viimeisi\u00e4 kes\u00e4p\u00e4ivi\u00e4! (T\u00e4t\u00e4 on tullutkin jo toivoteltua ihmisille aika moneen otteeseen, mutta aina vain ne parinkymmenen asteen p\u00e4iv\u00e4t sielt\u00e4 pinnist\u00e4v\u00e4t. Jatkukoon vain!)<\/p>\n<p>&nbsp;<\/p>\n<p><a href=\"https:\/\/i0.wp.com\/riisa.net\/wp-content\/uploads\/2014\/09\/puutarhalaatikko-kesa2014-6.jpg\"><img data-recalc-dims=\"1\" loading=\"lazy\" decoding=\"async\" data-attachment-id=\"2696\" data-permalink=\"https:\/\/riisa.net\/index.php\/2014\/09\/20\/viela-hetki-puutarhassa\/puutarhalaatikko-kesa2014-6\/\" data-orig-file=\"https:\/\/i0.wp.com\/riisa.net\/wp-content\/uploads\/2014\/09\/puutarhalaatikko-kesa2014-6.jpg?fit=620%2C827&amp;ssl=1\" data-orig-size=\"620,827\" data-comments-opened=\"1\" data-image-meta=\"{&quot;aperture&quot;:&quot;0&quot;,&quot;credit&quot;:&quot;&quot;,&quot;camera&quot;:&quot;&quot;,&quot;caption&quot;:&quot;&quot;,&quot;created_timestamp&quot;:&quot;0&quot;,&quot;copyright&quot;:&quot;Liisa Stenberg&quot;,&quot;focal_length&quot;:&quot;0&quot;,&quot;iso&quot;:&quot;0&quot;,&quot;shutter_speed&quot;:&quot;0&quot;,&quot;title&quot;:&quot;&quot;}\" data-image-title=\"puutarhalaatikko-kesa2014-6\" data-image-description=\"\" data-image-caption=\"\" data-large-file=\"https:\/\/i0.wp.com\/riisa.net\/wp-content\/uploads\/2014\/09\/puutarhalaatikko-kesa2014-6.jpg?fit=392%2C523&amp;ssl=1\" class=\"aligncenter size-large wp-image-2696\" alt=\"puutarhalaatikko-kesa2014-6\" src=\"https:\/\/i0.wp.com\/riisa.net\/wp-content\/uploads\/2014\/09\/puutarhalaatikko-kesa2014-6.jpg?resize=392%2C523\" width=\"392\" height=\"523\" srcset=\"https:\/\/i0.wp.com\/riisa.net\/wp-content\/uploads\/2014\/09\/puutarhalaatikko-kesa2014-6.jpg?w=620&amp;ssl=1 620w, https:\/\/i0.wp.com\/riisa.net\/wp-content\/uploads\/2014\/09\/puutarhalaatikko-kesa2014-6.jpg?resize=224%2C300&amp;ssl=1 224w\" sizes=\"auto, (max-width: 392px) 100vw, 392px\" \/><\/a><\/p>\n","protected":false},"excerpt":{"rendered":"<p>T\u00e4n\u00e4\u00e4n oli taas syksyisen l\u00e4mmin, ellei jopa v\u00e4h\u00e4n kes\u00e4lt\u00e4 vivahtanut p\u00e4iv\u00e4, joten palasin mietteiss\u00e4ni edelliseen kes\u00e4\u00e4n. [highlight]Laatikkopuutarhurointini[\/highlight] onnistui t\u00e4n\u00e4 vuonna yll\u00e4tt\u00e4v\u00e4n hyvin ottaen huomioon, ett\u00e4 &hellip;<\/p>\n","protected":false},"author":2,"featured_media":2699,"comment_status":"open","ping_status":"open","sticky":false,"template":"","format":"standard","meta":{"advanced_seo_description":"","jetpack_seo_html_title":"","jetpack_seo_noindex":false,"jetpack_post_was_ever_published":false,"_jetpack_newsletter_access":"","_jetpack_dont_email_post_to_subs":false,"_jetpack_newsletter_tier_id":0,"_jetpack_memberships_contains_paywalled_content":false,"_jetpack_memberships_contains_paid_content":false,"footnotes":""},"categories":[16,70,19,59],"tags":[],"class_list":["post-2693","post","type-post","status-publish","format-standard","has-post-thumbnail","hentry","category-sisustus_ja_tyyli","category-puutarha","category-ruoka","category-salaatit"],"jetpack_featured_media_url":"https:\/\/i0.wp.com\/riisa.net\/wp-content\/uploads\/2014\/09\/puutarhalaatikko-kesa2014-aloitus-8.jpg?fit=620%2C360&ssl=1","jetpack_sharing_enabled":true,"jetpack_shortlink":"https:\/\/wp.me\/p9vavA-Hr","jetpack_likes_enabled":true,"jetpack-related-posts":[{"id":2777,"url":"https:\/\/riisa.net\/index.php\/2014\/12\/31\/joulu-joulu-tullut-on\/","url_meta":{"origin":2693,"position":0},"title":"Joulu, joulu tullut on..","author":"Riisa","date":"31.12.2014","format":false,"excerpt":"Minusta joulun vietto on aina jatkunut v\u00e4hint\u00e4\u00e4n Loppiaiseen saakka \u2013 sen aiemmin ei l\u00e4hde t\u00e4st\u00e4 talosta kuusi ja siihen saakka saa hyvill\u00e4 mielin tunnelmoida. Olen aina h\u00e4mm\u00e4stellyt, kuinka jotkut raaskivat luopua joulun vietosta jo pian v\u00e4lip\u00e4ivien j\u00e4lkeen. Miksi koristella, siivota ja valmistella, jos joulu loppuu parissa p\u00e4iv\u00e4ss\u00e4? Kukin tyylill\u00e4\u00e4n, mutta\u2026","rel":"","context":"Kategoriassa &quot;Ajankohtaista&quot;","block_context":{"text":"Ajankohtaista","link":"https:\/\/riisa.net\/index.php\/category\/vapaalla\/ajankohtaista\/"},"img":{"alt_text":"","src":"https:\/\/i0.wp.com\/riisa.net\/wp-content\/uploads\/2014\/12\/joulu-sisustus-2014-6.jpg?fit=620%2C360&ssl=1&resize=350%2C200","width":350,"height":200,"srcset":"https:\/\/i0.wp.com\/riisa.net\/wp-content\/uploads\/2014\/12\/joulu-sisustus-2014-6.jpg?fit=620%2C360&ssl=1&resize=350%2C200 1x, https:\/\/i0.wp.com\/riisa.net\/wp-content\/uploads\/2014\/12\/joulu-sisustus-2014-6.jpg?fit=620%2C360&ssl=1&resize=525%2C300 1.5x"},"classes":[]},{"id":1422,"url":"https:\/\/riisa.net\/index.php\/2012\/12\/15\/koti-valmistautuu-juhlaan\/","url_meta":{"origin":2693,"position":1},"title":"Koti valmistautuu juhlaan","author":"Riisa","date":"15.12.2012","format":false,"excerpt":"Joulu on aina ollut suosikkijuhlani. Mitk\u00e4\u00e4n syntym\u00e4p\u00e4iv\u00e4t, Juhannukset, P\u00e4\u00e4si\u00e4iset tai muut pyh\u00e4t eiv\u00e4t p\u00e4\u00e4se l\u00e4hellek\u00e4\u00e4n sit\u00e4 tunnelmaa, l\u00e4mp\u00f6\u00e4 ja iloa, mik\u00e4 jouluun valmistautumiseen omassa kodissani on aina lapsuudesta saakka liittynyt. Jouluvalot syttyv\u00e4t yleens\u00e4 meill\u00e4 jo marraskuun puolella, sill\u00e4 h\u00e4m\u00e4r\u00e4ss\u00e4 tuikkivat valonpilkahdukset huoneen nurkissa saavat ulkona arkiaamussa odottavan pime\u00e4n loskakelin unohtumaan\u2026","rel":"","context":"Kategoriassa &quot;Askartelu &amp; K\u00e4sity\u00f6&quot;","block_context":{"text":"Askartelu &amp; K\u00e4sity\u00f6","link":"https:\/\/riisa.net\/index.php\/category\/design_ja_taide\/askartelu_ja_kasityo\/"},"img":{"alt_text":"","src":"https:\/\/i0.wp.com\/riisa.net\/wp-content\/uploads\/2012\/12\/joulunsisustus-0-1.jpg?resize=350%2C200","width":350,"height":200,"srcset":"https:\/\/i0.wp.com\/riisa.net\/wp-content\/uploads\/2012\/12\/joulunsisustus-0-1.jpg?resize=350%2C200 1x, https:\/\/i0.wp.com\/riisa.net\/wp-content\/uploads\/2012\/12\/joulunsisustus-0-1.jpg?resize=525%2C300 1.5x"},"classes":[]},{"id":1620,"url":"https:\/\/riisa.net\/index.php\/2013\/04\/01\/puutarhaunelmia-ensi-kesalle\/","url_meta":{"origin":2693,"position":2},"title":"Puutarhaunelmia ensi kes\u00e4lle","author":"Riisa","date":"1.4.2013","format":false,"excerpt":"On jo huhtikuu! Kev\u00e4th\u00e4n alkaa pikkuhiljaa olla ainakin kalenteria katsoessa pitk\u00e4ll\u00e4. Sulavat lumet ja mukavasti n\u00e4ytt\u00e4ytynyt aurinko ovat saaneet ainakin omat ajatukseni siirtym\u00e4\u00e4n jo hyv\u00e4\u00e4 vauhtia kes\u00e4\u00e4n, sill\u00e4 jos aion t\u00e4n\u00e4 vuonna istuttaa laatikkopuutarhaani itse kasvatetut taimet, siemenet pit\u00e4isi kylv\u00e4\u00e4 ihan piakkoin. T\u00e4n\u00e4 vuonna aion olla hieman aiemmin liikkeell\u00e4 kuin\u2026","rel":"","context":"Kategoriassa &quot;Ajankohtaista&quot;","block_context":{"text":"Ajankohtaista","link":"https:\/\/riisa.net\/index.php\/category\/vapaalla\/ajankohtaista\/"},"img":{"alt_text":"","src":"https:\/\/i0.wp.com\/riisa.net\/wp-content\/uploads\/2013\/03\/laatikkopuutarha-13.jpg?resize=350%2C200","width":350,"height":200,"srcset":"https:\/\/i0.wp.com\/riisa.net\/wp-content\/uploads\/2013\/03\/laatikkopuutarha-13.jpg?resize=350%2C200 1x, https:\/\/i0.wp.com\/riisa.net\/wp-content\/uploads\/2013\/03\/laatikkopuutarha-13.jpg?resize=525%2C300 1.5x"},"classes":[]},{"id":1025,"url":"https:\/\/riisa.net\/index.php\/2011\/08\/15\/kuvitus-kummipojalle\/","url_meta":{"origin":2693,"position":3},"title":"Kuvitus kummipojalle","author":"Riisa","date":"15.8.2011","format":false,"excerpt":"Kummipoikani t\u00e4ytt\u00e4\u00e4 t\u00e4n\u00e4\u00e4n vuosia. Kolme vuotta sitten her\u00e4sin Brysseliss\u00e4 au-pairina ollessani \u00f6isiin, ripeisiin askeliin. Tiesin, ett\u00e4 perheen h-hetki oli koittanut. Seuraavan p\u00e4iv\u00e4n iltana perheeseen oli syntynyt pieni, suloinen poikavauva. Voi niit\u00e4 aikoja, ja voi, miten nopeasti aika kuluu! Sankari on jo kolmevuotias! Syntt\u00e4reiden kunniaksi piti tietenkin tehd\u00e4 onnittelukortti. Sit\u00e4 koristaa\u2026","rel":"","context":"Kategoriassa &quot;Design &amp; K\u00e4sity\u00f6t&quot;","block_context":{"text":"Design &amp; K\u00e4sity\u00f6t","link":"https:\/\/riisa.net\/index.php\/category\/design_ja_taide\/"},"img":{"alt_text":"","src":"https:\/\/i0.wp.com\/riisa.net\/wp-content\/uploads\/2011\/08\/kortti3v_aloitus.jpg?resize=350%2C200","width":350,"height":200,"srcset":"https:\/\/i0.wp.com\/riisa.net\/wp-content\/uploads\/2011\/08\/kortti3v_aloitus.jpg?resize=350%2C200 1x, https:\/\/i0.wp.com\/riisa.net\/wp-content\/uploads\/2011\/08\/kortti3v_aloitus.jpg?resize=525%2C300 1.5x"},"classes":[]},{"id":1210,"url":"https:\/\/riisa.net\/index.php\/2012\/04\/04\/kun-tiput-valtasivat-talon\/","url_meta":{"origin":2693,"position":4},"title":"Kun tiput valtasivat talon","author":"Riisa","date":"4.4.2012","format":false,"excerpt":"Parin viime viikon aikana kotimme hillitty neutraalius \u2013 musta, valkoinen, harmaa ja ruskea \u2013 ovat saaneet tehd\u00e4 tilaa v\u00e4ril\u00e4iskille. Vihre\u00e4 ja keltainen ovat hiipineet kuin varkain ymp\u00e4ri taloa ja tuoneet kev\u00e4\u00e4n tullessaan. En ole koskaan ennen v\u00e4litt\u00e4nyt koristella kotia P\u00e4\u00e4si\u00e4iseksi, mutta koen kyll\u00e4 joka vuosi jonkinasteisen hullaantumisen kev\u00e4\u00e4seen: on pakko\u2026","rel":"","context":"Kategoriassa &quot;Ajankohtaista&quot;","block_context":{"text":"Ajankohtaista","link":"https:\/\/riisa.net\/index.php\/category\/vapaalla\/ajankohtaista\/"},"img":{"alt_text":"","src":"https:\/\/i0.wp.com\/riisa.net\/wp-content\/uploads\/2012\/04\/paasiainen-sisustus-21.jpg?resize=350%2C200","width":350,"height":200,"srcset":"https:\/\/i0.wp.com\/riisa.net\/wp-content\/uploads\/2012\/04\/paasiainen-sisustus-21.jpg?resize=350%2C200 1x, https:\/\/i0.wp.com\/riisa.net\/wp-content\/uploads\/2012\/04\/paasiainen-sisustus-21.jpg?resize=525%2C300 1.5x"},"classes":[]},{"id":1152,"url":"https:\/\/riisa.net\/index.php\/2011\/12\/12\/nain-meidan-kotona-koristellaan-joulu\/","url_meta":{"origin":2693,"position":5},"title":"N\u00e4in meid\u00e4n kotona koristellaan joulu!","author":"Riisa","date":"12.12.2011","format":false,"excerpt":"Ensimm\u00e4iset tortut paisteltiin jo ennen joulukuuta (ja tietenkin sy\u00f6tiin parempiin suihin saman tien) ja\u00a0 heti ensimm\u00e4isen\u00e4 adventtina sytytettiin jouluvalot.\u00a0 Keitti\u00f6n ikkunassa loistaa risut\u00e4hti ja eteist\u00e4 valaisee perinteinen valkoinen kynttelikk\u00f6. Makuuhuoneen s\u00e4ngyn syvennyksen yl\u00e4puolelle kiinnitin l\u00e4mpim\u00e4n valkoiset \"j\u00e4\u00e4kukkavalot\". Kaikki jouluvaloni ovat ties kuinka vanhoja, vuosia sitten hankittu, mutta hyvin pelitt\u00e4v\u00e4t edelleen.\u2026","rel":"","context":"Kategoriassa &quot;Askartelu &amp; K\u00e4sity\u00f6&quot;","block_context":{"text":"Askartelu &amp; K\u00e4sity\u00f6","link":"https:\/\/riisa.net\/index.php\/category\/design_ja_taide\/askartelu_ja_kasityo\/"},"img":{"alt_text":"","src":"https:\/\/i0.wp.com\/riisa.net\/wp-content\/uploads\/2011\/12\/joulukoristelut-2.jpg?resize=350%2C200","width":350,"height":200,"srcset":"https:\/\/i0.wp.com\/riisa.net\/wp-content\/uploads\/2011\/12\/joulukoristelut-2.jpg?resize=350%2C200 1x, https:\/\/i0.wp.com\/riisa.net\/wp-content\/uploads\/2011\/12\/joulukoristelut-2.jpg?resize=525%2C300 1.5x"},"classes":[]}],"_links":{"self":[{"href":"https:\/\/riisa.net\/index.php\/wp-json\/wp\/v2\/posts\/2693","targetHints":{"allow":["GET"]}}],"collection":[{"href":"https:\/\/riisa.net\/index.php\/wp-json\/wp\/v2\/posts"}],"about":[{"href":"https:\/\/riisa.net\/index.php\/wp-json\/wp\/v2\/types\/post"}],"author":[{"embeddable":true,"href":"https:\/\/riisa.net\/index.php\/wp-json\/wp\/v2\/users\/2"}],"replies":[{"embeddable":true,"href":"https:\/\/riisa.net\/index.php\/wp-json\/wp\/v2\/comments?post=2693"}],"version-history":[{"count":4,"href":"https:\/\/riisa.net\/index.php\/wp-json\/wp\/v2\/posts\/2693\/revisions"}],"predecessor-version":[{"id":2707,"href":"https:\/\/riisa.net\/index.php\/wp-json\/wp\/v2\/posts\/2693\/revisions\/2707"}],"wp:featuredmedia":[{"embeddable":true,"href":"https:\/\/riisa.net\/index.php\/wp-json\/wp\/v2\/media\/2699"}],"wp:attachment":[{"href":"https:\/\/riisa.net\/index.php\/wp-json\/wp\/v2\/media?parent=2693"}],"wp:term":[{"taxonomy":"category","embeddable":true,"href":"https:\/\/riisa.net\/index.php\/wp-json\/wp\/v2\/categories?post=2693"},{"taxonomy":"post_tag","embeddable":true,"href":"https:\/\/riisa.net\/index.php\/wp-json\/wp\/v2\/tags?post=2693"}],"curies":[{"name":"wp","href":"https:\/\/api.w.org\/{rel}","templated":true}]}}