{"id":2941,"date":"2017-05-16T16:09:14","date_gmt":"2017-05-16T13:09:14","guid":{"rendered":"http:\/\/riisa.net\/?p=2941"},"modified":"2017-05-16T21:45:23","modified_gmt":"2017-05-16T18:45:23","slug":"uusi-koti-korkeuksista","status":"publish","type":"post","link":"https:\/\/riisa.net\/index.php\/2017\/05\/16\/uusi-koti-korkeuksista\/","title":{"rendered":"Uusi koti korkeuksista"},"content":{"rendered":"<p><img data-recalc-dims=\"1\" loading=\"lazy\" decoding=\"async\" data-attachment-id=\"2943\" data-permalink=\"https:\/\/riisa.net\/index.php\/2017\/05\/16\/uusi-koti-korkeuksista\/redi-general\/\" data-orig-file=\"https:\/\/i0.wp.com\/riisa.net\/wp-content\/uploads\/2016\/10\/redi-general.jpg?fit=2000%2C1038&amp;ssl=1\" data-orig-size=\"2000,1038\" data-comments-opened=\"1\" data-image-meta=\"{&quot;aperture&quot;:&quot;0&quot;,&quot;credit&quot;:&quot;&quot;,&quot;camera&quot;:&quot;&quot;,&quot;caption&quot;:&quot;&quot;,&quot;created_timestamp&quot;:&quot;0&quot;,&quot;copyright&quot;:&quot;&quot;,&quot;focal_length&quot;:&quot;0&quot;,&quot;iso&quot;:&quot;0&quot;,&quot;shutter_speed&quot;:&quot;0&quot;,&quot;title&quot;:&quot;&quot;,&quot;orientation&quot;:&quot;0&quot;}\" data-image-title=\"redi-general\" data-image-description=\"\" data-image-caption=\"\" data-large-file=\"https:\/\/i0.wp.com\/riisa.net\/wp-content\/uploads\/2016\/10\/redi-general.jpg?fit=392%2C203&amp;ssl=1\" class=\"aligncenter size-large wp-image-2943\" src=\"https:\/\/i0.wp.com\/riisa.net\/wp-content\/uploads\/2016\/10\/redi-general-1024x531.jpg?resize=392%2C204\" alt=\"redi-general\" width=\"392\" height=\"204\" srcset=\"https:\/\/i0.wp.com\/riisa.net\/wp-content\/uploads\/2016\/10\/redi-general.jpg?resize=1024%2C531&amp;ssl=1 1024w, https:\/\/i0.wp.com\/riisa.net\/wp-content\/uploads\/2016\/10\/redi-general.jpg?resize=300%2C156&amp;ssl=1 300w, https:\/\/i0.wp.com\/riisa.net\/wp-content\/uploads\/2016\/10\/redi-general.jpg?resize=768%2C399&amp;ssl=1 768w, https:\/\/i0.wp.com\/riisa.net\/wp-content\/uploads\/2016\/10\/redi-general.jpg?resize=310%2C160&amp;ssl=1 310w, https:\/\/i0.wp.com\/riisa.net\/wp-content\/uploads\/2016\/10\/redi-general.jpg?w=2000&amp;ssl=1 2000w, https:\/\/i0.wp.com\/riisa.net\/wp-content\/uploads\/2016\/10\/redi-general.jpg?w=1176&amp;ssl=1 1176w\" sizes=\"auto, (max-width: 392px) 100vw, 392px\" \/><\/p>\n<p>Nykyinen asunto on ollut meille viimeiset 6\u00a0vuotta ihana ja t\u00e4ydellinen koti. Vanha 1930-luvun taitteessa rakennettu talo on hurmannut alusta saakka korkeilla huoneillaan ja leveill\u00e4 ikkunalaudoillaan\u00a0ja\u00a0sijainti T\u00f6\u00f6l\u00f6ss\u00e4 on ollut todella k\u00e4tev\u00e4. Mieless\u00e4 on kuitenkin pitk\u00e4\u00e4n siint\u00e4nyt v\u00e4h\u00e4n enemm\u00e4n neli\u00f6it\u00e4\u00a0ja t\u00e4ysin omalla maulla remontoitu koti. Enp\u00e4 olisi heti kuitenkaan arvannut, ett\u00e4 se tulisi olemaan\u00a0uudiskohde. Me aiomme nimitt\u00e4in muuttaa Kalasatamaan.<!--more--><\/p>\n<h4><\/h4>\n<h4>&#8221;En halua muuttaa&#8221;<\/h4>\n<p>Mies aloitti joskus pari vuotta sitten asuntoilmoitusten selailun huvikseen ja minua\u00a0turhautti koko ajatus.\u00a0Nykyinen kotimme oli\u00a0mielest\u00e4ni liian\u00a0tuore hankinta ja aivan liian t\u00e4ydellinen tarpeisiimme, ett\u00e4 haluaisin asennoitua viel\u00e4 uuden asunnon\u00a0etsimiseen. Vaikka kaksio\u00a0v\u00e4lill\u00e4 toki tuntuikin\u00a0hiukan ahtaalta,\u00a0ajattelin,\u00a0ett\u00e4 jos alan selailla uusia k\u00e4mppi\u00e4, nykyinen alkaa v\u00e4ist\u00e4m\u00e4tt\u00e4 tuntua v\u00e4liaikaiselta, pian taakse j\u00e4tett\u00e4v\u00e4lt\u00e4 el\u00e4m\u00e4lt\u00e4. Jos tiet\u00e4\u00e4 olevansa l\u00e4hd\u00f6ss\u00e4 mill\u00e4 hetkell\u00e4 hyv\u00e4ns\u00e4, ei nykyiseen kotiin en\u00e4\u00e4 osaa sitoutua samalla tavalla. Se tuntui ahdistavalta. En halunnut el\u00e4\u00e4 mit\u00e4\u00e4n etsikkoaikaa, kun t\u00e4ss\u00e4 oli kuitenkin ihan hyv\u00e4 olla ja moni suunniteltu sisustusprojektikin viel\u00e4 toteuttamatta. Sanoin, etten haluaisi katsoa k\u00e4mppi\u00e4 ollenkaan, sill\u00e4 en halua muuttaa.<\/p>\n<p>&nbsp;<\/p>\n<h4>Hetki pilvenpiirt\u00e4j\u00e4el\u00e4m\u00e4\u00e4 j\u00e4tti j\u00e4lkens\u00e4<\/h4>\n<p>Vuonna\u00a02014 vietimme kes\u00e4n\u00a0Tokiossa. <a href=\"http:\/\/riisa.net\/index.php\/2014\/07\/07\/elamaa-tokiolaisessa-pilvenpiirtajassa\/\">Tuolloin asuimme vuokra-asunnossa Ikebukurossa<\/a>, korkealla pilvenpiirt\u00e4j\u00e4n 22. kerroksessa. Kes\u00e4 j\u00e4tti meihin kaipuun valoisaan asuntoon ja upeisiin n\u00e4k\u00f6aloihin, joiden tuijotteluun saatoimme loman aikana uppoutua pitk\u00e4ksi aikaa. Pohdimme molemmat, ett\u00e4 jos joskus muutamme pysyv\u00e4mmin Japaniin, asumme mieluummin korkealla ja ahtaasti kuin matalalla ja\u00a0tilavammin.<\/p>\n<p>V\u00e4h\u00e4n loman j\u00e4lkihuumassa\u00a0lueskelimme lehdest\u00e4 Pasilan aseman tuntumaan suunnitelluista korkeista taloista, mutta\u00a0Pasila ei alueena\u00a0kuitenkaan oikein puhutellut \u2013\u00a0merenranta ja lenkkipolut tuntuivat olevan\u00a0et\u00e4\u00e4ll\u00e4 ja vanha Pasila liian t\u00e4ynn\u00e4 toimistoja. Ei, ei, en min\u00e4 halua pois T\u00f6\u00f6l\u00f6st\u00e4, t\u00e4\u00e4ll\u00e4h\u00e4n on meid\u00e4n melontaseurakin, min\u00e4 intin uudesta harrastuksestani innostuneena.<\/p>\n<p>&nbsp;<\/p>\n<h4>Korkealla, meren rannalla ja kauppakeskuksen\u00a0yl\u00e4puolella<\/h4>\n<p>Sitten joskus vuoden 2015 loppupuolella t\u00f6rm\u00e4simme uutisointiin Kalasatamaan rakennettavasta tornitalokompleksista, Redist\u00e4. P\u00e4\u00e4dyimme katsomaan konseptikuvia uuden asuinalueen keskell\u00e4, aivan merenrannan l\u00e4hell\u00e4 seisovista\u00a0lasitaloista, joiden alapuolelle tulisi\u00a0yksi Suomen\u00a0suurimmista kauppakeskuksista palvelemaan Kalasataman tulevan alueen yli 70 000 asukasta ja l\u00e4hiseudun ihmisi\u00e4. Mieleemme tulvivat\u00a0muistot kes\u00e4st\u00e4 keskell\u00e4 Tokion vilin\u00e4\u00e4, Ikebukuron palvelujen \u00e4\u00e4rell\u00e4. Redin ja Kalasataman kokonaisuus n\u00e4ytti Esplanadin kokoisine julkisine puistoineen ja liikenneyhteyksineen\u00a0t\u00e4ytt\u00e4v\u00e4n niin monet toiveemme asumisen suhteen.<\/p>\n<p><img data-recalc-dims=\"1\" loading=\"lazy\" decoding=\"async\" data-attachment-id=\"2945\" data-permalink=\"https:\/\/riisa.net\/index.php\/2017\/05\/16\/uusi-koti-korkeuksista\/redi_asunnot_puistokansi1\/\" data-orig-file=\"https:\/\/i0.wp.com\/riisa.net\/wp-content\/uploads\/2016\/10\/redi_asunnot_puistokansi1.jpg?fit=1755%2C1000&amp;ssl=1\" data-orig-size=\"1755,1000\" data-comments-opened=\"1\" data-image-meta=\"{&quot;aperture&quot;:&quot;0&quot;,&quot;credit&quot;:&quot;&quot;,&quot;camera&quot;:&quot;&quot;,&quot;caption&quot;:&quot;&quot;,&quot;created_timestamp&quot;:&quot;0&quot;,&quot;copyright&quot;:&quot;&quot;,&quot;focal_length&quot;:&quot;0&quot;,&quot;iso&quot;:&quot;0&quot;,&quot;shutter_speed&quot;:&quot;0&quot;,&quot;title&quot;:&quot;&quot;,&quot;orientation&quot;:&quot;0&quot;}\" data-image-title=\"redi_asunnot_puistokansi1\" data-image-description=\"\" data-image-caption=\"\" data-large-file=\"https:\/\/i0.wp.com\/riisa.net\/wp-content\/uploads\/2016\/10\/redi_asunnot_puistokansi1.jpg?fit=392%2C223&amp;ssl=1\" class=\"aligncenter size-full wp-image-2945\" src=\"https:\/\/i0.wp.com\/riisa.net\/wp-content\/uploads\/2016\/10\/redi_asunnot_puistokansi1.jpg?resize=392%2C223\" alt=\"redi_asunnot_puistokansi1\" width=\"392\" height=\"223\" srcset=\"https:\/\/i0.wp.com\/riisa.net\/wp-content\/uploads\/2016\/10\/redi_asunnot_puistokansi1.jpg?w=1755&amp;ssl=1 1755w, https:\/\/i0.wp.com\/riisa.net\/wp-content\/uploads\/2016\/10\/redi_asunnot_puistokansi1.jpg?resize=300%2C171&amp;ssl=1 300w, https:\/\/i0.wp.com\/riisa.net\/wp-content\/uploads\/2016\/10\/redi_asunnot_puistokansi1.jpg?resize=768%2C438&amp;ssl=1 768w, https:\/\/i0.wp.com\/riisa.net\/wp-content\/uploads\/2016\/10\/redi_asunnot_puistokansi1.jpg?resize=1024%2C583&amp;ssl=1 1024w, https:\/\/i0.wp.com\/riisa.net\/wp-content\/uploads\/2016\/10\/redi_asunnot_puistokansi1.jpg?w=1176&amp;ssl=1 1176w\" sizes=\"auto, (max-width: 392px) 100vw, 392px\" \/><\/p>\n<p>Redi pysyi\u00a0kummittelemassa mieliss\u00e4mme ja tutustuimme rakennusyhti\u00f6n markkinointimateriaaleihin pitkin vuoden 2015 syksy\u00e4. Talo alkoi vaikuttaa yhteistiloineen, kattokerroksen yhteissaunoineen, kattopihoineen ja parvekkeenomaisine viherhuoneineen niin houkuttelevalta, ett\u00e4 p\u00e4\u00e4timme pit\u00e4\u00e4 silm\u00e4t auki, kun varsinainen asuntomyynti vihdoin alkaisi. Ihan vaan, jos siell\u00e4 vaikka sattuisikin olemaan juuri meille sopiva koti.<\/p>\n<h4>Asunnon varaus ennakkoon\u00a0kannatti<\/h4>\n<p>Kun varsinaiset asuntotiedot sitten tammikuussa 2016 tulivat julki, huomasimme, ett\u00e4 valikoimasta l\u00f6ytyi juuri meid\u00e4n tarpeitamme vastaava asunto. Huoneisto olisi vanhaa tilavampi, palveluiden \u00e4\u00e4rell\u00e4, k\u00e4tev\u00e4sti melkein metron yl\u00e4puolella ja upean luonnon\u00a0l\u00e4hell\u00e4, sill\u00e4 onhan aivan kivenheiton p\u00e4\u00e4ss\u00e4 Mustikkamaan\u00a0ulkoilumaastot \u2013 ja jopa melontaseura! K\u00e4mpp\u00e4 oli varattava.<\/p>\n<p>Siin\u00e4 me sitten istuksimme tuijotellen pohjakuvia, h\u00e4mmentyneen tietoisina siit\u00e4, ett\u00e4 olimme juuri\u00a0varanneet uuden asunnon. Ja kuitenkin \u2013 n\u00e4in mittavan uudiskohteen\u00a0rakentamisessa kest\u00e4isi niin kauan, ett\u00e4 paitsi ett\u00e4 ajatukseen ehtisi totutella rauhassa, \u00a0my\u00f6s nykyisest\u00e4 T\u00f6\u00f6l\u00f6n kodistakin ehtisi nauttia viel\u00e4 aivan rauhassa reippaat pari vuotta.<\/p>\n<p>Kaupat tehtiin t\u00e4n\u00e4 kev\u00e4\u00e4n\u00e4 ja vuonna 2019 edess\u00e4 on siis muutto. Siihen saakka\u00a0on aikaa p\u00e4hk\u00e4ill\u00e4, millaiseen kotiin sit\u00e4 oikeastaan haluaakaan muuttaa. Parasta kun uudiskohteessa on se, ett\u00e4 sinne saa valita kaikki materiaalit aivan itse.\u00a0T\u00e4st\u00e4 alkaakin siis &#8221;pienoinen&#8221; suunnittelu-urakka. Melkein kuin rakennuttaisi omakotitaloa! ;) Maltan tuskin odottaa, ett\u00e4 p\u00e4\u00e4sen kiertelem\u00e4\u00e4n rautakauppojen tapettiosastoja ja selaamaan keitti\u00f6valmistajan katalogeja!<\/p>\n<p>T\u00e4st\u00e4 eteenp\u00e4in blogi tulee el\u00e4m\u00e4\u00e4n kanssamme sisustusvalintojen ja j\u00e4nnitt\u00e4v\u00e4n rakennusprosessin l\u00e4pi. Tervetuloa matkaan!<\/p>\n<p><img data-recalc-dims=\"1\" loading=\"lazy\" decoding=\"async\" class=\"aligncenter size-full wp-image-2947\" src=\"https:\/\/i0.wp.com\/riisa.net\/wp-content\/uploads\/2016\/10\/redi-2h-kk-web.jpg?resize=392%2C229\" alt=\"redi-2h-kk-web\" width=\"392\" height=\"229\" \/><\/p>\n<p><em><span style=\"color: #808080;\">Kuvat: SRV Oy \/ Redi<\/span><\/em><\/p>\n","protected":false},"excerpt":{"rendered":"<p>Nykyinen asunto on ollut meille viimeiset 6\u00a0vuotta ihana ja t\u00e4ydellinen koti. Vanha 1930-luvun taitteessa rakennettu talo on hurmannut alusta saakka korkeilla huoneillaan ja leveill\u00e4 ikkunalaudoillaan\u00a0ja\u00a0sijainti &hellip;<\/p>\n","protected":false},"author":2,"featured_media":2943,"comment_status":"open","ping_status":"open","sticky":false,"template":"","format":"standard","meta":{"advanced_seo_description":"","jetpack_seo_html_title":"","jetpack_seo_noindex":false,"jetpack_post_was_ever_published":false,"_jetpack_newsletter_access":"","_jetpack_dont_email_post_to_subs":false,"_jetpack_newsletter_tier_id":0,"_jetpack_memberships_contains_paywalled_content":false,"_jetpack_memberships_contains_paid_content":false,"footnotes":""},"categories":[16,51],"tags":[100],"class_list":["post-2941","post","type-post","status-publish","format-standard","has-post-thumbnail","hentry","category-sisustus_ja_tyyli","category-sisustus","tag-redinmajakka"],"jetpack_featured_media_url":"https:\/\/i0.wp.com\/riisa.net\/wp-content\/uploads\/2016\/10\/redi-general.jpg?fit=2000%2C1038&ssl=1","jetpack_sharing_enabled":true,"jetpack_shortlink":"https:\/\/wp.me\/p9vavA-Lr","jetpack_likes_enabled":true,"jetpack-related-posts":[{"id":3220,"url":"https:\/\/riisa.net\/index.php\/2019\/11\/10\/jaahyvaiset-vanhalle-kodille\/","url_meta":{"origin":2941,"position":0},"title":"J\u00e4\u00e4hyv\u00e4iset vanhalle kodille","author":"Riisa","date":"10.11.2019","format":false,"excerpt":"Uuden el\u00e4m\u00e4n ja uuden kodin odotus on kest\u00e4nyt meid\u00e4n kohdallamme aika pitk\u00e4\u00e4n. Ehk\u00e4 jopa pidemp\u00e4\u00e4n kuin normaali omakotitaloprojekti rakennuslupineen kaikkineen \u2013 varasimme asuntomme uudiskohteesta Kalasataman Majakasta jo alkuvuodesta 2016. Nyt on aika j\u00e4tt\u00e4\u00e4 j\u00e4\u00e4hyv\u00e4iset Mechelininkadulle. Pitk\u00e4 odotus loppuu haikeuteen Kohta tulee kuluneeksi nelj\u00e4 vuotta siit\u00e4, kun p\u00e4\u00e4timme, ett\u00e4 muutamme Kalasatamaan,\u2026","rel":"","context":"Kategoriassa &quot;Keitti\u00f6&quot;","block_context":{"text":"Keitti\u00f6","link":"https:\/\/riisa.net\/index.php\/category\/sisustus_ja_tyyli\/sisustus\/keittio\/"},"img":{"alt_text":"","src":"https:\/\/i0.wp.com\/riisa.net\/wp-content\/uploads\/2019\/11\/3.jpeg?fit=1200%2C799&ssl=1&resize=350%2C200","width":350,"height":200,"srcset":"https:\/\/i0.wp.com\/riisa.net\/wp-content\/uploads\/2019\/11\/3.jpeg?fit=1200%2C799&ssl=1&resize=350%2C200 1x, https:\/\/i0.wp.com\/riisa.net\/wp-content\/uploads\/2019\/11\/3.jpeg?fit=1200%2C799&ssl=1&resize=525%2C300 1.5x, https:\/\/i0.wp.com\/riisa.net\/wp-content\/uploads\/2019\/11\/3.jpeg?fit=1200%2C799&ssl=1&resize=700%2C400 2x, https:\/\/i0.wp.com\/riisa.net\/wp-content\/uploads\/2019\/11\/3.jpeg?fit=1200%2C799&ssl=1&resize=1050%2C600 3x"},"classes":[]},{"id":605,"url":"https:\/\/riisa.net\/index.php\/2011\/04\/25\/sisustusintoa-menneesta-tulevaan\/","url_meta":{"origin":2941,"position":1},"title":"Sisustusintoa menneest\u00e4 tulevaan","author":"Riisa","date":"25.4.2011","format":false,"excerpt":"Olen asunut el\u00e4m\u00e4ni aikana nelj\u00e4ss\u00e4 asunnossa, joiden kunkin sisustukset ovat olleet tietyll\u00e4 tapaa melko erilaiset. Lapsuudenkodissani valtakuntani seini\u00e4 vuorasivat julisteet, ikkunassa oli syv\u00e4npunaiset verhot ja vuodevaatteita peitti tummansininen p\u00e4iv\u00e4peitto. S\u00e4ngyn p\u00e4\u00e4ll\u00e4 oli punaisia, syd\u00e4menmuotoisia tyynyj\u00e4 ja ty\u00f6p\u00f6yt\u00e4ni kannen olimme is\u00e4ni kanssa maalanneet valkoisesta siniseksi. Tuolloin, vain vajaa 10 vuotta sitten\u2026","rel":"","context":"Kategoriassa &quot;Koti &amp; Sisustus&quot;","block_context":{"text":"Koti &amp; Sisustus","link":"https:\/\/riisa.net\/index.php\/category\/sisustus_ja_tyyli\/"},"img":{"alt_text":"","src":"https:\/\/i0.wp.com\/riisa.net\/wp-content\/uploads\/2011\/04\/olkkari2008.jpg?resize=350%2C200","width":350,"height":200,"srcset":"https:\/\/i0.wp.com\/riisa.net\/wp-content\/uploads\/2011\/04\/olkkari2008.jpg?resize=350%2C200 1x, https:\/\/i0.wp.com\/riisa.net\/wp-content\/uploads\/2011\/04\/olkkari2008.jpg?resize=525%2C300 1.5x"},"classes":[]},{"id":2777,"url":"https:\/\/riisa.net\/index.php\/2014\/12\/31\/joulu-joulu-tullut-on\/","url_meta":{"origin":2941,"position":2},"title":"Joulu, joulu tullut on..","author":"Riisa","date":"31.12.2014","format":false,"excerpt":"Minusta joulun vietto on aina jatkunut v\u00e4hint\u00e4\u00e4n Loppiaiseen saakka \u2013 sen aiemmin ei l\u00e4hde t\u00e4st\u00e4 talosta kuusi ja siihen saakka saa hyvill\u00e4 mielin tunnelmoida. Olen aina h\u00e4mm\u00e4stellyt, kuinka jotkut raaskivat luopua joulun vietosta jo pian v\u00e4lip\u00e4ivien j\u00e4lkeen. Miksi koristella, siivota ja valmistella, jos joulu loppuu parissa p\u00e4iv\u00e4ss\u00e4? Kukin tyylill\u00e4\u00e4n, mutta\u2026","rel":"","context":"Kategoriassa &quot;Ajankohtaista&quot;","block_context":{"text":"Ajankohtaista","link":"https:\/\/riisa.net\/index.php\/category\/vapaalla\/ajankohtaista\/"},"img":{"alt_text":"","src":"https:\/\/i0.wp.com\/riisa.net\/wp-content\/uploads\/2014\/12\/joulu-sisustus-2014-6.jpg?fit=620%2C360&ssl=1&resize=350%2C200","width":350,"height":200,"srcset":"https:\/\/i0.wp.com\/riisa.net\/wp-content\/uploads\/2014\/12\/joulu-sisustus-2014-6.jpg?fit=620%2C360&ssl=1&resize=350%2C200 1x, https:\/\/i0.wp.com\/riisa.net\/wp-content\/uploads\/2014\/12\/joulu-sisustus-2014-6.jpg?fit=620%2C360&ssl=1&resize=525%2C300 1.5x"},"classes":[]},{"id":3236,"url":"https:\/\/riisa.net\/index.php\/2020\/08\/19\/minimalismi-konmari-ja-sopivan-kokoinen-asunto\/","url_meta":{"origin":2941,"position":3},"title":"Minimalismi, Konmari ja sopivan kokoinen asunto","author":"Riisa","date":"19.8.2020","format":false,"excerpt":"Olen viimeiset pari vuotta ollut varsin kiinnostunut minimalismista aatteena: v\u00e4hent\u00e4m\u00e4ll\u00e4 el\u00e4m\u00e4st\u00e4 ep\u00e4olennaisen, turhan ja tarpeettoman saa tilaa asioille, joilla on aidosti merkityst\u00e4 ja jotka tuottavat iloa. T\u00e4m\u00e4 ei toki koske pelk\u00e4st\u00e4\u00e4n tavaroita, vaan oikeastaan ennen kaikkea ihan kaikkea el\u00e4m\u00e4ss\u00e4, mutta matka kohti yksinkertaisempaa el\u00e4m\u00e4\u00e4 on ainakin omasta mielest\u00e4ni helpointa aloittaa\u2026","rel":"","context":"Kategoriassa &quot;Ajankohtaista&quot;","block_context":{"text":"Ajankohtaista","link":"https:\/\/riisa.net\/index.php\/category\/vapaalla\/ajankohtaista\/"},"img":{"alt_text":"","src":"https:\/\/i0.wp.com\/riisa.net\/wp-content\/uploads\/2020\/08\/minimalismi-konmari-kylpyamme.jpg?fit=1200%2C675&ssl=1&resize=350%2C200","width":350,"height":200,"srcset":"https:\/\/i0.wp.com\/riisa.net\/wp-content\/uploads\/2020\/08\/minimalismi-konmari-kylpyamme.jpg?fit=1200%2C675&ssl=1&resize=350%2C200 1x, https:\/\/i0.wp.com\/riisa.net\/wp-content\/uploads\/2020\/08\/minimalismi-konmari-kylpyamme.jpg?fit=1200%2C675&ssl=1&resize=525%2C300 1.5x, https:\/\/i0.wp.com\/riisa.net\/wp-content\/uploads\/2020\/08\/minimalismi-konmari-kylpyamme.jpg?fit=1200%2C675&ssl=1&resize=700%2C400 2x, https:\/\/i0.wp.com\/riisa.net\/wp-content\/uploads\/2020\/08\/minimalismi-konmari-kylpyamme.jpg?fit=1200%2C675&ssl=1&resize=1050%2C600 3x"},"classes":[]},{"id":1422,"url":"https:\/\/riisa.net\/index.php\/2012\/12\/15\/koti-valmistautuu-juhlaan\/","url_meta":{"origin":2941,"position":4},"title":"Koti valmistautuu juhlaan","author":"Riisa","date":"15.12.2012","format":false,"excerpt":"Joulu on aina ollut suosikkijuhlani. Mitk\u00e4\u00e4n syntym\u00e4p\u00e4iv\u00e4t, Juhannukset, P\u00e4\u00e4si\u00e4iset tai muut pyh\u00e4t eiv\u00e4t p\u00e4\u00e4se l\u00e4hellek\u00e4\u00e4n sit\u00e4 tunnelmaa, l\u00e4mp\u00f6\u00e4 ja iloa, mik\u00e4 jouluun valmistautumiseen omassa kodissani on aina lapsuudesta saakka liittynyt. Jouluvalot syttyv\u00e4t yleens\u00e4 meill\u00e4 jo marraskuun puolella, sill\u00e4 h\u00e4m\u00e4r\u00e4ss\u00e4 tuikkivat valonpilkahdukset huoneen nurkissa saavat ulkona arkiaamussa odottavan pime\u00e4n loskakelin unohtumaan\u2026","rel":"","context":"Kategoriassa &quot;Askartelu &amp; K\u00e4sity\u00f6&quot;","block_context":{"text":"Askartelu &amp; K\u00e4sity\u00f6","link":"https:\/\/riisa.net\/index.php\/category\/design_ja_taide\/askartelu_ja_kasityo\/"},"img":{"alt_text":"","src":"https:\/\/i0.wp.com\/riisa.net\/wp-content\/uploads\/2012\/12\/joulunsisustus-0-1.jpg?resize=350%2C200","width":350,"height":200,"srcset":"https:\/\/i0.wp.com\/riisa.net\/wp-content\/uploads\/2012\/12\/joulunsisustus-0-1.jpg?resize=350%2C200 1x, https:\/\/i0.wp.com\/riisa.net\/wp-content\/uploads\/2012\/12\/joulunsisustus-0-1.jpg?resize=525%2C300 1.5x"},"classes":[]},{"id":1912,"url":"https:\/\/riisa.net\/index.php\/2013\/10\/14\/treenivaatteet-vaihtoon\/","url_meta":{"origin":2941,"position":5},"title":"Treenivaatteet vaihtoon","author":"Riisa","date":"14.10.2013","format":false,"excerpt":"K\u00e4vin eilen taas ihan liian pitk\u00e4n tauon j\u00e4lkeen juoksemassa. Caprihousuissa ei 10-asteisessa illassa luonnollisestikaan tarjennut, joten jalkaan olisi pit\u00e4nyt vet\u00e4\u00e4 joskus yl\u00e4asteella \u00e4idin kanssa hankitut verkkahousut. Kyll\u00e4 olikin sitten niin hemaiseva olo: sellaiset takapuolesta suorina, levein\u00e4 liehulahkeina laskeutuvat liukasta inhottavantuntoista 90-luvun verkkakangasta olevat housut eiv\u00e4t imartele kyll\u00e4 ket\u00e4\u00e4n edes teini-ik\u00e4isen\u00e4,\u2026","rel":"","context":"Kategoriassa &quot;Koti &amp; Sisustus&quot;","block_context":{"text":"Koti &amp; Sisustus","link":"https:\/\/riisa.net\/index.php\/category\/sisustus_ja_tyyli\/"},"img":{"alt_text":"","src":"https:\/\/i0.wp.com\/riisa.net\/wp-content\/uploads\/2013\/10\/sporttisyksy.jpg?resize=350%2C200","width":350,"height":200,"srcset":"https:\/\/i0.wp.com\/riisa.net\/wp-content\/uploads\/2013\/10\/sporttisyksy.jpg?resize=350%2C200 1x, https:\/\/i0.wp.com\/riisa.net\/wp-content\/uploads\/2013\/10\/sporttisyksy.jpg?resize=525%2C300 1.5x"},"classes":[]}],"_links":{"self":[{"href":"https:\/\/riisa.net\/index.php\/wp-json\/wp\/v2\/posts\/2941","targetHints":{"allow":["GET"]}}],"collection":[{"href":"https:\/\/riisa.net\/index.php\/wp-json\/wp\/v2\/posts"}],"about":[{"href":"https:\/\/riisa.net\/index.php\/wp-json\/wp\/v2\/types\/post"}],"author":[{"embeddable":true,"href":"https:\/\/riisa.net\/index.php\/wp-json\/wp\/v2\/users\/2"}],"replies":[{"embeddable":true,"href":"https:\/\/riisa.net\/index.php\/wp-json\/wp\/v2\/comments?post=2941"}],"version-history":[{"count":10,"href":"https:\/\/riisa.net\/index.php\/wp-json\/wp\/v2\/posts\/2941\/revisions"}],"predecessor-version":[{"id":2996,"href":"https:\/\/riisa.net\/index.php\/wp-json\/wp\/v2\/posts\/2941\/revisions\/2996"}],"wp:featuredmedia":[{"embeddable":true,"href":"https:\/\/riisa.net\/index.php\/wp-json\/wp\/v2\/media\/2943"}],"wp:attachment":[{"href":"https:\/\/riisa.net\/index.php\/wp-json\/wp\/v2\/media?parent=2941"}],"wp:term":[{"taxonomy":"category","embeddable":true,"href":"https:\/\/riisa.net\/index.php\/wp-json\/wp\/v2\/categories?post=2941"},{"taxonomy":"post_tag","embeddable":true,"href":"https:\/\/riisa.net\/index.php\/wp-json\/wp\/v2\/tags?post=2941"}],"curies":[{"name":"wp","href":"https:\/\/api.w.org\/{rel}","templated":true}]}}