{"id":3282,"date":"2020-08-28T21:06:48","date_gmt":"2020-08-28T18:06:48","guid":{"rendered":"https:\/\/riisa.net\/?p=3282"},"modified":"2020-08-29T21:42:55","modified_gmt":"2020-08-29T18:42:55","slug":"keittio-jossa-arki-toimii-ja-kaikelle-on-paikka","status":"publish","type":"post","link":"https:\/\/riisa.net\/index.php\/2020\/08\/28\/keittio-jossa-arki-toimii-ja-kaikelle-on-paikka\/","title":{"rendered":"Keitti\u00f6, jossa arki toimii ja kaikelle on paikka"},"content":{"rendered":"<p>Olen aina haaveillut, ett\u00e4 p\u00e4\u00e4sisin toteuttamaan juuri sellaisen keitti\u00f6n, joka vastaisi omia toiveita, makua ja tarpeita. Uudessa kodissamme t\u00e4m\u00e4 haave toteutui.<!--more--><\/p>\n<p>Kirjoitin pari vuotta sitten uuden Majakan kotimme&nbsp;<em><span style=\"text-decoration: underline\"><span style=\"color: #734837\"><a style=\"color: #734837; text-decoration: underline\" href=\"https:\/\/riisa.net\/index.php\/2018\/02\/17\/keittio-kahvilahengessa\/\">keitti\u00f6suunnitelmista<\/a><\/span><\/span><strong>&nbsp;<\/strong><\/em>ja suunnittelun l\u00e4ht\u00f6kohdista, ja nyt j\u00e4lkik\u00e4teen on ollut hauskaa huomata, ett\u00e4 oikeastaan kaikki valintamme osuivat kyll\u00e4 todella nappiin. Suunnittelun onnistumiseen vaikutti varmasti se, ett\u00e4 teimme valinnat rauhassa ja ajan kanssa, ja mietimme tarkasti, millaisia toimintoja keitti\u00f6ss\u00e4mme tarvittaisiin ja mille kaikelle pit\u00e4isi l\u00f6yty\u00e4 selke\u00e4 oma s\u00e4ilytyspaikka. Niinp\u00e4 ajattelinkin nyt kertoa, miten uusi keitti\u00f6mme on arjessamme toiminut ja millaisia s\u00e4ilytysratkaisuja olemme siell\u00e4 lopulta tehneet.<\/p>\n<h2>Keitti\u00f6, jossa on paikka kaikelle<\/h2>\n<p>Minua j\u00e4nnitti ennen muuttoa tosi paljon, mahtuvatko kaikki astiamme keitti\u00f6n kaappeihin, vaikka olimme konmari-metodilla k\u00e4yneet l\u00e4pi tavaramme ja s\u00e4ilytt\u00e4neet vain kaikki ihanat ja aidosti k\u00e4yt\u00f6ss\u00e4 olevat astiat. Olin laskeskellut, ett\u00e4 kaiken pit\u00e4isi kyll\u00e4 mit\u00e4 luultavimmin mahtua ja olin jopa suunnitellut, mihin laatikkoon ja kaappiin mik\u00e4kin tavara tulisi asettumaan, mutta katsoessani muuttolaatikkojen t\u00e4ytt\u00e4m\u00e4\u00e4 entist\u00e4 kotiamme, alkoi ep\u00e4ilytt\u00e4\u00e4. Kyll\u00e4p\u00e4 sit\u00e4 tavaraa oli edelleen julmetusti!<\/p>\n<figure id=\"attachment_3287\" aria-describedby=\"caption-attachment-3287\" style=\"width: 1024px\" class=\"wp-caption aligncenter\"><img data-recalc-dims=\"1\" loading=\"lazy\" decoding=\"async\" data-attachment-id=\"3287\" data-permalink=\"https:\/\/riisa.net\/index.php\/2020\/08\/28\/keittio-jossa-arki-toimii-ja-kaikelle-on-paikka\/keittio-ruokailuvalinee-jarjestys\/\" data-orig-file=\"https:\/\/i0.wp.com\/riisa.net\/wp-content\/uploads\/2020\/08\/keittio-ruokailuvalinee-jarjestys.jpg?fit=1920%2C1440&amp;ssl=1\" data-orig-size=\"1920,1440\" data-comments-opened=\"1\" data-image-meta=\"{&quot;aperture&quot;:&quot;0&quot;,&quot;credit&quot;:&quot;&quot;,&quot;camera&quot;:&quot;&quot;,&quot;caption&quot;:&quot;&quot;,&quot;created_timestamp&quot;:&quot;0&quot;,&quot;copyright&quot;:&quot;&quot;,&quot;focal_length&quot;:&quot;0&quot;,&quot;iso&quot;:&quot;0&quot;,&quot;shutter_speed&quot;:&quot;0&quot;,&quot;title&quot;:&quot;&quot;,&quot;orientation&quot;:&quot;0&quot;}\" data-image-title=\"keittio-ruokailuvalinee-jarjestys\" data-image-description=\"\" data-image-caption=\"\" data-large-file=\"https:\/\/i0.wp.com\/riisa.net\/wp-content\/uploads\/2020\/08\/keittio-ruokailuvalinee-jarjestys.jpg?fit=392%2C294&amp;ssl=1\" src=\"https:\/\/i0.wp.com\/riisa.net\/wp-content\/uploads\/2020\/08\/keittio-ruokailuvalinee-jarjestys.jpg?resize=392%2C294&#038;ssl=1\" class=\"size-large wp-image-3287\" width=\"392\" height=\"294\" alt=\"\" srcset=\"https:\/\/i0.wp.com\/riisa.net\/wp-content\/uploads\/2020\/08\/keittio-ruokailuvalinee-jarjestys.jpg?resize=1024%2C768&amp;ssl=1 1024w, https:\/\/i0.wp.com\/riisa.net\/wp-content\/uploads\/2020\/08\/keittio-ruokailuvalinee-jarjestys.jpg?resize=300%2C225&amp;ssl=1 300w, https:\/\/i0.wp.com\/riisa.net\/wp-content\/uploads\/2020\/08\/keittio-ruokailuvalinee-jarjestys.jpg?resize=768%2C576&amp;ssl=1 768w, https:\/\/i0.wp.com\/riisa.net\/wp-content\/uploads\/2020\/08\/keittio-ruokailuvalinee-jarjestys.jpg?resize=1440%2C1080&amp;ssl=1 1440w, https:\/\/i0.wp.com\/riisa.net\/wp-content\/uploads\/2020\/08\/keittio-ruokailuvalinee-jarjestys.jpg?w=1920&amp;ssl=1 1920w, https:\/\/i0.wp.com\/riisa.net\/wp-content\/uploads\/2020\/08\/keittio-ruokailuvalinee-jarjestys.jpg?w=1176&amp;ssl=1 1176w\" sizes=\"auto, (max-width: 392px) 100vw, 392px\" \/><figcaption id=\"caption-attachment-3287\" class=\"wp-caption-text\">T\u00e4ss\u00e4 laatikossa ovat kaikki ruokailu- ja ruoanlaittov\u00e4lineemme.<\/figcaption><\/figure>\n<h4>Raskaat astiat ja ruoanlaittov\u00e4lineet vetolaatikoihin<\/h4>\n<p>Muuton yhteydess\u00e4 tavarat sujahtivat kuitenkin yll\u00e4tt\u00e4v\u00e4n hyvin suunnitelluille paikoilleen.&nbsp;Saarekkeen nelj\u00e4 suurinta ja syvint\u00e4 vetolaatikkoa varattiin lautasille, tarjoiluastioille, kattiloille ja paistinpannuille. Ne kaikki mahtuvat sinne nyt niin, ett\u00e4 jokaisen erilaisen ihanan astiatyypin n\u00e4kee yhdell\u00e4 silm\u00e4yksell\u00e4. Saarekkeen matalat leve\u00e4t laatikot taas saivat t\u00e4ytteekseen aterimet ja ruoanlaittov\u00e4lineet sek\u00e4 mausteet. T\u00e4m\u00e4 on ollut aivan t\u00e4ydellinen ratkaisu, sill\u00e4 koska hella ja uuni ovat saarekkeen keskell\u00e4, kaikki ruoanlaitossa tarvittavat v\u00e4lineet ovat aina tosi l\u00e4hell\u00e4 ja helposti saatavilla.<\/p>\n<p>Varsinaisen keitti\u00f6sein\u00e4n isommassa alakaapissa s\u00e4ilytet\u00e4\u00e4n kaikkia leipomusv\u00e4lineit\u00e4ni. T\u00e4ss\u00e4 kaapissa on sis\u00e4ll\u00e4 isot vetolaatikot, joten sinne saa todella k\u00e4tev\u00e4sti saataville leivontakulhot, uuni- ja kakkuvuoat, s\u00e4hk\u00f6vatkaimen, tyllat ja vispil\u00e4t. Piparkakkumuotit ja kuppikakkuvuoat tosin s\u00e4ilyt\u00e4n omassa laatikossaan toisaalla, sill\u00e4 ne eiv\u00e4t viel\u00e4 valitettavasti mahdu paperisten muffini-vuokien kokoelmani runsaudesta johtuen t\u00e4h\u00e4n kaappiin. Jahka saan ne ajan mittaan k\u00e4ytetty\u00e4 pois, aion sijoittaa my\u00f6s n\u00e4m\u00e4 tarvikkeet t\u00e4h\u00e4n samaan leipomuskaappiin, enk\u00e4 osta en\u00e4\u00e4 kerralla useammanlaisia muffinivuokia. V\u00e4hempikin riitt\u00e4\u00e4.<\/p>\n<p><div data-carousel-extra='{&quot;blog_id&quot;:1,&quot;permalink&quot;:&quot;https:\/\/riisa.net\/index.php\/2020\/08\/28\/keittio-jossa-arki-toimii-ja-kaikelle-on-paikka\/&quot;}' id='gallery-1' class='gallery galleryid-3282 gallery-columns-1 gallery-size-large'><figure class='gallery-item'>\n\t\t\t<div class='gallery-icon portrait'>\n\t\t\t\t<img loading=\"lazy\" decoding=\"async\" width=\"392\" height=\"523\" src=\"https:\/\/i0.wp.com\/riisa.net\/wp-content\/uploads\/2020\/08\/keittio-astioiden-jarjestys.jpg?fit=392%2C523&amp;ssl=1\" class=\"attachment-large size-large\" alt=\"\" aria-describedby=\"gallery-1-3284\" srcset=\"https:\/\/i0.wp.com\/riisa.net\/wp-content\/uploads\/2020\/08\/keittio-astioiden-jarjestys.jpg?w=1440&amp;ssl=1 1440w, https:\/\/i0.wp.com\/riisa.net\/wp-content\/uploads\/2020\/08\/keittio-astioiden-jarjestys.jpg?resize=225%2C300&amp;ssl=1 225w, https:\/\/i0.wp.com\/riisa.net\/wp-content\/uploads\/2020\/08\/keittio-astioiden-jarjestys.jpg?resize=768%2C1024&amp;ssl=1 768w, https:\/\/i0.wp.com\/riisa.net\/wp-content\/uploads\/2020\/08\/keittio-astioiden-jarjestys.jpg?resize=1080%2C1440&amp;ssl=1 1080w, https:\/\/i0.wp.com\/riisa.net\/wp-content\/uploads\/2020\/08\/keittio-astioiden-jarjestys.jpg?w=1176&amp;ssl=1 1176w\" sizes=\"auto, (max-width: 392px) 100vw, 392px\" data-attachment-id=\"3284\" data-permalink=\"https:\/\/riisa.net\/index.php\/2020\/08\/28\/keittio-jossa-arki-toimii-ja-kaikelle-on-paikka\/keittio-astioiden-jarjestys\/\" data-orig-file=\"https:\/\/i0.wp.com\/riisa.net\/wp-content\/uploads\/2020\/08\/keittio-astioiden-jarjestys.jpg?fit=1440%2C1920&amp;ssl=1\" data-orig-size=\"1440,1920\" data-comments-opened=\"1\" data-image-meta=\"{&quot;aperture&quot;:&quot;0&quot;,&quot;credit&quot;:&quot;&quot;,&quot;camera&quot;:&quot;&quot;,&quot;caption&quot;:&quot;&quot;,&quot;created_timestamp&quot;:&quot;0&quot;,&quot;copyright&quot;:&quot;&quot;,&quot;focal_length&quot;:&quot;0&quot;,&quot;iso&quot;:&quot;0&quot;,&quot;shutter_speed&quot;:&quot;0&quot;,&quot;title&quot;:&quot;&quot;,&quot;orientation&quot;:&quot;0&quot;}\" data-image-title=\"keittio-astioiden-jarjestys\" data-image-description=\"\" data-image-caption=\"&lt;p&gt;Arkiastiat ovat saatavilla saarekkeen vetolaatikossa&lt;\/p&gt;\n\" data-large-file=\"https:\/\/i0.wp.com\/riisa.net\/wp-content\/uploads\/2020\/08\/keittio-astioiden-jarjestys.jpg?fit=392%2C523&amp;ssl=1\" \/>\n\t\t\t<\/div>\n\t\t\t\t<figcaption class='wp-caption-text gallery-caption' id='gallery-1-3284'>\n\t\t\t\tArkiastiat ovat saatavilla saarekkeen vetolaatikossa\n\t\t\t\t<\/figcaption><\/figure><figure class='gallery-item'>\n\t\t\t<div class='gallery-icon portrait'>\n\t\t\t\t<img loading=\"lazy\" decoding=\"async\" width=\"392\" height=\"523\" src=\"https:\/\/i0.wp.com\/riisa.net\/wp-content\/uploads\/2020\/08\/keittio-kaapin-jarjestaminen.jpg?fit=392%2C523&amp;ssl=1\" class=\"attachment-large size-large\" alt=\"\" aria-describedby=\"gallery-1-3285\" srcset=\"https:\/\/i0.wp.com\/riisa.net\/wp-content\/uploads\/2020\/08\/keittio-kaapin-jarjestaminen.jpg?w=1440&amp;ssl=1 1440w, https:\/\/i0.wp.com\/riisa.net\/wp-content\/uploads\/2020\/08\/keittio-kaapin-jarjestaminen.jpg?resize=225%2C300&amp;ssl=1 225w, https:\/\/i0.wp.com\/riisa.net\/wp-content\/uploads\/2020\/08\/keittio-kaapin-jarjestaminen.jpg?resize=768%2C1024&amp;ssl=1 768w, https:\/\/i0.wp.com\/riisa.net\/wp-content\/uploads\/2020\/08\/keittio-kaapin-jarjestaminen.jpg?resize=1080%2C1440&amp;ssl=1 1080w, https:\/\/i0.wp.com\/riisa.net\/wp-content\/uploads\/2020\/08\/keittio-kaapin-jarjestaminen.jpg?w=1176&amp;ssl=1 1176w\" sizes=\"auto, (max-width: 392px) 100vw, 392px\" data-attachment-id=\"3285\" data-permalink=\"https:\/\/riisa.net\/index.php\/2020\/08\/28\/keittio-jossa-arki-toimii-ja-kaikelle-on-paikka\/keittio-kaapin-jarjestaminen\/\" data-orig-file=\"https:\/\/i0.wp.com\/riisa.net\/wp-content\/uploads\/2020\/08\/keittio-kaapin-jarjestaminen.jpg?fit=1440%2C1920&amp;ssl=1\" data-orig-size=\"1440,1920\" data-comments-opened=\"1\" data-image-meta=\"{&quot;aperture&quot;:&quot;0&quot;,&quot;credit&quot;:&quot;&quot;,&quot;camera&quot;:&quot;&quot;,&quot;caption&quot;:&quot;&quot;,&quot;created_timestamp&quot;:&quot;0&quot;,&quot;copyright&quot;:&quot;&quot;,&quot;focal_length&quot;:&quot;0&quot;,&quot;iso&quot;:&quot;0&quot;,&quot;shutter_speed&quot;:&quot;0&quot;,&quot;title&quot;:&quot;&quot;,&quot;orientation&quot;:&quot;0&quot;}\" data-image-title=\"keittio-kaapin-jarjestaminen\" data-image-description=\"\" data-image-caption=\"&lt;p&gt;Ikean purnukat mahtuvat niin t\u00e4ydellisesti kuiva-ainekaapin laatikoihin, ett\u00e4 hukkatilaa ei juuri synny&lt;\/p&gt;\n\" data-large-file=\"https:\/\/i0.wp.com\/riisa.net\/wp-content\/uploads\/2020\/08\/keittio-kaapin-jarjestaminen.jpg?fit=392%2C523&amp;ssl=1\" \/>\n\t\t\t<\/div>\n\t\t\t\t<figcaption class='wp-caption-text gallery-caption' id='gallery-1-3285'>\n\t\t\t\tIkean purnukat mahtuvat niin t\u00e4ydellisesti kuiva-ainekaapin laatikoihin, ett\u00e4 hukkatilaa ei juuri synny\n\t\t\t\t<\/figcaption><\/figure>\n\t\t<\/div>\nLasit ja kupit arkik\u00e4ytt\u00f6\u00f6n yl\u00e4kaappien alimmille hyllyille<\/p>\n<p>Meill\u00e4 on kolme yl\u00e4kaappia, joissa on kussakin kaksi hylly\u00e4. Juomalasit ja kahvikupit sijoitimme yl\u00e4kaappien alemmalle hyllylle, ja viinilasit ja l\u00e4hinn\u00e4 jouluna ilahduttavat tsaikkalasit sek\u00e4 kukkamaljakot yl\u00e4hyllyille. Yhteen yl\u00e4kaapiin on sijoitettu vesikannut, Chemex-kahvinkeitin sek\u00e4 suodatinpaperit.<\/p>\n<h4>Tilaihme-ruokakaappi<\/h4>\n<p>Ehk\u00e4 paras hankinta koko keitti\u00f6ss\u00e4 on p\u00e4\u00e4asiassa vetolaatikoilla varustettu korkea, mutta vain 40 sentti\u00e4 kapea kaappi. T\u00e4m\u00e4 kaappi on osoittautunut oikeaksi tilaihmeeksi, sill\u00e4 siell\u00e4 on kaikki keitti\u00f6ss\u00e4mme j\u00e4\u00e4kaapin ulkopuolella s\u00e4ilytett\u00e4v\u00e4 ruoka sek\u00e4 lis\u00e4ksi ylimm\u00e4ll\u00e4 hyllyll\u00e4 muutama suurikokoinen tarjoilu- ja salaattikulho. Ulos vedett\u00e4v\u00e4t laatikot ovat ihanuutta aiemman kotimme &#8221;sukelluskaapin&#8221; j\u00e4lkeen, jossa syv\u00e4n ja korkean kaapin hyllyjen per\u00e4lle aina hautautui jotain, koska iso kaappi oli vain niin hankala k\u00e4ytt\u00e4\u00e4.<\/p>\n<p>Nyt joka ruokakaapin laatikossa on oman tyyppisens\u00e4 ruoat, joten ne on helppoa l\u00f6yt\u00e4\u00e4 ja pit\u00e4\u00e4 j\u00e4rjestyksess\u00e4: kaapin ylimm\u00e4ll\u00e4 hyllyll\u00e4 ovat teet sek\u00e4 hunajat, joita yleens\u00e4 k\u00e4ytet\u00e4\u00e4n yhdess\u00e4. Seuraavaksi vuorossa on hylly, jossa on puinen, avoin leip\u00e4laatikko. Yhdess\u00e4 matalassa vetolaatikossa ovat lasipurkeissa siemenet, p\u00e4hkin\u00e4t, leseet, granola ja puurohiutaleet. Yhteen laatikkoon on sijoitettu lasipurkkeihin pastat, couscous ja riisi. Toiseksi alimmassa laatikossa ovat leivontatarvikkeet kuten jauhot, sokerit, suola, peruna- ja kaakaojauhot sek\u00e4 kyseisen laatikon korkeuden vuoksi my\u00f6s aamiaismurot. Alimpaan laatikkoon on sijoitettu s\u00e4ilyket\u00f6lkit, pussikeitot, \u00f6ljyt ja mahdolliset valmisruoka-annokset esimerkiksi n\u00e4in korona-ajan et\u00e4ty\u00f6p\u00e4ivien varalounaiksi. Lis\u00e4ksi kaapissa on rakenteellinen tukihylly, joka on tosi l\u00e4hell\u00e4 yht\u00e4 ylemp\u00e4\u00e4 laatikkoa. Sille mahtuvat mainiosti patalaput sek\u00e4 keitti\u00f6vaaka.<\/p>\n<p><div data-carousel-extra='{&quot;blog_id&quot;:1,&quot;permalink&quot;:&quot;https:\/\/riisa.net\/index.php\/2020\/08\/28\/keittio-jossa-arki-toimii-ja-kaikelle-on-paikka\/&quot;}' id='gallery-2' class='gallery galleryid-3282 gallery-columns-1 gallery-size-large'><figure class='gallery-item'>\n\t\t\t<div class='gallery-icon portrait'>\n\t\t\t\t<img loading=\"lazy\" decoding=\"async\" width=\"392\" height=\"523\" src=\"https:\/\/i0.wp.com\/riisa.net\/wp-content\/uploads\/2020\/08\/keittio-uunimikro-minimalismi.jpg?fit=392%2C523&amp;ssl=1\" class=\"attachment-large size-large\" alt=\"\" aria-describedby=\"gallery-2-3292\" srcset=\"https:\/\/i0.wp.com\/riisa.net\/wp-content\/uploads\/2020\/08\/keittio-uunimikro-minimalismi.jpg?w=1440&amp;ssl=1 1440w, https:\/\/i0.wp.com\/riisa.net\/wp-content\/uploads\/2020\/08\/keittio-uunimikro-minimalismi.jpg?resize=225%2C300&amp;ssl=1 225w, https:\/\/i0.wp.com\/riisa.net\/wp-content\/uploads\/2020\/08\/keittio-uunimikro-minimalismi.jpg?resize=768%2C1024&amp;ssl=1 768w, https:\/\/i0.wp.com\/riisa.net\/wp-content\/uploads\/2020\/08\/keittio-uunimikro-minimalismi.jpg?resize=1080%2C1440&amp;ssl=1 1080w, https:\/\/i0.wp.com\/riisa.net\/wp-content\/uploads\/2020\/08\/keittio-uunimikro-minimalismi.jpg?w=1176&amp;ssl=1 1176w\" sizes=\"auto, (max-width: 392px) 100vw, 392px\" data-attachment-id=\"3292\" data-permalink=\"https:\/\/riisa.net\/index.php\/2020\/08\/28\/keittio-jossa-arki-toimii-ja-kaikelle-on-paikka\/keittio-uunimikro-minimalismi\/\" data-orig-file=\"https:\/\/i0.wp.com\/riisa.net\/wp-content\/uploads\/2020\/08\/keittio-uunimikro-minimalismi.jpg?fit=1440%2C1920&amp;ssl=1\" data-orig-size=\"1440,1920\" data-comments-opened=\"1\" data-image-meta=\"{&quot;aperture&quot;:&quot;0&quot;,&quot;credit&quot;:&quot;&quot;,&quot;camera&quot;:&quot;&quot;,&quot;caption&quot;:&quot;&quot;,&quot;created_timestamp&quot;:&quot;0&quot;,&quot;copyright&quot;:&quot;&quot;,&quot;focal_length&quot;:&quot;0&quot;,&quot;iso&quot;:&quot;0&quot;,&quot;shutter_speed&quot;:&quot;0&quot;,&quot;title&quot;:&quot;&quot;,&quot;orientation&quot;:&quot;0&quot;}\" data-image-title=\"keittio-uunimikro-minimalismi\" data-image-description=\"\" data-image-caption=\"&lt;p&gt;Uuni ja mikro l\u00f6ytyv\u00e4t samasta laitteesta, mik\u00e4 s\u00e4\u00e4sti tilaa sein\u00e4kaapista muuhun k\u00e4ytt\u00f6\u00f6n.&lt;\/p&gt;\n\" data-large-file=\"https:\/\/i0.wp.com\/riisa.net\/wp-content\/uploads\/2020\/08\/keittio-uunimikro-minimalismi.jpg?fit=392%2C523&amp;ssl=1\" \/>\n\t\t\t<\/div>\n\t\t\t\t<figcaption class='wp-caption-text gallery-caption' id='gallery-2-3292'>\n\t\t\t\tUuni ja mikro l\u00f6ytyv\u00e4t samasta laitteesta, mik\u00e4 s\u00e4\u00e4sti tilaa sein\u00e4kaapista muuhun k\u00e4ytt\u00f6\u00f6n.\n\t\t\t\t<\/figcaption><\/figure><figure class='gallery-item'>\n\t\t\t<div class='gallery-icon portrait'>\n\t\t\t\t<img loading=\"lazy\" decoding=\"async\" width=\"392\" height=\"523\" src=\"https:\/\/i0.wp.com\/riisa.net\/wp-content\/uploads\/2020\/08\/keittio-tiskipoyta-sisustus.jpg?fit=392%2C523&amp;ssl=1\" class=\"attachment-large size-large\" alt=\"\" aria-describedby=\"gallery-2-3291\" srcset=\"https:\/\/i0.wp.com\/riisa.net\/wp-content\/uploads\/2020\/08\/keittio-tiskipoyta-sisustus.jpg?w=1440&amp;ssl=1 1440w, https:\/\/i0.wp.com\/riisa.net\/wp-content\/uploads\/2020\/08\/keittio-tiskipoyta-sisustus.jpg?resize=225%2C300&amp;ssl=1 225w, https:\/\/i0.wp.com\/riisa.net\/wp-content\/uploads\/2020\/08\/keittio-tiskipoyta-sisustus.jpg?resize=768%2C1024&amp;ssl=1 768w, https:\/\/i0.wp.com\/riisa.net\/wp-content\/uploads\/2020\/08\/keittio-tiskipoyta-sisustus.jpg?resize=1080%2C1440&amp;ssl=1 1080w, https:\/\/i0.wp.com\/riisa.net\/wp-content\/uploads\/2020\/08\/keittio-tiskipoyta-sisustus.jpg?w=1176&amp;ssl=1 1176w\" sizes=\"auto, (max-width: 392px) 100vw, 392px\" data-attachment-id=\"3291\" data-permalink=\"https:\/\/riisa.net\/index.php\/2020\/08\/28\/keittio-jossa-arki-toimii-ja-kaikelle-on-paikka\/keittio-tiskipoyta-sisustus\/\" data-orig-file=\"https:\/\/i0.wp.com\/riisa.net\/wp-content\/uploads\/2020\/08\/keittio-tiskipoyta-sisustus.jpg?fit=1440%2C1920&amp;ssl=1\" data-orig-size=\"1440,1920\" data-comments-opened=\"1\" data-image-meta=\"{&quot;aperture&quot;:&quot;0&quot;,&quot;credit&quot;:&quot;&quot;,&quot;camera&quot;:&quot;&quot;,&quot;caption&quot;:&quot;&quot;,&quot;created_timestamp&quot;:&quot;0&quot;,&quot;copyright&quot;:&quot;&quot;,&quot;focal_length&quot;:&quot;0&quot;,&quot;iso&quot;:&quot;0&quot;,&quot;shutter_speed&quot;:&quot;0&quot;,&quot;title&quot;:&quot;&quot;,&quot;orientation&quot;:&quot;0&quot;}\" data-image-title=\"keittio-tiskipoyta-sisustus\" data-image-description=\"\" data-image-caption=\"&lt;p&gt;Pid\u00e4n ruskeaa apteekkilasia imitoivista siivousaineista. T\u00e4ll\u00e4 hetkell\u00e4 k\u00e4yt\u00f6ss\u00e4 on Maku-keitti\u00f6sarjan putelit &amp;#8211; uusiok\u00e4yt\u00f6ss\u00e4 jo ties kuinka monetta kierrosta.&lt;\/p&gt;\n\" data-large-file=\"https:\/\/i0.wp.com\/riisa.net\/wp-content\/uploads\/2020\/08\/keittio-tiskipoyta-sisustus.jpg?fit=392%2C523&amp;ssl=1\" \/>\n\t\t\t<\/div>\n\t\t\t\t<figcaption class='wp-caption-text gallery-caption' id='gallery-2-3291'>\n\t\t\t\tPid\u00e4n ruskeaa apteekkilasia imitoivista siivousaineista. T\u00e4ll\u00e4 hetkell\u00e4 k\u00e4yt\u00f6ss\u00e4 on Maku-keitti\u00f6sarjan putelit &#8211; uusiok\u00e4yt\u00f6ss\u00e4 jo ties kuinka monetta kierrosta.\n\t\t\t\t<\/figcaption><\/figure>\n\t\t<\/div>\nKierr\u00e4tys ansaitsee kunnon tilat<\/p>\n<p>Kierr\u00e4tt\u00e4minen on t\u00e4rke\u00e4\u00e4 ja ihan selvi\u00f6 p\u00e4\u00e4kaupunkiseudun kerrostaloissa, joten jokainen kotitalouden j\u00e4telaji, jonka pystyy kierr\u00e4tt\u00e4m\u00e4\u00e4n, ansaitsee mielest\u00e4ni joka kodista kunnon tilat. Meill\u00e4 bioj\u00e4te, sekaj\u00e4te ja muovij\u00e4te asuvat suomalaisille tyypilliseen tapaan j\u00e4tevaunussa pesualtaan alla. Sen vieress\u00e4 meill\u00e4 on kapea alakaappi, johon sijoitimme pienen Ikean metallitynnyrin lasille sek\u00e4 oman pussukkansa metalliroskille. Keitti\u00f6n vieress\u00e4 olevassa liukuovikaapissa kodissamme ker\u00e4t\u00e4\u00e4n isoon juuttikassiin kartonki, suureen metallitynnyriin paperi ja omaan laatikkoonsa paristot ja muu ongemaj\u00e4te.<\/p>\n<p>Vaikkei t\u00e4m\u00e4 varsinaisesti keitti\u00f6\u00f6n liityk\u00e4\u00e4n, lis\u00e4ksi meill\u00e4 on vaatekaapissa laatikko mahdollisille poistuville konmari-tavaroille ja kierr\u00e4tykseen meneville tekstiileille \u2013 usko tai \u00e4l\u00e4, vaikka koko koti olisi konmaroitu, kyll\u00e4 niit\u00e4 rikkoutuvia sukkia ja aikansa el\u00e4neit\u00e4 vaatteita kuitenkin silloin t\u00e4ll\u00f6in tulee viel\u00e4 vastaan, sill\u00e4 kaikki kuluu ja vuosien vieriess\u00e4 my\u00f6s maku v\u00e4hitellen muuttuu. Sen verran harvoin kuitenkin tarvitsee nyky\u00e4\u00e4n en\u00e4\u00e4 Kierr\u00e4tyskeskukseen l\u00e4hte\u00e4, ett\u00e4 on helpompaa, kun ihan kaikelle kierr\u00e4tett\u00e4v\u00e4lle on oma odotuspaikkansa, niin tavarat eiv\u00e4t j\u00e4\u00e4 ajelehtimaan nurkkiin.<\/p>\n<figure id=\"attachment_3286\" aria-describedby=\"caption-attachment-3286\" style=\"width: 768px\" class=\"wp-caption aligncenter\"><img data-recalc-dims=\"1\" loading=\"lazy\" decoding=\"async\" data-attachment-id=\"3286\" data-permalink=\"https:\/\/riisa.net\/index.php\/2020\/08\/28\/keittio-jossa-arki-toimii-ja-kaikelle-on-paikka\/keittio-liukuovikaapisto\/\" data-orig-file=\"https:\/\/i0.wp.com\/riisa.net\/wp-content\/uploads\/2020\/08\/keittio-liukuovikaapisto.jpg?fit=1440%2C1920&amp;ssl=1\" data-orig-size=\"1440,1920\" data-comments-opened=\"1\" data-image-meta=\"{&quot;aperture&quot;:&quot;0&quot;,&quot;credit&quot;:&quot;&quot;,&quot;camera&quot;:&quot;&quot;,&quot;caption&quot;:&quot;&quot;,&quot;created_timestamp&quot;:&quot;0&quot;,&quot;copyright&quot;:&quot;&quot;,&quot;focal_length&quot;:&quot;0&quot;,&quot;iso&quot;:&quot;0&quot;,&quot;shutter_speed&quot;:&quot;0&quot;,&quot;title&quot;:&quot;&quot;,&quot;orientation&quot;:&quot;0&quot;}\" data-image-title=\"keittio-liukuovikaapisto\" data-image-description=\"\" data-image-caption=\"\" data-large-file=\"https:\/\/i0.wp.com\/riisa.net\/wp-content\/uploads\/2020\/08\/keittio-liukuovikaapisto.jpg?fit=392%2C523&amp;ssl=1\" src=\"https:\/\/i0.wp.com\/riisa.net\/wp-content\/uploads\/2020\/08\/keittio-liukuovikaapisto.jpg?resize=392%2C523&#038;ssl=1\" class=\"size-large wp-image-3286\" width=\"392\" height=\"523\" alt=\"\" srcset=\"https:\/\/i0.wp.com\/riisa.net\/wp-content\/uploads\/2020\/08\/keittio-liukuovikaapisto.jpg?resize=768%2C1024&amp;ssl=1 768w, https:\/\/i0.wp.com\/riisa.net\/wp-content\/uploads\/2020\/08\/keittio-liukuovikaapisto.jpg?resize=225%2C300&amp;ssl=1 225w, https:\/\/i0.wp.com\/riisa.net\/wp-content\/uploads\/2020\/08\/keittio-liukuovikaapisto.jpg?resize=1080%2C1440&amp;ssl=1 1080w, https:\/\/i0.wp.com\/riisa.net\/wp-content\/uploads\/2020\/08\/keittio-liukuovikaapisto.jpg?w=1440&amp;ssl=1 1440w, https:\/\/i0.wp.com\/riisa.net\/wp-content\/uploads\/2020\/08\/keittio-liukuovikaapisto.jpg?w=1176&amp;ssl=1 1176w\" sizes=\"auto, (max-width: 392px) 100vw, 392px\" \/><figcaption id=\"caption-attachment-3286\" class=\"wp-caption-text\">Keitti\u00f6n toisella sein\u00e4m\u00e4ll\u00e4 on t\u00e4m\u00e4 suuri liukuovikaappi, joka on kotimme todellinen maaginen tavarakaappi, sill\u00e4 siell\u00e4 on oikeastaan suurin osa kotimme kaikesta tavarasta vaatteita ja pelej\u00e4 lukuunottamatta. Sinne k\u00e4tkeytyv\u00e4t mm.siivousv\u00e4lineet, pyyhkeet, pesuaineet, sesongin ulkopuoliset ulkovaatteet sek\u00e4 kierr\u00e4tyspisteet kartongille ja paperille.<\/figcaption><\/figure>\n<h2>Keitti\u00f6, jossa ei tarvitse kurkotella<\/h2>\n<p>Edellisess\u00e4 keitti\u00f6ss\u00e4mme jouduin turvautumaan harva se p\u00e4iv\u00e4 jakkaraan tai keitti\u00f6ntuolin raahaamiseen kaapin alle, jotta yletyin saamaan tavarat my\u00f6s ylimmist\u00e4 kaapeista. Siell\u00e4 kun kaapit ulottuivat aivan kattoon saakka. Vanhassa keitti\u00f6ss\u00e4 my\u00f6s kuivauskaappi, joka oli todella ep\u00e4tehokkaassa k\u00e4yt\u00f6ss\u00e4 ja vei tilaa parhaalta k\u00e4ytt\u00f6korkeudelta.<\/p>\n<p>Uudessa keitti\u00f6ss\u00e4mme j\u00e4timme uskaliaasti kuivauskaapin pois ja mitoitimme kaapit niin, ett\u00e4 min\u00e4kin yll\u00e4n 160+ senttisen\u00e4 kaikille hyllyille. Sijoittamalla yl\u00e4hyllyille sellaisia tavaroita, jotka ovat korkeita, kuten maljakot ja vaasit, mahdollistettiin, ett\u00e4 yl\u00e4kaappien ylempikin hylly pystyttiin sijoittamaan sen verran alas, ett\u00e4 varvastellen saan jopa ne maljakot kaapista ilman tuolia. On ihanaa, ettei joka p\u00e4iv\u00e4 tarvitse hakea jakkaraa keitti\u00f6\u00f6n. Viini- ja kuohujuomalasit saan yl\u00e4kaapin etualalta k\u00e4ytt\u00f6\u00f6n, mutta taaimmaisia laseja varten saatan yh\u00e4 hakea tuolin, ihan vain varmuuden vuoksi, etten tiputa mit\u00e4\u00e4n. Taaimmaksi yl\u00e4kaapissa onkin sijoitettu siis lasit, jotka ovat vain harvakseltaan k\u00e4yt\u00f6ss\u00e4. N\u00e4in normaalissa arjessa ei ikin\u00e4 tarvitse kurkotella.<\/p>\n<figure id=\"attachment_3293\" aria-describedby=\"caption-attachment-3293\" style=\"width: 1024px\" class=\"wp-caption aligncenter\"><img data-recalc-dims=\"1\" loading=\"lazy\" decoding=\"async\" data-attachment-id=\"3293\" data-permalink=\"https:\/\/riisa.net\/index.php\/2020\/08\/28\/keittio-jossa-arki-toimii-ja-kaikelle-on-paikka\/keittio-avohylly-jarjestys\/\" data-orig-file=\"https:\/\/i0.wp.com\/riisa.net\/wp-content\/uploads\/2020\/08\/keittio-avohylly-jarjestys.jpg?fit=1920%2C1440&amp;ssl=1\" data-orig-size=\"1920,1440\" data-comments-opened=\"1\" data-image-meta=\"{&quot;aperture&quot;:&quot;0&quot;,&quot;credit&quot;:&quot;&quot;,&quot;camera&quot;:&quot;&quot;,&quot;caption&quot;:&quot;&quot;,&quot;created_timestamp&quot;:&quot;0&quot;,&quot;copyright&quot;:&quot;&quot;,&quot;focal_length&quot;:&quot;0&quot;,&quot;iso&quot;:&quot;0&quot;,&quot;shutter_speed&quot;:&quot;0&quot;,&quot;title&quot;:&quot;&quot;,&quot;orientation&quot;:&quot;0&quot;}\" data-image-title=\"keittio-avohylly-jarjestys\" data-image-description=\"\" data-image-caption=\"\" data-large-file=\"https:\/\/i0.wp.com\/riisa.net\/wp-content\/uploads\/2020\/08\/keittio-avohylly-jarjestys.jpg?fit=392%2C294&amp;ssl=1\" src=\"https:\/\/i0.wp.com\/riisa.net\/wp-content\/uploads\/2020\/08\/keittio-avohylly-jarjestys.jpg?resize=392%2C294&#038;ssl=1\" class=\"size-large wp-image-3293\" width=\"392\" height=\"294\" alt=\"\" srcset=\"https:\/\/i0.wp.com\/riisa.net\/wp-content\/uploads\/2020\/08\/keittio-avohylly-jarjestys.jpg?resize=1024%2C768&amp;ssl=1 1024w, https:\/\/i0.wp.com\/riisa.net\/wp-content\/uploads\/2020\/08\/keittio-avohylly-jarjestys.jpg?resize=300%2C225&amp;ssl=1 300w, https:\/\/i0.wp.com\/riisa.net\/wp-content\/uploads\/2020\/08\/keittio-avohylly-jarjestys.jpg?resize=768%2C576&amp;ssl=1 768w, https:\/\/i0.wp.com\/riisa.net\/wp-content\/uploads\/2020\/08\/keittio-avohylly-jarjestys.jpg?resize=1440%2C1080&amp;ssl=1 1440w, https:\/\/i0.wp.com\/riisa.net\/wp-content\/uploads\/2020\/08\/keittio-avohylly-jarjestys.jpg?w=1920&amp;ssl=1 1920w, https:\/\/i0.wp.com\/riisa.net\/wp-content\/uploads\/2020\/08\/keittio-avohylly-jarjestys.jpg?w=1176&amp;ssl=1 1176w\" sizes=\"auto, (max-width: 392px) 100vw, 392px\" \/><figcaption id=\"caption-attachment-3293\" class=\"wp-caption-text\">Kauneimmat astiat ilahduttavat joka p\u00e4iv\u00e4 keitti\u00f6n avohyllyill\u00e4<\/figcaption><\/figure>\n<h2>Keitti\u00f6, joka sopii sisustukseen<\/h2>\n<p>Toivoimme, ett\u00e4 keitti\u00f6 sopisi olohuoneen yhteyteen ja toisi tilaan hiukan kahvilamaista tunnelmaa avohyllyill\u00e4 ja avoimuudellaan. Normaalia pienemm\u00e4t yl\u00e4kaapit &nbsp;ja niiden irrottaminen sivukaapeista sein\u00e4n keskelle toi tilaan kivaa ilmavuutta. Olen vaihdellut kuppeja ja kippoja keitti\u00f6n avohyllyill\u00e4 moneen otteeseen ja viime aikoina eniten silm\u00e4\u00e4 ovat miellytt\u00e4neet japanilaiset astiamme. Lis\u00e4ksi hyllyll\u00e4 s\u00e4ilytet\u00e4\u00e4n p\u00e4ivitt\u00e4in k\u00e4yt\u00f6ss\u00e4 olevaa kahvipurkkia, matchaa ja teevispil\u00e4\u00e4.<\/p>\n<p>Keitti\u00f6n tasoilla haluaisin s\u00e4ilytt\u00e4\u00e4 mahdollisimman v\u00e4h\u00e4n tavaraa, jotta siistin\u00e4 pit\u00e4minen olisi vaivatonta, sill\u00e4 se ik\u00e4v\u00e4 puoli avokeitti\u00f6ss\u00e4 toki on, ett\u00e4 kaikki sotku on sitten keskell\u00e4 kotia esill\u00e4. Nyt tasoilla s\u00e4ilytet\u00e4\u00e4n varsinaisesti leiv\u00e4npaahdinta, vedenkeitint\u00e4, maidonvaahdotinta, talouspaperia sek\u00e4 tiskiaineita ja -harjaa. J\u00e4lkimm\u00e4iset haluaisin nekin kyll\u00e4 mieluummin kaappiin piiloon, kunhan keksin miss\u00e4 niille olisi k\u00e4tev\u00e4 paikka. Saarekkeella on lis\u00e4ksi hedelm\u00e4kulho sek\u00e4 pari kasvia ja aika usein kastelukannu, koska k\u00e4yt\u00e4n sit\u00e4 varsinkin nyt kes\u00e4ll\u00e4 l\u00e4hes p\u00e4ivitt\u00e4in tomaatteja kastellessa, joten on ollut k\u00e4tev\u00e4\u00e4, ett\u00e4 kannu on heti hanan vieress\u00e4 odottamassa.<\/p>\n<p><div data-carousel-extra='{&quot;blog_id&quot;:1,&quot;permalink&quot;:&quot;https:\/\/riisa.net\/index.php\/2020\/08\/28\/keittio-jossa-arki-toimii-ja-kaikelle-on-paikka\/&quot;}' id='gallery-3' class='gallery galleryid-3282 gallery-columns-1 gallery-size-large'><figure class='gallery-item'>\n\t\t\t<div class='gallery-icon portrait'>\n\t\t\t\t<img loading=\"lazy\" decoding=\"async\" width=\"392\" height=\"490\" src=\"https:\/\/i0.wp.com\/riisa.net\/wp-content\/uploads\/2020\/08\/keittio-ruokailu-sisustus.jpg?fit=392%2C490&amp;ssl=1\" class=\"attachment-large size-large\" alt=\"\" aria-describedby=\"gallery-3-3294\" srcset=\"https:\/\/i0.wp.com\/riisa.net\/wp-content\/uploads\/2020\/08\/keittio-ruokailu-sisustus.jpg?w=1536&amp;ssl=1 1536w, https:\/\/i0.wp.com\/riisa.net\/wp-content\/uploads\/2020\/08\/keittio-ruokailu-sisustus.jpg?resize=240%2C300&amp;ssl=1 240w, https:\/\/i0.wp.com\/riisa.net\/wp-content\/uploads\/2020\/08\/keittio-ruokailu-sisustus.jpg?resize=768%2C960&amp;ssl=1 768w, https:\/\/i0.wp.com\/riisa.net\/wp-content\/uploads\/2020\/08\/keittio-ruokailu-sisustus.jpg?resize=819%2C1024&amp;ssl=1 819w, https:\/\/i0.wp.com\/riisa.net\/wp-content\/uploads\/2020\/08\/keittio-ruokailu-sisustus.jpg?resize=1152%2C1440&amp;ssl=1 1152w\" sizes=\"auto, (max-width: 392px) 100vw, 392px\" data-attachment-id=\"3294\" data-permalink=\"https:\/\/riisa.net\/index.php\/2020\/08\/28\/keittio-jossa-arki-toimii-ja-kaikelle-on-paikka\/keittio-ruokailu-sisustus\/\" data-orig-file=\"https:\/\/i0.wp.com\/riisa.net\/wp-content\/uploads\/2020\/08\/keittio-ruokailu-sisustus.jpg?fit=1536%2C1920&amp;ssl=1\" data-orig-size=\"1536,1920\" data-comments-opened=\"1\" data-image-meta=\"{&quot;aperture&quot;:&quot;0&quot;,&quot;credit&quot;:&quot;&quot;,&quot;camera&quot;:&quot;&quot;,&quot;caption&quot;:&quot;&quot;,&quot;created_timestamp&quot;:&quot;0&quot;,&quot;copyright&quot;:&quot;&quot;,&quot;focal_length&quot;:&quot;0&quot;,&quot;iso&quot;:&quot;0&quot;,&quot;shutter_speed&quot;:&quot;0&quot;,&quot;title&quot;:&quot;&quot;,&quot;orientation&quot;:&quot;0&quot;}\" data-image-title=\"keittio-ruokailu-sisustus\" data-image-description=\"\" data-image-caption=\"&lt;p&gt;Lempiastiat ovat my\u00f6s juhla-astiat. Meill\u00e4 ei ole erikseen pyh\u00e4kuppeja.&lt;\/p&gt;\n\" data-large-file=\"https:\/\/i0.wp.com\/riisa.net\/wp-content\/uploads\/2020\/08\/keittio-ruokailu-sisustus.jpg?fit=392%2C490&amp;ssl=1\" \/>\n\t\t\t<\/div>\n\t\t\t\t<figcaption class='wp-caption-text gallery-caption' id='gallery-3-3294'>\n\t\t\t\tLempiastiat ovat my\u00f6s juhla-astiat. Meill\u00e4 ei ole erikseen pyh\u00e4kuppeja.\n\t\t\t\t<\/figcaption><\/figure><figure class='gallery-item'>\n\t\t\t<div class='gallery-icon portrait'>\n\t\t\t\t<img loading=\"lazy\" decoding=\"async\" width=\"392\" height=\"490\" src=\"https:\/\/i0.wp.com\/riisa.net\/wp-content\/uploads\/2020\/08\/keittio-taso-konmari.jpg?fit=392%2C490&amp;ssl=1\" class=\"attachment-large size-large\" alt=\"\" aria-describedby=\"gallery-3-3290\" srcset=\"https:\/\/i0.wp.com\/riisa.net\/wp-content\/uploads\/2020\/08\/keittio-taso-konmari.jpg?w=1536&amp;ssl=1 1536w, https:\/\/i0.wp.com\/riisa.net\/wp-content\/uploads\/2020\/08\/keittio-taso-konmari.jpg?resize=240%2C300&amp;ssl=1 240w, https:\/\/i0.wp.com\/riisa.net\/wp-content\/uploads\/2020\/08\/keittio-taso-konmari.jpg?resize=768%2C960&amp;ssl=1 768w, https:\/\/i0.wp.com\/riisa.net\/wp-content\/uploads\/2020\/08\/keittio-taso-konmari.jpg?resize=819%2C1024&amp;ssl=1 819w, https:\/\/i0.wp.com\/riisa.net\/wp-content\/uploads\/2020\/08\/keittio-taso-konmari.jpg?resize=1152%2C1440&amp;ssl=1 1152w\" sizes=\"auto, (max-width: 392px) 100vw, 392px\" data-attachment-id=\"3290\" data-permalink=\"https:\/\/riisa.net\/index.php\/2020\/08\/28\/keittio-jossa-arki-toimii-ja-kaikelle-on-paikka\/keittio-taso-konmari\/\" data-orig-file=\"https:\/\/i0.wp.com\/riisa.net\/wp-content\/uploads\/2020\/08\/keittio-taso-konmari.jpg?fit=1536%2C1920&amp;ssl=1\" data-orig-size=\"1536,1920\" data-comments-opened=\"1\" data-image-meta=\"{&quot;aperture&quot;:&quot;0&quot;,&quot;credit&quot;:&quot;&quot;,&quot;camera&quot;:&quot;&quot;,&quot;caption&quot;:&quot;&quot;,&quot;created_timestamp&quot;:&quot;0&quot;,&quot;copyright&quot;:&quot;&quot;,&quot;focal_length&quot;:&quot;0&quot;,&quot;iso&quot;:&quot;0&quot;,&quot;shutter_speed&quot;:&quot;0&quot;,&quot;title&quot;:&quot;&quot;,&quot;orientation&quot;:&quot;0&quot;}\" data-image-title=\"keittio-taso-konmari\" data-image-description=\"\" data-image-caption=\"&lt;p&gt;Hedelm\u00e4t ajelehtivat aluksi ymp\u00e4ri keitti\u00f6t\u00e4, kunnes p\u00e4\u00e4tin koota ne saarekkeelle tarjottimelle. Kasvien ja kynttil\u00f6iden kanssa ne muodostavat kauniin asetelman.&lt;\/p&gt;\n\" data-large-file=\"https:\/\/i0.wp.com\/riisa.net\/wp-content\/uploads\/2020\/08\/keittio-taso-konmari.jpg?fit=392%2C490&amp;ssl=1\" \/>\n\t\t\t<\/div>\n\t\t\t\t<figcaption class='wp-caption-text gallery-caption' id='gallery-3-3290'>\n\t\t\t\tHedelm\u00e4t ajelehtivat aluksi ymp\u00e4ri keitti\u00f6t\u00e4, kunnes p\u00e4\u00e4tin koota ne saarekkeelle tarjottimelle. Kasvien ja kynttil\u00f6iden kanssa ne muodostavat kauniin asetelman.\n\t\t\t\t<\/figcaption><\/figure>\n\t\t<\/div>\nMiten keitti\u00f6st\u00e4 saisi viel\u00e4kin toimivamman?<\/p>\n<p>Kaiken kaikkiaan olemme olleet tosi tyyty\u00e4visi\u00e4 keitti\u00f6\u00f6mme ja siell\u00e4 kokkaaminen on ollut kivaa ja helppoa. Korona-kev\u00e4\u00e4n\u00e4 keitti\u00f6 onkin ollut ihan tosissaan koetuksella, sill\u00e4 en ole vuosiin laittanut yht\u00e4 paljon ruokaa.<\/p>\n<p>Keitti\u00f6 on vaatekaapin lis\u00e4ksi minulle sellainen paikka, jota yrit\u00e4n kotona kuitenkin iteroida kaiken aikaa pienill\u00e4 muutoksilla toimivammaksi. Koska alkuper\u00e4inen suunnittelu tehtiin niin huolella, mit\u00e4\u00e4n isoja muutoksia ei ole viel\u00e4 kaivannut, mutta esimerkiksi lasi- ja metallinkierr\u00e4tys siirtyi lopullielle paikalleen oltuaan ensin eteisen kaapissa ja etenkin maustelaatikkoa olen yritt\u00e4nyt tuunata toimivammaksi lokerikoilla. Haaveilen viel\u00e4 yhten\u00e4isist\u00e4 lasisista maustepurkeista. Kenties nyt kun kaikelle on v\u00e4hitellen l\u00f6ytynyt hyv\u00e4 paikka, yrit\u00e4n seuraavaksi panostaa siihen, ett\u00e4 my\u00f6s ruokakaapin sisus ja j\u00e4\u00e4kaappi n\u00e4ytt\u00e4isiv\u00e4t viel\u00e4 houkuttelevimmilta. Puhtaus on puoli ruokaa ja silmill\u00e4kin voi sy\u00f6d\u00e4, vai miten se meni?<\/p>\n<figure id=\"attachment_3289\" aria-describedby=\"caption-attachment-3289\" style=\"width: 819px\" class=\"wp-caption aligncenter\"><img data-recalc-dims=\"1\" loading=\"lazy\" decoding=\"async\" data-attachment-id=\"3289\" data-permalink=\"https:\/\/riisa.net\/index.php\/2020\/08\/28\/keittio-jossa-arki-toimii-ja-kaikelle-on-paikka\/keittio-suunnittelu\/\" data-orig-file=\"https:\/\/i0.wp.com\/riisa.net\/wp-content\/uploads\/2020\/08\/keittio-suunnittelu.jpg?fit=1536%2C1920&amp;ssl=1\" data-orig-size=\"1536,1920\" data-comments-opened=\"1\" data-image-meta=\"{&quot;aperture&quot;:&quot;0&quot;,&quot;credit&quot;:&quot;&quot;,&quot;camera&quot;:&quot;&quot;,&quot;caption&quot;:&quot;&quot;,&quot;created_timestamp&quot;:&quot;0&quot;,&quot;copyright&quot;:&quot;&quot;,&quot;focal_length&quot;:&quot;0&quot;,&quot;iso&quot;:&quot;0&quot;,&quot;shutter_speed&quot;:&quot;0&quot;,&quot;title&quot;:&quot;&quot;,&quot;orientation&quot;:&quot;0&quot;}\" data-image-title=\"keittio-suunnittelu\" data-image-description=\"\" data-image-caption=\"\" data-large-file=\"https:\/\/i0.wp.com\/riisa.net\/wp-content\/uploads\/2020\/08\/keittio-suunnittelu.jpg?fit=392%2C490&amp;ssl=1\" src=\"https:\/\/i0.wp.com\/riisa.net\/wp-content\/uploads\/2020\/08\/keittio-suunnittelu.jpg?resize=392%2C490&#038;ssl=1\" class=\"size-large wp-image-3289\" width=\"392\" height=\"490\" alt=\"\" srcset=\"https:\/\/i0.wp.com\/riisa.net\/wp-content\/uploads\/2020\/08\/keittio-suunnittelu.jpg?resize=819%2C1024&amp;ssl=1 819w, https:\/\/i0.wp.com\/riisa.net\/wp-content\/uploads\/2020\/08\/keittio-suunnittelu.jpg?resize=240%2C300&amp;ssl=1 240w, https:\/\/i0.wp.com\/riisa.net\/wp-content\/uploads\/2020\/08\/keittio-suunnittelu.jpg?resize=768%2C960&amp;ssl=1 768w, https:\/\/i0.wp.com\/riisa.net\/wp-content\/uploads\/2020\/08\/keittio-suunnittelu.jpg?resize=1152%2C1440&amp;ssl=1 1152w, https:\/\/i0.wp.com\/riisa.net\/wp-content\/uploads\/2020\/08\/keittio-suunnittelu.jpg?w=1536&amp;ssl=1 1536w\" sizes=\"auto, (max-width: 392px) 100vw, 392px\" \/><figcaption id=\"caption-attachment-3289\" class=\"wp-caption-text\">Keitti\u00f6saarekkeen olkkarin puolelle sijoitimme 30 cm syv\u00e4t kaapit, joista l\u00f6ytyv\u00e4t kaikki kotimme kirjat, juhlatarvikkeita, kynttil\u00e4t ja muuta kattauksissa k\u00e4ytett\u00e4v\u00e4\u00e4 tavaraa. Varsi-imuri jotenkin j\u00e4m\u00e4hti muutossa keitti\u00f6n p\u00e4\u00e4tyyn, koska sit\u00e4 on niin k\u00e4tev\u00e4\u00e4 k\u00e4ytell\u00e4 siit\u00e4. Yrit\u00e4n yh\u00e4 keksi\u00e4 sille toista paikkaa, jossa se olisi v\u00e4hemm\u00e4n kulkuv\u00e4yl\u00e4ll\u00e4.<\/figcaption><\/figure>\n","protected":false},"excerpt":{"rendered":"<p>Olen aina haaveillut, ett\u00e4 p\u00e4\u00e4sisin toteuttamaan juuri sellaisen keitti\u00f6n, joka vastaisi omia toiveita, makua ja tarpeita. Uudessa kodissamme t\u00e4m\u00e4 haave toteutui.<\/p>\n","protected":false},"author":2,"featured_media":3288,"comment_status":"open","ping_status":"open","sticky":false,"template":"","format":"standard","meta":{"advanced_seo_description":"","jetpack_seo_html_title":"","jetpack_seo_noindex":false,"jetpack_post_was_ever_published":false,"_jetpack_newsletter_access":"","_jetpack_dont_email_post_to_subs":false,"_jetpack_newsletter_tier_id":0,"_jetpack_memberships_contains_paywalled_content":false,"_jetpack_memberships_contains_paid_content":false,"footnotes":""},"categories":[60,16,51],"tags":[106,100],"class_list":["post-3282","post","type-post","status-publish","format-standard","has-post-thumbnail","hentry","category-keittio","category-sisustus_ja_tyyli","category-sisustus","tag-konmari","tag-redinmajakka"],"jetpack_featured_media_url":"https:\/\/i0.wp.com\/riisa.net\/wp-content\/uploads\/2020\/08\/konmaroitu-keittio.jpg?fit=1920%2C1080&ssl=1","jetpack_sharing_enabled":true,"jetpack_shortlink":"https:\/\/wp.me\/p9vavA-QW","jetpack_likes_enabled":true,"jetpack-related-posts":[{"id":3220,"url":"https:\/\/riisa.net\/index.php\/2019\/11\/10\/jaahyvaiset-vanhalle-kodille\/","url_meta":{"origin":3282,"position":0},"title":"J\u00e4\u00e4hyv\u00e4iset vanhalle kodille","author":"Riisa","date":"10.11.2019","format":false,"excerpt":"Uuden el\u00e4m\u00e4n ja uuden kodin odotus on kest\u00e4nyt meid\u00e4n kohdallamme aika pitk\u00e4\u00e4n. Ehk\u00e4 jopa pidemp\u00e4\u00e4n kuin normaali omakotitaloprojekti rakennuslupineen kaikkineen \u2013 varasimme asuntomme uudiskohteesta Kalasataman Majakasta jo alkuvuodesta 2016. Nyt on aika j\u00e4tt\u00e4\u00e4 j\u00e4\u00e4hyv\u00e4iset Mechelininkadulle. Pitk\u00e4 odotus loppuu haikeuteen Kohta tulee kuluneeksi nelj\u00e4 vuotta siit\u00e4, kun p\u00e4\u00e4timme, ett\u00e4 muutamme Kalasatamaan,\u2026","rel":"","context":"Kategoriassa &quot;Keitti\u00f6&quot;","block_context":{"text":"Keitti\u00f6","link":"https:\/\/riisa.net\/index.php\/category\/sisustus_ja_tyyli\/sisustus\/keittio\/"},"img":{"alt_text":"","src":"https:\/\/i0.wp.com\/riisa.net\/wp-content\/uploads\/2019\/11\/3.jpeg?fit=1200%2C799&ssl=1&resize=350%2C200","width":350,"height":200,"srcset":"https:\/\/i0.wp.com\/riisa.net\/wp-content\/uploads\/2019\/11\/3.jpeg?fit=1200%2C799&ssl=1&resize=350%2C200 1x, https:\/\/i0.wp.com\/riisa.net\/wp-content\/uploads\/2019\/11\/3.jpeg?fit=1200%2C799&ssl=1&resize=525%2C300 1.5x, https:\/\/i0.wp.com\/riisa.net\/wp-content\/uploads\/2019\/11\/3.jpeg?fit=1200%2C799&ssl=1&resize=700%2C400 2x, https:\/\/i0.wp.com\/riisa.net\/wp-content\/uploads\/2019\/11\/3.jpeg?fit=1200%2C799&ssl=1&resize=1050%2C600 3x"},"classes":[]},{"id":921,"url":"https:\/\/riisa.net\/index.php\/2011\/07\/01\/kun-remonttikuume-katosi\/","url_meta":{"origin":3282,"position":1},"title":"Kun remonttikuume katosi","author":"Riisa","date":"1.7.2011","format":false,"excerpt":"Olen aina haaveillut siit\u00e4, ett\u00e4 viel\u00e4 joskus p\u00e4\u00e4sen maalaamaan oman kotini sein\u00e4t ja suunnittelemaan sisustuksen viimeist\u00e4 piirua my\u00f6ten mieleni mukaiseksi. Nyt kun t\u00e4m\u00e4 kaikki on k\u00e4sill\u00e4 ja toteutuksen alla, hiipii mieleen kuitenkin kenties jokaista kotiaan remontoivaa kohtaava ahdistus: Tuleeko t\u00e4st\u00e4 oikeasti muka joskus valmista? Oliko t\u00e4m\u00e4 nyt sittenk\u00e4\u00e4n niin hyv\u00e4\u2026","rel":"","context":"Kategoriassa &quot;Koti &amp; Sisustus&quot;","block_context":{"text":"Koti &amp; Sisustus","link":"https:\/\/riisa.net\/index.php\/category\/sisustus_ja_tyyli\/"},"img":{"alt_text":"","src":"https:\/\/i0.wp.com\/riisa.net\/wp-content\/uploads\/2011\/07\/remonttikauhut2.jpg?resize=350%2C200","width":350,"height":200,"srcset":"https:\/\/i0.wp.com\/riisa.net\/wp-content\/uploads\/2011\/07\/remonttikauhut2.jpg?resize=350%2C200 1x, https:\/\/i0.wp.com\/riisa.net\/wp-content\/uploads\/2011\/07\/remonttikauhut2.jpg?resize=525%2C300 1.5x"},"classes":[]},{"id":3082,"url":"https:\/\/riisa.net\/index.php\/2018\/02\/17\/keittio-kahvilahengessa\/","url_meta":{"origin":3282,"position":2},"title":"Keitti\u00f6 kahvilahengess\u00e4","author":"Riisa","date":"17.2.2018","format":false,"excerpt":"Tulevan kotimme keitti\u00f6n suunnittelu oli aikaa viev\u00e4 projekti, eik\u00e4 valintojen tekeminen kodin t\u00e4rkeimm\u00e4ss\u00e4 huoneessa ollut helppoa. Kahvila-tunnelmaa henkiv\u00e4 keitti\u00f6 tulee olemaan kuitenkin kaiken vaivan v\u00e4\u00e4rti!","rel":"","context":"Kategoriassa &quot;Keitti\u00f6&quot;","block_context":{"text":"Keitti\u00f6","link":"https:\/\/riisa.net\/index.php\/category\/sisustus_ja_tyyli\/sisustus\/keittio\/"},"img":{"alt_text":"","src":"https:\/\/i0.wp.com\/riisa.net\/wp-content\/uploads\/2018\/02\/redi-majakka-keittio.jpg?fit=1200%2C867&ssl=1&resize=350%2C200","width":350,"height":200,"srcset":"https:\/\/i0.wp.com\/riisa.net\/wp-content\/uploads\/2018\/02\/redi-majakka-keittio.jpg?fit=1200%2C867&ssl=1&resize=350%2C200 1x, https:\/\/i0.wp.com\/riisa.net\/wp-content\/uploads\/2018\/02\/redi-majakka-keittio.jpg?fit=1200%2C867&ssl=1&resize=525%2C300 1.5x, https:\/\/i0.wp.com\/riisa.net\/wp-content\/uploads\/2018\/02\/redi-majakka-keittio.jpg?fit=1200%2C867&ssl=1&resize=700%2C400 2x, https:\/\/i0.wp.com\/riisa.net\/wp-content\/uploads\/2018\/02\/redi-majakka-keittio.jpg?fit=1200%2C867&ssl=1&resize=1050%2C600 3x"},"classes":[]},{"id":1809,"url":"https:\/\/riisa.net\/index.php\/2013\/07\/18\/kahvila-kotona\/","url_meta":{"origin":3282,"position":3},"title":"Kahvila kotona: Paulig Cupsolo Verus","author":"Riisa","date":"18.7.2013","format":false,"excerpt":"Kuten joku on ehk\u00e4 Instagram-kuvista ja Facebookista saattanut huomatakin, minulla k\u00e4vi tuossa v\u00e4h\u00e4n aikaa sitten mielet\u00f6n tuuri! Osallistuin nimitt\u00e4in ihan sattumalta surffaillessa eteeni tulleeseen Fb-kisaan, jossa pystyi voittamaan Pauligin uuden kapselikahvikoneen. Mietin, ett\u00e4 olisipa tuollainen k\u00e4tev\u00e4, kun meill\u00e4 ainut kahvin nauttija olen min\u00e4, ja juon kahvia suhteellisen harvoin, joten yksitt\u00e4iset\u2026","rel":"","context":"Kategoriassa &quot;Keitti\u00f6&quot;","block_context":{"text":"Keitti\u00f6","link":"https:\/\/riisa.net\/index.php\/category\/sisustus_ja_tyyli\/sisustus\/keittio\/"},"img":{"alt_text":"cupsolo paulig kahvi","src":"https:\/\/i0.wp.com\/riisa.net\/wp-content\/uploads\/2013\/07\/kotikahvila-aloitus-1.jpg?resize=350%2C200","width":350,"height":200,"srcset":"https:\/\/i0.wp.com\/riisa.net\/wp-content\/uploads\/2013\/07\/kotikahvila-aloitus-1.jpg?resize=350%2C200 1x, https:\/\/i0.wp.com\/riisa.net\/wp-content\/uploads\/2013\/07\/kotikahvila-aloitus-1.jpg?resize=525%2C300 1.5x"},"classes":[]},{"id":2949,"url":"https:\/\/riisa.net\/index.php\/2017\/05\/20\/tulevan-asunnon-tyyli\/","url_meta":{"origin":3282,"position":4},"title":"Tulevan asunnon tyyli","author":"Riisa","date":"20.5.2017","format":false,"excerpt":"Uutta asuntoa hankkiessa ehk\u00e4 kaikkein mukavinta\u00a0sen lis\u00e4ksi, ett\u00e4 asunto on sinne muutettaessa tuliter\u00e4ss\u00e4 kunnossa, on se, ett\u00e4 kaikki materiaalit ja v\u00e4rit saa ainakin periaatteessa p\u00e4\u00e4tt\u00e4\u00e4 aivan itse lattiasta kattoon. SRV:n valmiissa materiaalivaihtoehdoissa on meid\u00e4n mielest\u00e4 tosi\u00a0hyv\u00e4 pohja l\u00e4hte\u00e4 toteuttamaan meid\u00e4n n\u00e4k\u00f6ist\u00e4mme kotia, mutta sen verran on toki erin\u00e4isi\u00e4 ideoita vuosien\u2026","rel":"","context":"Kategoriassa &quot;Keitti\u00f6&quot;","block_context":{"text":"Keitti\u00f6","link":"https:\/\/riisa.net\/index.php\/category\/sisustus_ja_tyyli\/sisustus\/keittio\/"},"img":{"alt_text":"","src":"https:\/\/i0.wp.com\/riisa.net\/wp-content\/uploads\/2016\/10\/redi-2h-kk-web%402x.jpg?fit=1200%2C701&ssl=1&resize=350%2C200","width":350,"height":200,"srcset":"https:\/\/i0.wp.com\/riisa.net\/wp-content\/uploads\/2016\/10\/redi-2h-kk-web%402x.jpg?fit=1200%2C701&ssl=1&resize=350%2C200 1x, https:\/\/i0.wp.com\/riisa.net\/wp-content\/uploads\/2016\/10\/redi-2h-kk-web%402x.jpg?fit=1200%2C701&ssl=1&resize=525%2C300 1.5x, https:\/\/i0.wp.com\/riisa.net\/wp-content\/uploads\/2016\/10\/redi-2h-kk-web%402x.jpg?fit=1200%2C701&ssl=1&resize=700%2C400 2x, https:\/\/i0.wp.com\/riisa.net\/wp-content\/uploads\/2016\/10\/redi-2h-kk-web%402x.jpg?fit=1200%2C701&ssl=1&resize=1050%2C600 3x"},"classes":[]},{"id":1067,"url":"https:\/\/riisa.net\/index.php\/2011\/09\/17\/keittion-purkkirivistot\/","url_meta":{"origin":3282,"position":5},"title":"Keitti\u00f6n purkkirivist\u00f6t","author":"Riisa","date":"17.9.2011","format":false,"excerpt":"Muuton j\u00e4lkeen keitti\u00f6 oli se paikka, joka oli ensimm\u00e4iseksi valmis el\u00e4m\u00e4\u00e4 varten. Siell\u00e4h\u00e4n se p\u00e4\u00e4s\u00e4\u00e4nt\u00f6inen remontoiminenkin tapahtui, joten kenties siksi siihen panosti muutenkin alkuunsa eniten. Silti kaikki pieni viimeistely on yh\u00e4 v\u00e4h\u00e4n kesken, ja esimerkiksi niin k\u00e4sitt\u00e4m\u00e4tt\u00f6m\u00e4n saamatonta kuin se onkin, my\u00f6s metallinen tanko koukkujen ripustamista varten on yh\u00e4 kiinitt\u00e4m\u00e4tt\u00e4\u2026","rel":"","context":"Kategoriassa &quot;Keitti\u00f6&quot;","block_context":{"text":"Keitti\u00f6","link":"https:\/\/riisa.net\/index.php\/category\/sisustus_ja_tyyli\/sisustus\/keittio\/"},"img":{"alt_text":"","src":"https:\/\/i0.wp.com\/riisa.net\/wp-content\/uploads\/2011\/09\/keittiopurkit-2.jpg?resize=350%2C200","width":350,"height":200,"srcset":"https:\/\/i0.wp.com\/riisa.net\/wp-content\/uploads\/2011\/09\/keittiopurkit-2.jpg?resize=350%2C200 1x, https:\/\/i0.wp.com\/riisa.net\/wp-content\/uploads\/2011\/09\/keittiopurkit-2.jpg?resize=525%2C300 1.5x"},"classes":[]}],"_links":{"self":[{"href":"https:\/\/riisa.net\/index.php\/wp-json\/wp\/v2\/posts\/3282","targetHints":{"allow":["GET"]}}],"collection":[{"href":"https:\/\/riisa.net\/index.php\/wp-json\/wp\/v2\/posts"}],"about":[{"href":"https:\/\/riisa.net\/index.php\/wp-json\/wp\/v2\/types\/post"}],"author":[{"embeddable":true,"href":"https:\/\/riisa.net\/index.php\/wp-json\/wp\/v2\/users\/2"}],"replies":[{"embeddable":true,"href":"https:\/\/riisa.net\/index.php\/wp-json\/wp\/v2\/comments?post=3282"}],"version-history":[{"count":11,"href":"https:\/\/riisa.net\/index.php\/wp-json\/wp\/v2\/posts\/3282\/revisions"}],"predecessor-version":[{"id":3328,"href":"https:\/\/riisa.net\/index.php\/wp-json\/wp\/v2\/posts\/3282\/revisions\/3328"}],"wp:featuredmedia":[{"embeddable":true,"href":"https:\/\/riisa.net\/index.php\/wp-json\/wp\/v2\/media\/3288"}],"wp:attachment":[{"href":"https:\/\/riisa.net\/index.php\/wp-json\/wp\/v2\/media?parent=3282"}],"wp:term":[{"taxonomy":"category","embeddable":true,"href":"https:\/\/riisa.net\/index.php\/wp-json\/wp\/v2\/categories?post=3282"},{"taxonomy":"post_tag","embeddable":true,"href":"https:\/\/riisa.net\/index.php\/wp-json\/wp\/v2\/tags?post=3282"}],"curies":[{"name":"wp","href":"https:\/\/api.w.org\/{rel}","templated":true}]}}