{"id":754,"date":"2011-05-07T13:47:25","date_gmt":"2011-05-07T10:47:25","guid":{"rendered":"http:\/\/riisa.net\/?p=754"},"modified":"2014-03-22T22:05:18","modified_gmt":"2014-03-22T19:05:18","slug":"vintage-henkinen-kaulakello-loytyi-vihdoin","status":"publish","type":"post","link":"https:\/\/riisa.net\/index.php\/2011\/05\/07\/vintage-henkinen-kaulakello-loytyi-vihdoin\/","title":{"rendered":"Vintage-henkinen kaulakello l\u00f6ytyi vihdoin"},"content":{"rendered":"<p><img data-recalc-dims=\"1\" loading=\"lazy\" decoding=\"async\" class=\"aligncenter\" alt=\"\" src=\"https:\/\/i0.wp.com\/riisa.net\/wp-content\/uploads\/2011\/05\/korukello.jpg?resize=392%2C196\" width=\"392\" height=\"196\" \/><\/p>\n<p>Asuessani Japanissa kiertelin lukemattomia ihania putiikkeja, joissa myytiin upeita kaulaan ripustettavia korukelloja. Odotin kuitenkin aina, ett\u00e4 l\u00f6yt\u00e4isin viel\u00e4 t\u00e4ydellisemm\u00e4n yksil\u00f6n, enk\u00e4 hankkinut kelloa. Ja niinh\u00e4n siin\u00e4 sitten k\u00e4vi, ett\u00e4 kaulakello j\u00e4i kokonaan ostamatta. Niinp\u00e4 sainkin Eerolta tammikuussa syntym\u00e4p\u00e4iv\u00e4lahjaksi lupauksen, ett\u00e4 h\u00e4n hankkii minulle kaipailemani kaulakellon, kun sellainen tulee vastaan. Kun sitten t\u00e4ll\u00e4 viikolla Kampissa aikaa tappaessani edess\u00e4ni riippui konstailemattoman yksinkertainen, kaunis korukello hennolla vintage-henkisell\u00e4 patinoinnilla, tiesin, ett\u00e4 t\u00e4ss\u00e4 se nyt on. Rahat tiskiin, kello kaulaan ja voitonriemuinen hymy naamalle.<\/p>\n<p>Toivon, ett\u00e4 kello palvelee minua pitk\u00e4\u00e4n \u2013 ainakin pidemp\u00e4\u00e4n kuin edelt\u00e4j\u00e4ns\u00e4, japanista hankittu rannekello. Vaikka sit\u00e4 kaulakelloa en Tokiosta hankkinutkaan, l\u00f6ysin kyll\u00e4 nimitt\u00e4in t\u00e4ydellisen ohutremmisen, persoonallisen kellon ranteeseeni. Suureksi harmikseni kadotin sen viime vuonna (jos joku kaveri tai perheenj\u00e4sen on l\u00f6yt\u00e4nyt kotoaan tuntemattoman kellon, ottakaa yhteytt\u00e4!). El\u00e4ttelen yh\u00e4 toiveita, ett\u00e4 kello l\u00f6ytyisi muuton yhteydess\u00e4 joko minun tai Eeron kotoa, koska en min\u00e4 nyt rannekelloa ole voinut tipauttaakaan minnek\u00e4\u00e4n. Mik\u00e4li sit\u00e4 ei l\u00f6ydy, on kenties mahdollista, ett\u00e4 se on j\u00e4\u00e4nyt vaikkapa hotelliin Ruotsissa, laivalle, t\u00f6ihin tai jonnekin muuhun vastaavaan paikkaan, jossa olen sen k\u00e4dest\u00e4ni riisunut.<\/p>\n<p style=\"text-align: center;\"><a href=\"https:\/\/i0.wp.com\/riisa.net\/wp-content\/uploads\/2011\/05\/rannekello_japanista.jpg\"><img data-recalc-dims=\"1\" loading=\"lazy\" decoding=\"async\" data-attachment-id=\"756\" data-permalink=\"https:\/\/riisa.net\/index.php\/2011\/05\/07\/vintage-henkinen-kaulakello-loytyi-vihdoin\/rannekello_japanista\/\" data-orig-file=\"https:\/\/i0.wp.com\/riisa.net\/wp-content\/uploads\/2011\/05\/rannekello_japanista.jpg?fit=600%2C300&amp;ssl=1\" data-orig-size=\"600,300\" data-comments-opened=\"1\" data-image-meta=\"{&quot;aperture&quot;:&quot;1.8&quot;,&quot;credit&quot;:&quot;&quot;,&quot;camera&quot;:&quot;Canon EOS Kiss X2&quot;,&quot;caption&quot;:&quot;&quot;,&quot;created_timestamp&quot;:&quot;1257794817&quot;,&quot;copyright&quot;:&quot;&quot;,&quot;focal_length&quot;:&quot;50&quot;,&quot;iso&quot;:&quot;400&quot;,&quot;shutter_speed&quot;:&quot;0.01&quot;,&quot;title&quot;:&quot;&quot;}\" data-image-title=\"Rannekello Japanista\" data-image-description=\"\" data-image-caption=\"\" data-large-file=\"https:\/\/i0.wp.com\/riisa.net\/wp-content\/uploads\/2011\/05\/rannekello_japanista.jpg?fit=392%2C196&amp;ssl=1\" class=\"aligncenter size-full wp-image-756\" title=\"Rannekello Japanista\" alt=\"\" src=\"https:\/\/i0.wp.com\/riisa.net\/wp-content\/uploads\/2011\/05\/rannekello_japanista.jpg?resize=392%2C196\" width=\"392\" height=\"196\" srcset=\"https:\/\/i0.wp.com\/riisa.net\/wp-content\/uploads\/2011\/05\/rannekello_japanista.jpg?w=600&amp;ssl=1 600w, https:\/\/i0.wp.com\/riisa.net\/wp-content\/uploads\/2011\/05\/rannekello_japanista.jpg?resize=300%2C150&amp;ssl=1 300w\" sizes=\"auto, (max-width: 392px) 100vw, 392px\" \/><\/a><em><span style=\"color: #888888;\">R.I.P. rakas rannekelloni.<\/span><\/em><\/p>\n","protected":false},"excerpt":{"rendered":"<p>Asuessani Japanissa kiertelin lukemattomia ihania putiikkeja, joissa myytiin upeita kaulaan ripustettavia korukelloja. Odotin kuitenkin aina, ett\u00e4 l\u00f6yt\u00e4isin viel\u00e4 t\u00e4ydellisemm\u00e4n yksil\u00f6n, enk\u00e4 hankkinut kelloa. Ja niinh\u00e4n &hellip;<\/p>\n","protected":false},"author":2,"featured_media":0,"comment_status":"open","ping_status":"open","sticky":false,"template":"","format":"standard","meta":{"advanced_seo_description":"","jetpack_seo_html_title":"","jetpack_seo_noindex":false,"jetpack_post_was_ever_published":false,"_jetpack_newsletter_access":"","_jetpack_dont_email_post_to_subs":false,"_jetpack_newsletter_tier_id":0,"_jetpack_memberships_contains_paywalled_content":false,"_jetpack_memberships_contains_paid_content":false,"footnotes":""},"categories":[16,28],"tags":[],"class_list":["post-754","post","type-post","status-publish","format-standard","hentry","category-sisustus_ja_tyyli","category-vaatteet_ja_asusteet"],"jetpack_featured_media_url":"","jetpack_sharing_enabled":true,"jetpack_shortlink":"https:\/\/wp.me\/p9vavA-ca","jetpack_likes_enabled":true,"jetpack-related-posts":[{"id":889,"url":"https:\/\/riisa.net\/index.php\/2011\/06\/12\/muutto-lahestyy-ja-suunnitelmat-valmistuu\/","url_meta":{"origin":754,"position":0},"title":"Muutto l\u00e4hestyy ja suunnitelmat valmistuu","author":"Riisa","date":"12.6.2011","format":false,"excerpt":"Ellen olisi kokenut er\u00e4st\u00e4 kev\u00e4tt\u00e4 pari vuotta sitten, sanoisin, ett\u00e4 t\u00e4m\u00e4 kes\u00e4kuu on ollut stressaavinta aikaa el\u00e4m\u00e4ss\u00e4ni. T\u00f6ihin pit\u00e4\u00e4 her\u00e4t\u00e4 aamulla joskus puoli seitsem\u00e4n aikaan ja olen usein vasta kotona illalla kuuden j\u00e4lkeen. Jotta saisi tarpeeksi unta ty\u00f6vireen s\u00e4ilytt\u00e4miseksi, ei siis liiemmin j\u00e4\u00e4 aikaa millek\u00e4\u00e4n vapaa-ajalle, saati ett\u00e4 jaksaisi t\u00f6iden\u2026","rel":"","context":"Kategoriassa &quot;Koti &amp; Sisustus&quot;","block_context":{"text":"Koti &amp; Sisustus","link":"https:\/\/riisa.net\/index.php\/category\/sisustus_ja_tyyli\/"},"img":{"alt_text":"","src":"https:\/\/i0.wp.com\/riisa.net\/wp-content\/uploads\/2011\/06\/keittioon_3d.jpg?resize=350%2C200","width":350,"height":200,"srcset":"https:\/\/i0.wp.com\/riisa.net\/wp-content\/uploads\/2011\/06\/keittioon_3d.jpg?resize=350%2C200 1x, https:\/\/i0.wp.com\/riisa.net\/wp-content\/uploads\/2011\/06\/keittioon_3d.jpg?resize=525%2C300 1.5x"},"classes":[]},{"id":2600,"url":"https:\/\/riisa.net\/index.php\/2014\/07\/25\/kun-tokio-on-nahty\/","url_meta":{"origin":754,"position":1},"title":"Kun Tokio on n\u00e4hty","author":"Riisa","date":"25.7.2014","format":false,"excerpt":"Ei, en suinkaan ole kyll\u00e4stynyt. Ei se t\u00e4ss\u00e4 kaupungissa ole mahdollista. P\u00e4invastoin, vihdoin tuntuu, ett\u00e4 p\u00e4\u00e4sen nauttimaan Tokiossa olosta vapaasti, t\u00e4ysill\u00e4, juuri siten, kuin minusta kullakin hetkell\u00e4 tuntuu hyv\u00e4lt\u00e4.","rel":"","context":"Kategoriassa &quot;Japani&quot;","block_context":{"text":"Japani","link":"https:\/\/riisa.net\/index.php\/category\/matkailu\/japani-matkailu\/"},"img":{"alt_text":"","src":"","width":0,"height":0},"classes":[]},{"id":946,"url":"https:\/\/riisa.net\/index.php\/2011\/07\/28\/remontin-huumaa\/","url_meta":{"origin":754,"position":2},"title":"Remontin huumaa","author":"Riisa","date":"28.7.2011","format":false,"excerpt":"Kuten hiljaiselosta kenties on k\u00e4ynyt ilmi, olemme vihdoin p\u00e4\u00e4sseet tositoimiin. Remppa alkoi k\u00e4mp\u00e4ss\u00e4 heti hein\u00e4kuun alussa. Ensimm\u00e4isen\u00e4 p\u00e4iv\u00e4n\u00e4 huoneistosta kaadettiin keitti\u00f6n ja olohuoneen v\u00e4linen sein\u00e4, joka teki molemmista huoneista aivan turhan kapeat. Remonttimiehet olivat tavatessamme my\u00f6s positiivisia siit\u00e4, ett\u00e4 makuuhuoneen sein\u00e4syvennyksest\u00e4 saa muutaman sentin leve\u00e4mm\u00e4n siistim\u00e4ll\u00e4 vanhat rappaukset sivuseinist\u00e4. Eero\u2026","rel":"","context":"Kategoriassa &quot;Koti &amp; Sisustus&quot;","block_context":{"text":"Koti &amp; Sisustus","link":"https:\/\/riisa.net\/index.php\/category\/sisustus_ja_tyyli\/"},"img":{"alt_text":"","src":"https:\/\/i0.wp.com\/riisa.net\/wp-content\/uploads\/2011\/07\/remonttietenee1.jpg?resize=350%2C200","width":350,"height":200,"srcset":"https:\/\/i0.wp.com\/riisa.net\/wp-content\/uploads\/2011\/07\/remonttietenee1.jpg?resize=350%2C200 1x, https:\/\/i0.wp.com\/riisa.net\/wp-content\/uploads\/2011\/07\/remonttietenee1.jpg?resize=525%2C300 1.5x"},"classes":[]},{"id":131,"url":"https:\/\/riisa.net\/index.php\/2008\/07\/04\/brysselin-luotettava-posti\/","url_meta":{"origin":754,"position":3},"title":"Brysselin luotettava posti","author":"Riisa","date":"4.7.2008","format":false,"excerpt":"Tilasinpa sitten haluamani kirjan Amazonista, kun se l\u00e4hti tosiaan 20 euroa halvemmalla kuin mist\u00e4\u00e4n muualta etsim\u00e4st\u00e4ni paikasta - postimaksujen kanssa! Paketti oli l\u00e4hetetty matkaan USA:sta jo t\u00e4n\u00e4\u00e4n, vaikka arvioitu l\u00e4hett\u00e4misp\u00e4iv\u00e4 oli vasta ensi viikolla. Arvioitu saapumisp\u00e4iv\u00e4 valitsemallani hitaimmalla ja halvimmalla postitusvaihtoehdolla oli vasta elokuun puolella. Luulen jotenkin, ett\u00e4 he ottavat\u2026","rel":"","context":"Kategoriassa &quot;Belgia&quot;","block_context":{"text":"Belgia","link":"https:\/\/riisa.net\/index.php\/category\/matkailu\/belgia\/"},"img":{"alt_text":"","src":"","width":0,"height":0},"classes":[]},{"id":2941,"url":"https:\/\/riisa.net\/index.php\/2017\/05\/16\/uusi-koti-korkeuksista\/","url_meta":{"origin":754,"position":4},"title":"Uusi koti korkeuksista","author":"Riisa","date":"16.5.2017","format":false,"excerpt":"Nykyinen asunto on ollut meille viimeiset 6\u00a0vuotta ihana ja t\u00e4ydellinen koti. Vanha 1930-luvun taitteessa rakennettu talo on hurmannut alusta saakka korkeilla huoneillaan ja leveill\u00e4 ikkunalaudoillaan\u00a0ja\u00a0sijainti T\u00f6\u00f6l\u00f6ss\u00e4 on ollut todella k\u00e4tev\u00e4. Mieless\u00e4 on kuitenkin pitk\u00e4\u00e4n siint\u00e4nyt v\u00e4h\u00e4n enemm\u00e4n neli\u00f6it\u00e4\u00a0ja t\u00e4ysin omalla maulla remontoitu koti. Enp\u00e4 olisi heti kuitenkaan arvannut, ett\u00e4 se\u2026","rel":"","context":"Kategoriassa &quot;Koti &amp; Sisustus&quot;","block_context":{"text":"Koti &amp; Sisustus","link":"https:\/\/riisa.net\/index.php\/category\/sisustus_ja_tyyli\/"},"img":{"alt_text":"","src":"https:\/\/i0.wp.com\/riisa.net\/wp-content\/uploads\/2016\/10\/redi-general.jpg?fit=1200%2C623&ssl=1&resize=350%2C200","width":350,"height":200,"srcset":"https:\/\/i0.wp.com\/riisa.net\/wp-content\/uploads\/2016\/10\/redi-general.jpg?fit=1200%2C623&ssl=1&resize=350%2C200 1x, https:\/\/i0.wp.com\/riisa.net\/wp-content\/uploads\/2016\/10\/redi-general.jpg?fit=1200%2C623&ssl=1&resize=525%2C300 1.5x, https:\/\/i0.wp.com\/riisa.net\/wp-content\/uploads\/2016\/10\/redi-general.jpg?fit=1200%2C623&ssl=1&resize=700%2C400 2x, https:\/\/i0.wp.com\/riisa.net\/wp-content\/uploads\/2016\/10\/redi-general.jpg?fit=1200%2C623&ssl=1&resize=1050%2C600 3x"},"classes":[]},{"id":1579,"url":"https:\/\/riisa.net\/index.php\/2013\/03\/02\/sisustusideoita-ellokselta\/","url_meta":{"origin":754,"position":5},"title":"Sisustusideoita Ellokselta","author":"Riisa","date":"2.3.2013","format":false,"excerpt":"Surffailin yksi p\u00e4iv\u00e4 netiss\u00e4 ja eksyin Elloksen sivuille. Olen tainnut viimeksi tilata Ellokselta jotain joskus vuosia sitten, kun kotona oli tapana, ett\u00e4 vaatteita ostettiin kerran tai kaksi kertaa vuodessa Elloksen postimyynnist\u00e4 tilaten \u2013 se kun oli paljon k\u00e4tev\u00e4mp\u00e4\u00e4 maalla asuessa, kun kaupat olivat kaukana ja liikevalikoima l\u00e4hiseudulla silloin huomattavasti pienempi\u2026","rel":"","context":"Kategoriassa &quot;Koti &amp; Sisustus&quot;","block_context":{"text":"Koti &amp; Sisustus","link":"https:\/\/riisa.net\/index.php\/category\/sisustus_ja_tyyli\/"},"img":{"alt_text":"","src":"https:\/\/i0.wp.com\/riisa.net\/wp-content\/uploads\/2013\/03\/ellos-sisustus.jpg?resize=350%2C200","width":350,"height":200,"srcset":"https:\/\/i0.wp.com\/riisa.net\/wp-content\/uploads\/2013\/03\/ellos-sisustus.jpg?resize=350%2C200 1x, https:\/\/i0.wp.com\/riisa.net\/wp-content\/uploads\/2013\/03\/ellos-sisustus.jpg?resize=525%2C300 1.5x"},"classes":[]}],"_links":{"self":[{"href":"https:\/\/riisa.net\/index.php\/wp-json\/wp\/v2\/posts\/754","targetHints":{"allow":["GET"]}}],"collection":[{"href":"https:\/\/riisa.net\/index.php\/wp-json\/wp\/v2\/posts"}],"about":[{"href":"https:\/\/riisa.net\/index.php\/wp-json\/wp\/v2\/types\/post"}],"author":[{"embeddable":true,"href":"https:\/\/riisa.net\/index.php\/wp-json\/wp\/v2\/users\/2"}],"replies":[{"embeddable":true,"href":"https:\/\/riisa.net\/index.php\/wp-json\/wp\/v2\/comments?post=754"}],"version-history":[{"count":3,"href":"https:\/\/riisa.net\/index.php\/wp-json\/wp\/v2\/posts\/754\/revisions"}],"predecessor-version":[{"id":2246,"href":"https:\/\/riisa.net\/index.php\/wp-json\/wp\/v2\/posts\/754\/revisions\/2246"}],"wp:attachment":[{"href":"https:\/\/riisa.net\/index.php\/wp-json\/wp\/v2\/media?parent=754"}],"wp:term":[{"taxonomy":"category","embeddable":true,"href":"https:\/\/riisa.net\/index.php\/wp-json\/wp\/v2\/categories?post=754"},{"taxonomy":"post_tag","embeddable":true,"href":"https:\/\/riisa.net\/index.php\/wp-json\/wp\/v2\/tags?post=754"}],"curies":[{"name":"wp","href":"https:\/\/api.w.org\/{rel}","templated":true}]}}