{"id":904,"date":"2011-06-19T13:58:12","date_gmt":"2011-06-19T10:58:12","guid":{"rendered":"http:\/\/riisa.net\/?p=904"},"modified":"2014-03-22T21:19:12","modified_gmt":"2014-03-22T18:19:12","slug":"bussisketchailua-2","status":"publish","type":"post","link":"https:\/\/riisa.net\/index.php\/2011\/06\/19\/bussisketchailua-2\/","title":{"rendered":"Bussi-sketchailua 2"},"content":{"rendered":"<p><img data-recalc-dims=\"1\" loading=\"lazy\" decoding=\"async\" class=\"aligncenter\" alt=\"\" src=\"https:\/\/i0.wp.com\/riisa.net\/wp-content\/uploads\/2011\/06\/bussisketchit2_eka.jpg?resize=392%2C196\" width=\"392\" height=\"196\" \/><\/p>\n<p>Bussisketchailusta on tullut jo t\u00e4ss\u00e4 muutaman viikon aikana tapa. Piirtelen l\u00e4hes joka bussimatkalla ainakin yhden hahmon, riippuen hieman siit\u00e4, kuinka paljon minua nukuttaa. Viime viikko oli aika uninen, joten moni matka meni osittain viimeisiin nokosiin ennen ty\u00f6p\u00e4iv\u00e4n alkua, mutta siit\u00e4 huolimatta luonnoslehti\u00f6st\u00e4ni on piirrelty jo kolmas osa. Tosin joka sivulle mahtuu kyll\u00e4 viel\u00e4 paljon piirroksia, sill\u00e4 bussissa olen virheviivojen vuoksi koettanut piirt\u00e4\u00e4 suhteellisen harvaan.<\/p>\n<p>T\u00e4m\u00e4n kertaisissa kuvissa paksu huivi, pussittava hame, ja oikeanpuolimmaisen tyt\u00f6n hattu, pitk\u00e4vartiset keng\u00e4t sek\u00e4 shortsien ja pitk\u00e4n t-paidan yhdistelm\u00e4 ovat lainauksia eri kanssamatkustajieni tyylivalinnoista yhdistettyn\u00e4 mielikuvitukseni tuotteisiin.<\/p>\n<p><a href=\"https:\/\/i0.wp.com\/riisa.net\/wp-content\/uploads\/2011\/06\/bussisketchit2.jpg\"><img data-recalc-dims=\"1\" loading=\"lazy\" decoding=\"async\" data-attachment-id=\"906\" data-permalink=\"https:\/\/riisa.net\/index.php\/2011\/06\/19\/bussisketchailua-2\/bussisketchit2\/\" data-orig-file=\"https:\/\/i0.wp.com\/riisa.net\/wp-content\/uploads\/2011\/06\/bussisketchit2.jpg?fit=600%2C505&amp;ssl=1\" data-orig-size=\"600,505\" data-comments-opened=\"1\" data-image-meta=\"{&quot;aperture&quot;:&quot;0&quot;,&quot;credit&quot;:&quot;&quot;,&quot;camera&quot;:&quot;&quot;,&quot;caption&quot;:&quot;&quot;,&quot;created_timestamp&quot;:&quot;0&quot;,&quot;copyright&quot;:&quot;&quot;,&quot;focal_length&quot;:&quot;0&quot;,&quot;iso&quot;:&quot;0&quot;,&quot;shutter_speed&quot;:&quot;0&quot;,&quot;title&quot;:&quot;&quot;}\" data-image-title=\"bussisketchit2\" data-image-description=\"\" data-image-caption=\"\" data-large-file=\"https:\/\/i0.wp.com\/riisa.net\/wp-content\/uploads\/2011\/06\/bussisketchit2.jpg?fit=392%2C330&amp;ssl=1\" class=\"aligncenter size-full wp-image-906\" title=\"bussisketchit2\" alt=\"\" src=\"https:\/\/i0.wp.com\/riisa.net\/wp-content\/uploads\/2011\/06\/bussisketchit2.jpg?resize=392%2C330\" width=\"392\" height=\"330\" srcset=\"https:\/\/i0.wp.com\/riisa.net\/wp-content\/uploads\/2011\/06\/bussisketchit2.jpg?w=600&amp;ssl=1 600w, https:\/\/i0.wp.com\/riisa.net\/wp-content\/uploads\/2011\/06\/bussisketchit2.jpg?resize=300%2C252&amp;ssl=1 300w\" sizes=\"auto, (max-width: 392px) 100vw, 392px\" \/><\/a><\/p>\n","protected":false},"excerpt":{"rendered":"<p>Bussisketchailusta on tullut jo t\u00e4ss\u00e4 muutaman viikon aikana tapa. Piirtelen l\u00e4hes joka bussimatkalla ainakin yhden hahmon, riippuen hieman siit\u00e4, kuinka paljon minua nukuttaa. Viime viikko &hellip;<\/p>\n","protected":false},"author":2,"featured_media":0,"comment_status":"open","ping_status":"open","sticky":false,"template":"","format":"standard","meta":{"advanced_seo_description":"","jetpack_seo_html_title":"","jetpack_seo_noindex":false,"jetpack_post_was_ever_published":false,"_jetpack_newsletter_access":"","_jetpack_dont_email_post_to_subs":false,"_jetpack_newsletter_tier_id":0,"_jetpack_memberships_contains_paywalled_content":false,"_jetpack_memberships_contains_paid_content":false,"footnotes":""},"categories":[17,16,26,28],"tags":[],"class_list":["post-904","post","type-post","status-publish","format-standard","hentry","category-design_ja_taide","category-sisustus_ja_tyyli","category-kuvataide","category-vaatteet_ja_asusteet"],"jetpack_featured_media_url":"","jetpack_sharing_enabled":true,"jetpack_shortlink":"https:\/\/wp.me\/p9vavA-eA","jetpack_likes_enabled":true,"jetpack-related-posts":[{"id":127,"url":"https:\/\/riisa.net\/index.php\/2008\/06\/29\/brysseliin-aupairiksi\/","url_meta":{"origin":904,"position":0},"title":"Brysseliin aupairiksi","author":"Riisa","date":"29.6.2008","format":false,"excerpt":"Perjantaina lento Brysseliin nousi kymmenisen minuuttia my\u00f6h\u00e4ss\u00e4 Helsinki-Vantaalla py\u00f6rineen ukkosmyr\u00e4k\u00e4n takia. Pikkuinen lentokone tutisi noustessa, matkalla ja laskeuduttaessa ik\u00e4v\u00e4sti - isot koneet tuntuvat olevan jotenkin tasaisempia ilmassa. Koneessa tarjottu ruoka oli ihan hyv\u00e4\u00e4, eik\u00e4 parin tunnin lennolla oiken muuta ehtinytk\u00e4\u00e4n tehd\u00e4 kuin sy\u00f6d\u00e4. Istuin vessan vieress\u00e4, jota en suosittele muille\u2026","rel":"","context":"Kategoriassa &quot;Belgia&quot;","block_context":{"text":"Belgia","link":"https:\/\/riisa.net\/index.php\/category\/matkailu\/belgia\/"},"img":{"alt_text":"","src":"","width":0,"height":0},"classes":[]},{"id":1006,"url":"https:\/\/riisa.net\/index.php\/2011\/08\/12\/tyomatka-pyorailya-helsingin-keskustassa\/","url_meta":{"origin":904,"position":1},"title":"Ty\u00f6matka-py\u00f6r\u00e4ily\u00e4 Helsingin keskustassa","author":"Riisa","date":"12.8.2011","format":false,"excerpt":"Muutto keskustaan on helpottanut el\u00e4m\u00e4\u00e4ni monella tavalla. Tietenkin on sanomattakin selv\u00e4\u00e4, ett\u00e4 palveluiden, tapahtumien ja ennen kaikkea rakkaan ihmisen l\u00e4hell\u00e4 asuminen on helppoa ja kivaa. Yksi mukana tulevista hyvist\u00e4 puolista on my\u00f6s (ainakin sen aikaa kun olen Elless\u00e4) ty\u00f6matkan lyheneminen alle varttiin. Kun olen onnistunut l\u00f6yt\u00e4m\u00e4\u00e4n p\u00e4\u00e4asiassa py\u00f6r\u00e4teit\u00e4 kulkevan reitin\u2026","rel":"","context":"Kategoriassa &quot;Liikunta ja hyv\u00e4 olo&quot;","block_context":{"text":"Liikunta ja hyv\u00e4 olo","link":"https:\/\/riisa.net\/index.php\/category\/vapaalla\/liikunta_ja_hyva_olo\/"},"img":{"alt_text":"","src":"https:\/\/i0.wp.com\/riisa.net\/wp-content\/uploads\/2011\/08\/pyoraily-3.jpg?resize=350%2C200","width":350,"height":200,"srcset":"https:\/\/i0.wp.com\/riisa.net\/wp-content\/uploads\/2011\/08\/pyoraily-3.jpg?resize=350%2C200 1x, https:\/\/i0.wp.com\/riisa.net\/wp-content\/uploads\/2011\/08\/pyoraily-3.jpg?resize=525%2C300 1.5x"},"classes":[]},{"id":2984,"url":"https:\/\/riisa.net\/index.php\/2016\/10\/17\/inspiraatio-joka-ei-osu-kohdalleen\/","url_meta":{"origin":904,"position":2},"title":"Inspiraatio, joka ei osu kohdalleen","author":"Riisa","date":"17.10.2016","format":false,"excerpt":"Viime p\u00e4ivin\u00e4 minulla on ollut kova inspiraatio\u00a0kirjoittaa kaikenlaista. \u00a0Olen naputellut\u00a05 blogipostausluonnosta ja pohtinut uusia aiheita fiktiivisille romaaneille.\u00a0Ongelmani on, ett\u00e4 inspiraatio ei osu ihan oikeaan osoitteeseen. T\u00e4ll\u00e4 hetkell\u00e4 olisi muita\u00a0projekteja, joita olisi paljon hy\u00f6dyllisemp\u00e4\u00e4 ja ajankohtaisempaa edist\u00e4\u00e4. Prokrastinoija parhaimmillaan Lieneek\u00f6 kyseess\u00e4 taas yksi prokrastinoijan eli viivyttelij\u00e4n tapa siirt\u00e4\u00e4 my\u00f6hemm\u00e4ksi\u00a0niit\u00e4 oleellisia, k\u00e4sill\u00e4\u2026","rel":"","context":"Kategoriassa &quot;Ajankohtaista&quot;","block_context":{"text":"Ajankohtaista","link":"https:\/\/riisa.net\/index.php\/category\/vapaalla\/ajankohtaista\/"},"img":{"alt_text":"","src":"https:\/\/i0.wp.com\/riisa.net\/wp-content\/uploads\/2016\/10\/pencil-918449_1920.jpg?fit=1200%2C800&ssl=1&resize=350%2C200","width":350,"height":200,"srcset":"https:\/\/i0.wp.com\/riisa.net\/wp-content\/uploads\/2016\/10\/pencil-918449_1920.jpg?fit=1200%2C800&ssl=1&resize=350%2C200 1x, https:\/\/i0.wp.com\/riisa.net\/wp-content\/uploads\/2016\/10\/pencil-918449_1920.jpg?fit=1200%2C800&ssl=1&resize=525%2C300 1.5x, https:\/\/i0.wp.com\/riisa.net\/wp-content\/uploads\/2016\/10\/pencil-918449_1920.jpg?fit=1200%2C800&ssl=1&resize=700%2C400 2x, https:\/\/i0.wp.com\/riisa.net\/wp-content\/uploads\/2016\/10\/pencil-918449_1920.jpg?fit=1200%2C800&ssl=1&resize=1050%2C600 3x"},"classes":[]},{"id":1979,"url":"https:\/\/riisa.net\/index.php\/2014\/03\/02\/arvostelu-polar-loop-aktiivisuusranneke\/","url_meta":{"origin":904,"position":3},"title":"Arvostelu: Polar Loop -aktiivisuusranneke","author":"Riisa","date":"2.3.2014","format":false,"excerpt":"Kuten jo aiemmassa Motivaatiota liikuntaan tekniikasta -postauksessani kirjoittelin, saan liikunnasta hyv\u00e4\u00e4 oloa ja intoa, mutta olen v\u00e4h\u00e4n laiskanpuoleinen, mit\u00e4 tulee varsinaiseen liikkeelle l\u00e4ht\u00f6\u00f6n. Niinp\u00e4 erilaiset terveellisemp\u00e4\u00e4n el\u00e4m\u00e4\u00e4n kannustavat aktiivisuusmittarit ovat kiinnostaneet minua toden teolla jo hyv\u00e4n aikaa. P\u00e4\u00e4tinkin ottaa testiin kotimaisen loppuvuodesta 2013 julkaistun Polarin Loop -aktiivisuusrannekkeen kokeillakseni, tulisiko niit\u00e4\u2026","rel":"","context":"Kategoriassa &quot;Liikunta ja hyv\u00e4 olo&quot;","block_context":{"text":"Liikunta ja hyv\u00e4 olo","link":"https:\/\/riisa.net\/index.php\/category\/vapaalla\/liikunta_ja_hyva_olo\/"},"img":{"alt_text":"Polar Loop arvostelu","src":"https:\/\/i0.wp.com\/riisa.net\/wp-content\/uploads\/2014\/03\/polar-loop-ranteessa.jpg?resize=350%2C200","width":350,"height":200,"srcset":"https:\/\/i0.wp.com\/riisa.net\/wp-content\/uploads\/2014\/03\/polar-loop-ranteessa.jpg?resize=350%2C200 1x, https:\/\/i0.wp.com\/riisa.net\/wp-content\/uploads\/2014\/03\/polar-loop-ranteessa.jpg?resize=525%2C300 1.5x"},"classes":[]},{"id":1113,"url":"https:\/\/riisa.net\/index.php\/2011\/09\/20\/mita-ajasta-ellessa-jai-kateen\/","url_meta":{"origin":904,"position":4},"title":"Mit\u00e4 ajasta Elless\u00e4 j\u00e4i k\u00e4teen?","author":"Riisa","date":"20.9.2011","format":false,"excerpt":".. Ja mit\u00e4 tuokaan tuleva? Kes\u00e4n loma-aikojen ty\u00f6t Elless\u00e4 ja MissMixiss\u00e4 ovat ohi, ja edess\u00e4 on nyt aivan uudet kuviot. Muotilehden v\u00e4lill\u00e4 hektisetkin piirit vaihtuvat nyt hieman erilaisiin ympyr\u00f6ihin, vaikka eih\u00e4n se kiire tai h\u00e4sellys ole toki kaukana mist\u00e4\u00e4n aikakauslehden toimituksesta. Uusi ty\u00f6paikkani graafikkona Hyv\u00e4 Terveys -lehdess\u00e4 tuo eteen j\u00e4nnitt\u00e4vi\u00e4\u2026","rel":"","context":"Kategoriassa &quot;Ajankohtaista&quot;","block_context":{"text":"Ajankohtaista","link":"https:\/\/riisa.net\/index.php\/category\/vapaalla\/ajankohtaista\/"},"img":{"alt_text":"","src":"https:\/\/i0.wp.com\/riisa.net\/wp-content\/uploads\/2011\/09\/uusityo_kukka.jpg?resize=350%2C200","width":350,"height":200,"srcset":"https:\/\/i0.wp.com\/riisa.net\/wp-content\/uploads\/2011\/09\/uusityo_kukka.jpg?resize=350%2C200 1x, https:\/\/i0.wp.com\/riisa.net\/wp-content\/uploads\/2011\/09\/uusityo_kukka.jpg?resize=525%2C300 1.5x"},"classes":[]},{"id":210,"url":"https:\/\/riisa.net\/index.php\/2008\/11\/15\/askarteluilta-kynttilan-valossa\/","url_meta":{"origin":904,"position":5},"title":"Askarteluilta kynttil\u00e4n valossa","author":"Riisa","date":"15.11.2008","format":false,"excerpt":"Torstai-ilta meni taas askarrellessa. Kokoonnuimme muutaman luokkakaverini kanssa j\u00e4lleen valmistelemaan koulumme joulumyyj\u00e4isi\u00e4. Teimme askartelutarpeistamme kivan kollaasin ja valokuvasimme siit\u00e4 julistetaustan, johon toivottavasti saamme sommiteltua maanantaina my\u00f6s tekstit. Yst\u00e4v\u00e4ni oli laittanut kotinsa joulutunnelmaan, joten sain nauttia huovuttamisesta kynttil\u00f6iden valossa pipareita mutustellen. En saanut huoparintaneuloja viel\u00e4 kuitenkaan aivan valmiiksi, vaikka pistelin villoja\u2026","rel":"","context":"Kategoriassa &quot;Askartelu &amp; K\u00e4sity\u00f6&quot;","block_context":{"text":"Askartelu &amp; K\u00e4sity\u00f6","link":"https:\/\/riisa.net\/index.php\/category\/design_ja_taide\/askartelu_ja_kasityo\/"},"img":{"alt_text":"","src":"https:\/\/i0.wp.com\/riisa.net\/wp-content\/uploads\/2011\/04\/tunnelmailta.jpg?resize=350%2C200","width":350,"height":200,"srcset":"https:\/\/i0.wp.com\/riisa.net\/wp-content\/uploads\/2011\/04\/tunnelmailta.jpg?resize=350%2C200 1x, https:\/\/i0.wp.com\/riisa.net\/wp-content\/uploads\/2011\/04\/tunnelmailta.jpg?resize=525%2C300 1.5x"},"classes":[]}],"_links":{"self":[{"href":"https:\/\/riisa.net\/index.php\/wp-json\/wp\/v2\/posts\/904","targetHints":{"allow":["GET"]}}],"collection":[{"href":"https:\/\/riisa.net\/index.php\/wp-json\/wp\/v2\/posts"}],"about":[{"href":"https:\/\/riisa.net\/index.php\/wp-json\/wp\/v2\/types\/post"}],"author":[{"embeddable":true,"href":"https:\/\/riisa.net\/index.php\/wp-json\/wp\/v2\/users\/2"}],"replies":[{"embeddable":true,"href":"https:\/\/riisa.net\/index.php\/wp-json\/wp\/v2\/comments?post=904"}],"version-history":[{"count":5,"href":"https:\/\/riisa.net\/index.php\/wp-json\/wp\/v2\/posts\/904\/revisions"}],"predecessor-version":[{"id":2219,"href":"https:\/\/riisa.net\/index.php\/wp-json\/wp\/v2\/posts\/904\/revisions\/2219"}],"wp:attachment":[{"href":"https:\/\/riisa.net\/index.php\/wp-json\/wp\/v2\/media?parent=904"}],"wp:term":[{"taxonomy":"category","embeddable":true,"href":"https:\/\/riisa.net\/index.php\/wp-json\/wp\/v2\/categories?post=904"},{"taxonomy":"post_tag","embeddable":true,"href":"https:\/\/riisa.net\/index.php\/wp-json\/wp\/v2\/tags?post=904"}],"curies":[{"name":"wp","href":"https:\/\/api.w.org\/{rel}","templated":true}]}}